

{"id":34475,"date":"2015-04-07T00:02:00","date_gmt":"2015-04-07T03:02:00","guid":{"rendered":"https:\/\/goias.gov.br\/policiacivil\/?p=34475"},"modified":"2015-04-07T00:11:20","modified_gmt":"2015-04-07T03:11:20","slug":"34475","status":"publish","type":"post","link":"https:\/\/goias.gov.br\/policiacivil\/34475\/","title":{"rendered":"GENARC: Fam\u00edlia \u00e9 presa em Catal\u00e3o por tr\u00e1fico de drogas"},"content":{"rendered":"<figure id=\"attachment_34476\" aria-describedby=\"caption-attachment-34476\" style=\"width: 347px\" class=\"wp-caption alignleft\"><a href=\" https:\/\/goias.gov.br\/policiacivil\/wp-content\/uploads\/sites\/71\/sites\/71\/2015\/04\/familia-dayoub.jpg\"><img fetchpriority=\"high\" decoding=\"async\" class=\" wp-image-34476\" alt=\"Fam\u00edlia Dayoub\" src=\" https:\/\/goias.gov.br\/policiacivil\/wp-content\/uploads\/sites\/71\/sites\/71\/2015\/04\/familia-dayoub.jpg\" width=\"347\" height=\"298\" srcset=\"https:\/\/goias.gov.br\/policiacivil\/wp-content\/uploads\/sites\/71\/2015\/04\/familia-dayoub.jpg 620w, https:\/\/goias.gov.br\/policiacivil\/wp-content\/uploads\/sites\/71\/2015\/04\/familia-dayoub-300x258.jpg 300w, https:\/\/goias.gov.br\/policiacivil\/wp-content\/uploads\/sites\/71\/2015\/04\/familia-dayoub-350x300.jpg 350w, https:\/\/goias.gov.br\/policiacivil\/wp-content\/uploads\/sites\/71\/2015\/04\/familia-dayoub-220x189.jpg 220w, https:\/\/goias.gov.br\/policiacivil\/wp-content\/uploads\/sites\/71\/2015\/04\/familia-dayoub-489x420.jpg 489w\" sizes=\"(max-width: 347px) 100vw, 347px\" \/><\/a><figcaption id=\"caption-attachment-34476\" class=\"wp-caption-text\">Jakeline Mikhail Dayoub, Christian Rutchiluw Dayoub e Marly Silva<\/figcaption><\/figure>\n<p style=\"text-align: justify;\">O Grupo Especial de Repress\u00e3o a Narc\u00f3ticos (GENARC) de Catal\u00e3o prendeu, no dia 31 de mar\u00e7o, Jakeline Mikhail Dayoub Rocha, seu filho, Christian Rutchiluw Dayoub Rocha, e sua nora, Marly Silva Ferreira, por tr\u00e1fico de drogas e associa\u00e7\u00e3o ao tr\u00e1fico. A fam\u00edlia, residente no bairro S\u00e3o Jo\u00e3o, vinha sendo investigada pelo GENARC h\u00e1 alguns meses.<\/p>\n<p style=\"text-align: justify;\">Com eles, foram encontrados quase 15 quilos de maconha, balan\u00e7as de precis\u00e3o e dinheiro proveniente do tr\u00e1fico de drogas. Os investigadores apuraram que m\u00e3e, filho e nora vendiam maconha diariamente. De acordo com as investiga\u00e7\u00f5es, a maioria das entregas era realizada por Christian, em seu pr\u00f3prio ve\u00edculo. Ele j\u00e1 havia sido flagrado pelo GENARC e cumprido dois anos de pris\u00e3o.<\/p>\n<p style=\"text-align: justify;\">Os tr\u00eas familiares foram encaminhados para o pres\u00eddio local onde responder\u00e3o pelos crimes de tr\u00e1fico de drogas e associa\u00e7\u00e3o ao tr\u00e1fico. A droga foi encaminhada para Goi\u00e2nia, onde ser\u00e1 destru\u00edda, juntamente com outras apreens\u00f5es. Segundo o delegado Fernando Souza Maciel, o apoio da popula\u00e7\u00e3o, ao realizar den\u00fancias, foi fundamental para a pris\u00e3o. Ele ressalta a import\u00e2ncia da participa\u00e7\u00e3o da comunidade.<\/p>\n","protected":false},"excerpt":{"rendered":"<p>Os tr\u00eas familiares foram encaminhados para o pres\u00eddio local onde responder\u00e3o pelos crimes de tr\u00e1fico de drogas e associa\u00e7\u00e3o ao tr\u00e1fico.<\/p>\n","protected":false},"author":4,"featured_media":34476,"comment_status":"closed","ping_status":"closed","sticky":false,"template":"","format":"standard","meta":{"footnotes":""},"categories":[3196,537],"tags":[99,2218,2881,30,1980],"class_list":["post-34475","post","type-post","status-publish","format-standard","has-post-thumbnail","hentry","category-9a-regional","category-ultimo-segundo","tag-catalao","tag-familia","tag-fernando","tag-genarc","tag-maciel"],"rttpg_featured_image_url":{"full":["https:\/\/goias.gov.br\/policiacivil\/wp-content\/uploads\/sites\/71\/2015\/04\/familia-dayoub.jpg",620,533,false],"landscape":["https:\/\/goias.gov.br\/policiacivil\/wp-content\/uploads\/sites\/71\/2015\/04\/familia-dayoub.jpg",620,533,false],"portraits":["https:\/\/goias.gov.br\/policiacivil\/wp-content\/uploads\/sites\/71\/2015\/04\/familia-dayoub.jpg",620,533,false],"thumbnail":["https:\/\/goias.gov.br\/policiacivil\/wp-content\/uploads\/sites\/71\/2015\/04\/familia-dayoub-150x150.jpg",150,150,true],"medium":["https:\/\/goias.gov.br\/policiacivil\/wp-content\/uploads\/sites\/71\/2015\/04\/familia-dayoub-300x258.jpg",300,258,true],"large":["https:\/\/goias.gov.br\/policiacivil\/wp-content\/uploads\/sites\/71\/2015\/04\/familia-dayoub-350x300.jpg",350,300,true],"1536x1536":["https:\/\/goias.gov.br\/policiacivil\/wp-content\/uploads\/sites\/71\/2015\/04\/familia-dayoub.jpg",620,533,false],"2048x2048":["https:\/\/goias.gov.br\/policiacivil\/wp-content\/uploads\/sites\/71\/2015\/04\/familia-dayoub.jpg",620,533,false]},"rttpg_author":{"display_name":"","author_link":"https:\/\/goias.gov.br\/policiacivil\/author\/"},"rttpg_comment":0,"rttpg_category":"<a href=\"https:\/\/goias.gov.br\/policiacivil\/categoria\/drp\/9a-regional\/\" rel=\"category tag\">9\u00aa Regional<\/a> <a href=\"https:\/\/goias.gov.br\/policiacivil\/categoria\/ultimo-segundo\/\" rel=\"category tag\">\u00daltimo Segundo<\/a>","rttpg_excerpt":"Os tr\u00eas familiares foram encaminhados para o pres\u00eddio local onde responder\u00e3o pelos crimes de tr\u00e1fico de drogas e associa\u00e7\u00e3o ao tr\u00e1fico.","_links":{"self":[{"href":"https:\/\/goias.gov.br\/policiacivil\/wp-json\/wp\/v2\/posts\/34475","targetHints":{"allow":["GET"]}}],"collection":[{"href":"https:\/\/goias.gov.br\/policiacivil\/wp-json\/wp\/v2\/posts"}],"about":[{"href":"https:\/\/goias.gov.br\/policiacivil\/wp-json\/wp\/v2\/types\/post"}],"author":[{"embeddable":true,"href":"https:\/\/goias.gov.br\/policiacivil\/wp-json\/wp\/v2\/users\/4"}],"replies":[{"embeddable":true,"href":"https:\/\/goias.gov.br\/policiacivil\/wp-json\/wp\/v2\/comments?post=34475"}],"version-history":[{"count":0,"href":"https:\/\/goias.gov.br\/policiacivil\/wp-json\/wp\/v2\/posts\/34475\/revisions"}],"wp:featuredmedia":[{"embeddable":true,"href":"https:\/\/goias.gov.br\/policiacivil\/wp-json\/wp\/v2\/media\/34476"}],"wp:attachment":[{"href":"https:\/\/goias.gov.br\/policiacivil\/wp-json\/wp\/v2\/media?parent=34475"}],"wp:term":[{"taxonomy":"category","embeddable":true,"href":"https:\/\/goias.gov.br\/policiacivil\/wp-json\/wp\/v2\/categories?post=34475"},{"taxonomy":"post_tag","embeddable":true,"href":"https:\/\/goias.gov.br\/policiacivil\/wp-json\/wp\/v2\/tags?post=34475"}],"curies":[{"name":"wp","href":"https:\/\/api.w.org\/{rel}","templated":true}]}}