

{"id":34025,"date":"2015-03-13T01:43:09","date_gmt":"2015-03-13T04:43:09","guid":{"rendered":"https:\/\/goias.gov.br\/policiacivil\/?p=34025"},"modified":"2015-03-13T01:43:40","modified_gmt":"2015-03-13T04:43:40","slug":"menor-e-identificado-como-autor-de-morte-em-senador-canedo","status":"publish","type":"post","link":"https:\/\/goias.gov.br\/policiacivil\/menor-e-identificado-como-autor-de-morte-em-senador-canedo\/","title":{"rendered":"Menor \u00e9 identificado como autor de homic\u00eddio em Senador Canedo"},"content":{"rendered":"<p style=\"text-align: justify;\"><a href=\" https:\/\/goias.gov.br\/policiacivil\/wp-content\/uploads\/sites\/71\/sites\/71\/2014\/12\/brasao1.jpg\"><img fetchpriority=\"high\" decoding=\"async\" class=\"alignleft  wp-image-32409\" alt=\"bras\u00e3o1\" src=\" https:\/\/goias.gov.br\/policiacivil\/wp-content\/uploads\/sites\/71\/sites\/71\/2014\/12\/brasao1.jpg\" width=\"311\" height=\"281\" srcset=\"https:\/\/goias.gov.br\/policiacivil\/wp-content\/uploads\/sites\/71\/2014\/12\/brasao1.jpg 433w, https:\/\/goias.gov.br\/policiacivil\/wp-content\/uploads\/sites\/71\/2014\/12\/brasao1-220x198.jpg 220w, https:\/\/goias.gov.br\/policiacivil\/wp-content\/uploads\/sites\/71\/2014\/12\/brasao1-333x300.jpg 333w, https:\/\/goias.gov.br\/policiacivil\/wp-content\/uploads\/sites\/71\/2014\/12\/brasao1-60x54.jpg 60w\" sizes=\"(max-width: 311px) 100vw, 311px\" \/><\/a>A Policia Civil de Senador Canedo, por meio do Grupo de Investiga\u00e7\u00e3o de Homic\u00eddios (GIH), solucionou um crime de homic\u00eddio ocorrido no dia 6 de mar\u00e7o de 2015, que vitimou Jos\u00e9 Carlos Rodrigues Souza, morto a tiros na Pra\u00e7a da Bragata, Setor Uirapuru, naquele munic\u00edpio.<\/p>\n<p style=\"text-align: justify;\">De acordo com as investiga\u00e7\u00f5es, coordenadas pelo delegado Alexandre Alvim, o autor do homic\u00eddio foi o menor E. M.S., de apenas 15 anos de idade. O motivo do crime seria vingan\u00e7a, por uma tentativa de homic\u00eddio que o adolescente havia sofrido, em janeiro passado.<\/p>\n<p style=\"text-align: justify;\">Segundo o delegado, o menor havia planejado o crime contra outro indiv\u00edduo, conhecido por \u201cCandango\u201d, que teria sido o autor da tentativa de homic\u00eddio. No entanto, ao chegar ao local do crime e ver seu desafeto em companhia da v\u00edtima, efetuou os disparos assumindo o risco de atingir ambos, haja vista que tamb\u00e9m possu\u00eda desaven\u00e7as com Jos\u00e9 Carlos.<\/p>\n<p style=\"text-align: justify;\">Ap\u00f3s ser ouvido na delegacia, o menor E.M.S foi apresentado ao Minist\u00e9rio P\u00fablico, para posterior interna\u00e7\u00e3o.<\/p>\n","protected":false},"excerpt":{"rendered":"<p>Segundo o delegado, o menor havia planejado o crime contra outro indiv\u00edduo, conhecido por \u201cCandango\u201d, de quem pretendia se vingar.<\/p>\n","protected":false},"author":4,"featured_media":0,"comment_status":"closed","ping_status":"closed","sticky":false,"template":"","format":"standard","meta":{"footnotes":""},"categories":[3189,537],"tags":[3141,2634,1291,23,28,1241],"class_list":["post-34025","post","type-post","status-publish","format-standard","hentry","category-2a-regional","category-ultimo-segundo","tag-alexandre","tag-alvim","tag-gih","tag-homicidio","tag-menor","tag-senador-canedo"],"rttpg_featured_image_url":null,"rttpg_author":{"display_name":"","author_link":"https:\/\/goias.gov.br\/policiacivil\/author\/"},"rttpg_comment":0,"rttpg_category":"<a href=\"https:\/\/goias.gov.br\/policiacivil\/categoria\/drp\/2a-regional\/\" rel=\"category tag\">2\u00aa Regional<\/a> <a href=\"https:\/\/goias.gov.br\/policiacivil\/categoria\/ultimo-segundo\/\" rel=\"category tag\">\u00daltimo Segundo<\/a>","rttpg_excerpt":"Segundo o delegado, o menor havia planejado o crime contra outro indiv\u00edduo, conhecido por \u201cCandango\u201d, de quem pretendia se vingar.","_links":{"self":[{"href":"https:\/\/goias.gov.br\/policiacivil\/wp-json\/wp\/v2\/posts\/34025","targetHints":{"allow":["GET"]}}],"collection":[{"href":"https:\/\/goias.gov.br\/policiacivil\/wp-json\/wp\/v2\/posts"}],"about":[{"href":"https:\/\/goias.gov.br\/policiacivil\/wp-json\/wp\/v2\/types\/post"}],"author":[{"embeddable":true,"href":"https:\/\/goias.gov.br\/policiacivil\/wp-json\/wp\/v2\/users\/4"}],"replies":[{"embeddable":true,"href":"https:\/\/goias.gov.br\/policiacivil\/wp-json\/wp\/v2\/comments?post=34025"}],"version-history":[{"count":0,"href":"https:\/\/goias.gov.br\/policiacivil\/wp-json\/wp\/v2\/posts\/34025\/revisions"}],"wp:attachment":[{"href":"https:\/\/goias.gov.br\/policiacivil\/wp-json\/wp\/v2\/media?parent=34025"}],"wp:term":[{"taxonomy":"category","embeddable":true,"href":"https:\/\/goias.gov.br\/policiacivil\/wp-json\/wp\/v2\/categories?post=34025"},{"taxonomy":"post_tag","embeddable":true,"href":"https:\/\/goias.gov.br\/policiacivil\/wp-json\/wp\/v2\/tags?post=34025"}],"curies":[{"name":"wp","href":"https:\/\/api.w.org\/{rel}","templated":true}]}}