

{"id":33989,"date":"2015-03-12T01:23:59","date_gmt":"2015-03-12T04:23:59","guid":{"rendered":"https:\/\/goias.gov.br\/policiacivil\/?p=33989"},"modified":"2015-03-12T01:52:04","modified_gmt":"2015-03-12T04:52:04","slug":"suspeito-de-homicidio-e-preso-pela-denarc","status":"publish","type":"post","link":"https:\/\/goias.gov.br\/policiacivil\/suspeito-de-homicidio-e-preso-pela-denarc\/","title":{"rendered":"Suspeito de homic\u00eddio \u00e9 preso pela DENARC"},"content":{"rendered":"<figure id=\"attachment_33990\" aria-describedby=\"caption-attachment-33990\" style=\"width: 110px\" class=\"wp-caption alignleft\"><a href=\" https:\/\/goias.gov.br\/policiacivil\/wp-content\/uploads\/sites\/71\/sites\/71\/2015\/03\/fabio-boi.jpg\"><img decoding=\"async\" class=\"size-full wp-image-33990\" alt=\"fabio boi\" src=\" https:\/\/goias.gov.br\/policiacivil\/wp-content\/uploads\/sites\/71\/sites\/71\/2015\/03\/fabio-boi.jpg\" width=\"110\" height=\"189\" \/><\/a><figcaption id=\"caption-attachment-33990\" class=\"wp-caption-text\">F\u00e1bio Boi<\/figcaption><\/figure>\n<p style=\"text-align: justify;\">A Divis\u00e3o de Capturas da Delegacia Estadual de Repress\u00e3o da Narc\u00f3ticos (DENARC) cumpriu, no dia 4 de mar\u00e7o, mandado de pris\u00e3o expedido pelo Ju\u00edzo da 1\u00aa Vara Criminal de Goi\u00e2nia, em desfavor de F\u00e1bio Aparecido Alves dos Santos, vulgo &#8220;F\u00e1bio Boi&#8221;, de 36 anos. Ele \u00e9 acusado de ter matado, a golpe de faca, Ad\u00e3o Pereira de Jesus, de 49 anos, em 3 de agosto de 2013.<\/p>\n<p style=\"text-align: justify;\">Segundo apurado nas investiga\u00e7\u00f5es, a v\u00edtima e o acusado, juntos com outras pessoas, estavam no interior de uma resid\u00eancia, localizada no Residencial Buena Vista I, em Goi\u00e2nia, ingerindo bebida alco\u00f3lica, quando teve in\u00edcio discuss\u00e3o. F\u00e1bio foi visto com uma faca na m\u00e3o e a roupa suja de sangue. Ad\u00e3o morreu por anemia aguda advinda de politraumatismo tor\u00e1cico por arma branca, segundo laudo cadav\u00e9rico.<\/p>\n<p style=\"text-align: justify;\">Depois da confus\u00e3o, F\u00e1bio n\u00e3o mais foi visto, at\u00e9 a data da pris\u00e3o, quando foi localizado no munic\u00edpio de Hidrol\u00e2ndia. O suspeito morava na cidade h\u00e1 cerca de um ano. F\u00e1bio foi encaminhado \u00e0 carceragem da Delegacia Estadual de Homic\u00eddios (DIH), onde permanece \u00e0 disposi\u00e7\u00e3o do Poder Judici\u00e1rio.<\/p>\n","protected":false},"excerpt":{"rendered":"<p>Depois da confus\u00e3o que motivou o homic\u00eddio, F\u00e1bio n\u00e3o mais foi visto, at\u00e9 a data da pris\u00e3o, quando foi localizado no munic\u00edpio de Hidrol\u00e2ndia.<\/p>\n","protected":false},"author":4,"featured_media":33990,"comment_status":"closed","ping_status":"closed","sticky":false,"template":"","format":"standard","meta":{"footnotes":""},"categories":[537],"tags":[85,736,410,23],"class_list":["post-33989","post","type-post","status-publish","format-standard","has-post-thumbnail","hentry","category-ultimo-segundo","tag-denarc","tag-foragido","tag-hidrolandia","tag-homicidio"],"rttpg_featured_image_url":{"full":["https:\/\/goias.gov.br\/policiacivil\/wp-content\/uploads\/sites\/71\/2015\/03\/fabio-boi.jpg",110,189,false],"landscape":["https:\/\/goias.gov.br\/policiacivil\/wp-content\/uploads\/sites\/71\/2015\/03\/fabio-boi.jpg",110,189,false],"portraits":["https:\/\/goias.gov.br\/policiacivil\/wp-content\/uploads\/sites\/71\/2015\/03\/fabio-boi.jpg",110,189,false],"thumbnail":["https:\/\/goias.gov.br\/policiacivil\/wp-content\/uploads\/sites\/71\/2015\/03\/fabio-boi-110x150.jpg",110,150,true],"medium":["https:\/\/goias.gov.br\/policiacivil\/wp-content\/uploads\/sites\/71\/2015\/03\/fabio-boi.jpg",110,189,false],"large":["https:\/\/goias.gov.br\/policiacivil\/wp-content\/uploads\/sites\/71\/2015\/03\/fabio-boi.jpg",110,189,false],"1536x1536":["https:\/\/goias.gov.br\/policiacivil\/wp-content\/uploads\/sites\/71\/2015\/03\/fabio-boi.jpg",110,189,false],"2048x2048":["https:\/\/goias.gov.br\/policiacivil\/wp-content\/uploads\/sites\/71\/2015\/03\/fabio-boi.jpg",110,189,false]},"rttpg_author":{"display_name":"","author_link":"https:\/\/goias.gov.br\/policiacivil\/author\/"},"rttpg_comment":0,"rttpg_category":"<a href=\"https:\/\/goias.gov.br\/policiacivil\/categoria\/ultimo-segundo\/\" rel=\"category tag\">\u00daltimo Segundo<\/a>","rttpg_excerpt":"Depois da confus\u00e3o que motivou o homic\u00eddio, F\u00e1bio n\u00e3o mais foi visto, at\u00e9 a data da pris\u00e3o, quando foi localizado no munic\u00edpio de Hidrol\u00e2ndia.","_links":{"self":[{"href":"https:\/\/goias.gov.br\/policiacivil\/wp-json\/wp\/v2\/posts\/33989","targetHints":{"allow":["GET"]}}],"collection":[{"href":"https:\/\/goias.gov.br\/policiacivil\/wp-json\/wp\/v2\/posts"}],"about":[{"href":"https:\/\/goias.gov.br\/policiacivil\/wp-json\/wp\/v2\/types\/post"}],"author":[{"embeddable":true,"href":"https:\/\/goias.gov.br\/policiacivil\/wp-json\/wp\/v2\/users\/4"}],"replies":[{"embeddable":true,"href":"https:\/\/goias.gov.br\/policiacivil\/wp-json\/wp\/v2\/comments?post=33989"}],"version-history":[{"count":0,"href":"https:\/\/goias.gov.br\/policiacivil\/wp-json\/wp\/v2\/posts\/33989\/revisions"}],"wp:featuredmedia":[{"embeddable":true,"href":"https:\/\/goias.gov.br\/policiacivil\/wp-json\/wp\/v2\/media\/33990"}],"wp:attachment":[{"href":"https:\/\/goias.gov.br\/policiacivil\/wp-json\/wp\/v2\/media?parent=33989"}],"wp:term":[{"taxonomy":"category","embeddable":true,"href":"https:\/\/goias.gov.br\/policiacivil\/wp-json\/wp\/v2\/categories?post=33989"},{"taxonomy":"post_tag","embeddable":true,"href":"https:\/\/goias.gov.br\/policiacivil\/wp-json\/wp\/v2\/tags?post=33989"}],"curies":[{"name":"wp","href":"https:\/\/api.w.org\/{rel}","templated":true}]}}