

{"id":33464,"date":"2015-02-19T11:51:48","date_gmt":"2015-02-19T13:51:48","guid":{"rendered":"https:\/\/goias.gov.br\/policiacivil\/?p=33464"},"modified":"2015-02-19T11:52:45","modified_gmt":"2015-02-19T13:52:45","slug":"dupla-de-traficantes-e-presa-em-aguas-lindas","status":"publish","type":"post","link":"https:\/\/goias.gov.br\/policiacivil\/dupla-de-traficantes-e-presa-em-aguas-lindas\/","title":{"rendered":"Dupla de traficantes \u00e9 presa em \u00c1guas Lindas"},"content":{"rendered":"<figure id=\"attachment_33465\" aria-describedby=\"caption-attachment-33465\" style=\"width: 345px\" class=\"wp-caption alignleft\"><a href=\" https:\/\/goias.gov.br\/policiacivil\/wp-content\/uploads\/sites\/71\/sites\/71\/2015\/02\/aguas-lindas4.jpg\"><img fetchpriority=\"high\" decoding=\"async\" class=\" wp-image-33465\" alt=\"aguas lindas4\" src=\" https:\/\/goias.gov.br\/policiacivil\/wp-content\/uploads\/sites\/71\/sites\/71\/2015\/02\/aguas-lindas4.jpg\" width=\"345\" height=\"247\" srcset=\"https:\/\/goias.gov.br\/policiacivil\/wp-content\/uploads\/sites\/71\/2015\/02\/aguas-lindas4.jpg 599w, https:\/\/goias.gov.br\/policiacivil\/wp-content\/uploads\/sites\/71\/2015\/02\/aguas-lindas4-300x214.jpg 300w, https:\/\/goias.gov.br\/policiacivil\/wp-content\/uploads\/sites\/71\/2015\/02\/aguas-lindas4-350x250.jpg 350w, https:\/\/goias.gov.br\/policiacivil\/wp-content\/uploads\/sites\/71\/2015\/02\/aguas-lindas4-220x157.jpg 220w, https:\/\/goias.gov.br\/policiacivil\/wp-content\/uploads\/sites\/71\/2015\/02\/aguas-lindas4-588x420.jpg 588w\" sizes=\"(max-width: 345px) 100vw, 345px\" \/><\/a><figcaption id=\"caption-attachment-33465\" class=\"wp-caption-text\">Danilo Wendel e Valdemir Silva<\/figcaption><\/figure>\n<p style=\"text-align: justify;\">Policiais civis do Grupo Especial de Repress\u00e3o a Narc\u00f3ticos (GENARC) e do Grupo de Investiga\u00e7\u00e3o de Homic\u00eddios (GIH) de \u00c1guas Lindas prenderam, no dia 12 de fevereiro, Danilo Wendel de Olivera Castro e Valdemir Silva de Sales, por tr\u00e1fico de drogas. As pris\u00f5es ocorreram durante dilig\u00eancia no bairro Jardim P\u00e9rola II.<\/p>\n<p style=\"text-align: justify;\">De acordo com as investiga\u00e7\u00f5es, ao chegarem em um bar da regi\u00e3o, os policiais notaram que Danilo entrou rapidamente para o interior do estabelecimento, assim que avistou as viaturas policiais. Os agentes decidiram, ent\u00e3o, abordar os presentes. Em buscas no interior do bar, apontado em diversas den\u00fancias como ponto de tr\u00e1fico, os policiais encontraram ind\u00edcios que apontavam para a a\u00e7\u00e3o criminosa.<\/p>\n<p style=\"text-align: justify;\">No local, foi achado um pequeno tubo de pl\u00e1stico contendo 23 por\u00e7\u00f5es de coca\u00edna. Valdemir, que trabalhava no bar, havia negado, anteriormente, que houvesse no local qualquer material il\u00edcito. Em poder de Danilo, ainda foram achadas uma por\u00e7\u00e3o de coca\u00edna e uma por\u00e7\u00e3o de maconha. Ambos foram recolhidos ao Pres\u00eddio de \u00c1guas Lindas de Goi\u00e1s.<\/p>\n","protected":false},"excerpt":{"rendered":"<p>Policiais civis do Grupo Especial de Repress\u00e3o a Narc\u00f3ticos (GENARC) e do Grupo de Investiga\u00e7\u00e3o de Homic\u00eddios (GIH) de \u00c1guas Lindas prenderam Danilo Wendel e Valdemir Silva de Sales.<\/p>\n","protected":false},"author":4,"featured_media":33465,"comment_status":"closed","ping_status":"closed","sticky":false,"template":"","format":"standard","meta":{"footnotes":""},"categories":[3204,537],"tags":[2426,30,1291,12],"class_list":["post-33464","post","type-post","status-publish","format-standard","has-post-thumbnail","hentry","category-17a-regional","category-ultimo-segundo","tag-aguas-lindas","tag-genarc","tag-gih","tag-trafico"],"rttpg_featured_image_url":{"full":["https:\/\/goias.gov.br\/policiacivil\/wp-content\/uploads\/sites\/71\/2015\/02\/aguas-lindas4.jpg",599,428,false],"landscape":["https:\/\/goias.gov.br\/policiacivil\/wp-content\/uploads\/sites\/71\/2015\/02\/aguas-lindas4.jpg",599,428,false],"portraits":["https:\/\/goias.gov.br\/policiacivil\/wp-content\/uploads\/sites\/71\/2015\/02\/aguas-lindas4.jpg",599,428,false],"thumbnail":["https:\/\/goias.gov.br\/policiacivil\/wp-content\/uploads\/sites\/71\/2015\/02\/aguas-lindas4-150x150.jpg",150,150,true],"medium":["https:\/\/goias.gov.br\/policiacivil\/wp-content\/uploads\/sites\/71\/2015\/02\/aguas-lindas4-300x214.jpg",300,214,true],"large":["https:\/\/goias.gov.br\/policiacivil\/wp-content\/uploads\/sites\/71\/2015\/02\/aguas-lindas4-350x250.jpg",350,250,true],"1536x1536":["https:\/\/goias.gov.br\/policiacivil\/wp-content\/uploads\/sites\/71\/2015\/02\/aguas-lindas4.jpg",599,428,false],"2048x2048":["https:\/\/goias.gov.br\/policiacivil\/wp-content\/uploads\/sites\/71\/2015\/02\/aguas-lindas4.jpg",599,428,false]},"rttpg_author":{"display_name":"","author_link":"https:\/\/goias.gov.br\/policiacivil\/author\/"},"rttpg_comment":0,"rttpg_category":"<a href=\"https:\/\/goias.gov.br\/policiacivil\/categoria\/drp\/17a-regional\/\" rel=\"category tag\">17\u00aa Regional<\/a> <a href=\"https:\/\/goias.gov.br\/policiacivil\/categoria\/ultimo-segundo\/\" rel=\"category tag\">\u00daltimo Segundo<\/a>","rttpg_excerpt":"Policiais civis do Grupo Especial de Repress\u00e3o a Narc\u00f3ticos (GENARC) e do Grupo de Investiga\u00e7\u00e3o de Homic\u00eddios (GIH) de \u00c1guas Lindas prenderam Danilo Wendel e Valdemir Silva de Sales.","_links":{"self":[{"href":"https:\/\/goias.gov.br\/policiacivil\/wp-json\/wp\/v2\/posts\/33464","targetHints":{"allow":["GET"]}}],"collection":[{"href":"https:\/\/goias.gov.br\/policiacivil\/wp-json\/wp\/v2\/posts"}],"about":[{"href":"https:\/\/goias.gov.br\/policiacivil\/wp-json\/wp\/v2\/types\/post"}],"author":[{"embeddable":true,"href":"https:\/\/goias.gov.br\/policiacivil\/wp-json\/wp\/v2\/users\/4"}],"replies":[{"embeddable":true,"href":"https:\/\/goias.gov.br\/policiacivil\/wp-json\/wp\/v2\/comments?post=33464"}],"version-history":[{"count":0,"href":"https:\/\/goias.gov.br\/policiacivil\/wp-json\/wp\/v2\/posts\/33464\/revisions"}],"wp:featuredmedia":[{"embeddable":true,"href":"https:\/\/goias.gov.br\/policiacivil\/wp-json\/wp\/v2\/media\/33465"}],"wp:attachment":[{"href":"https:\/\/goias.gov.br\/policiacivil\/wp-json\/wp\/v2\/media?parent=33464"}],"wp:term":[{"taxonomy":"category","embeddable":true,"href":"https:\/\/goias.gov.br\/policiacivil\/wp-json\/wp\/v2\/categories?post=33464"},{"taxonomy":"post_tag","embeddable":true,"href":"https:\/\/goias.gov.br\/policiacivil\/wp-json\/wp\/v2\/tags?post=33464"}],"curies":[{"name":"wp","href":"https:\/\/api.w.org\/{rel}","templated":true}]}}