

{"id":33299,"date":"2015-02-11T09:47:54","date_gmt":"2015-02-11T11:47:54","guid":{"rendered":"https:\/\/goias.gov.br\/policiacivil\/?p=33299"},"modified":"2015-02-11T09:51:20","modified_gmt":"2015-02-11T11:51:20","slug":"deam-de-formosa-prende-acusado-de-estupro-de-vulneravel","status":"publish","type":"post","link":"https:\/\/goias.gov.br\/policiacivil\/deam-de-formosa-prende-acusado-de-estupro-de-vulneravel\/","title":{"rendered":"DEAM de Formosa prende acusado de estupro de vulner\u00e1vel"},"content":{"rendered":"<figure id=\"attachment_33300\" aria-describedby=\"caption-attachment-33300\" style=\"width: 276px\" class=\"wp-caption alignleft\"><a href=\" https:\/\/goias.gov.br\/policiacivil\/wp-content\/uploads\/sites\/71\/sites\/71\/2015\/02\/deam-paulo.jpg\"><img fetchpriority=\"high\" decoding=\"async\" class=\"size-full wp-image-33300\" alt=\"deam paulo\" src=\" https:\/\/goias.gov.br\/policiacivil\/wp-content\/uploads\/sites\/71\/sites\/71\/2015\/02\/deam-paulo.jpg\" width=\"276\" height=\"283\" srcset=\"https:\/\/goias.gov.br\/policiacivil\/wp-content\/uploads\/sites\/71\/2015\/02\/deam-paulo.jpg 276w, https:\/\/goias.gov.br\/policiacivil\/wp-content\/uploads\/sites\/71\/2015\/02\/deam-paulo-195x200.jpg 195w\" sizes=\"(max-width: 276px) 100vw, 276px\" \/><\/a><figcaption id=\"caption-attachment-33300\" class=\"wp-caption-text\">Paulo Izid\u00f3rio Neto<\/figcaption><\/figure>\n<p style=\"text-align: justify;\">Policiais civis da Delegacia Especializada no Atendimento \u00e0 Mulher (DEAM) de Formosa prenderam, no dia 10 de fevereiro, Paulo Izid\u00f3rio Neto, vulgo &#8220;Roberto&#8221;, de 48 anos, acusado de estupro de vulner\u00e1vel contra a v\u00edtima J.M.A.C., de 13 anos. Paulo foi preso em cumprimento a mandado de pris\u00e3o preventiva.<\/p>\n<p style=\"text-align: justify;\">De acordo com as investiga\u00e7\u00f5es, Paulo era vizinho da v\u00edtima, e se aproveitava dos momentos em que a m\u00e3e da menina sa\u00eda para trabalhar, para cometer os abusos sexuais. Para garantir que a v\u00edtima n\u00e3o denunciaria o fato, Paulo fazia amea\u00e7as e dizia que expulsaria a fam\u00edlia da casa em que moravam.<\/p>\n<p style=\"text-align: justify;\">O crime, no entanto, veio \u00e0 tona depois que a adolescente engravidou do abusador. Segundo a delegada Fernanda Martins de Lima, titular da DEAM, as investiga\u00e7\u00f5es duraram tr\u00eas meses.<\/p>\n","protected":false},"excerpt":{"rendered":"<p>Policiais civis da Delegacia Especializada no Atendimento \u00e0 Mulher (DEAM) de Formosa prenderam Paulo Izid\u00f3rio Neto, vulgo &#8220;Roberto&#8221;, de 48 anos, acusado de estupro de vulner\u00e1vel contra v\u00edtima de 13 anos.<\/p>\n","protected":false},"author":4,"featured_media":33300,"comment_status":"closed","ping_status":"closed","sticky":false,"template":"","format":"standard","meta":{"footnotes":""},"categories":[3198,537],"tags":[848,275,3222,98,55,276],"class_list":["post-33299","post","type-post","status-publish","format-standard","has-post-thumbnail","hentry","category-11a-regional","category-ultimo-segundo","tag-deam","tag-estupro","tag-fernanda","tag-formosa","tag-martins","tag-vulneravel"],"rttpg_featured_image_url":{"full":["https:\/\/goias.gov.br\/policiacivil\/wp-content\/uploads\/sites\/71\/2015\/02\/deam-paulo.jpg",276,283,false],"landscape":["https:\/\/goias.gov.br\/policiacivil\/wp-content\/uploads\/sites\/71\/2015\/02\/deam-paulo.jpg",276,283,false],"portraits":["https:\/\/goias.gov.br\/policiacivil\/wp-content\/uploads\/sites\/71\/2015\/02\/deam-paulo.jpg",276,283,false],"thumbnail":["https:\/\/goias.gov.br\/policiacivil\/wp-content\/uploads\/sites\/71\/2015\/02\/deam-paulo-150x150.jpg",150,150,true],"medium":["https:\/\/goias.gov.br\/policiacivil\/wp-content\/uploads\/sites\/71\/2015\/02\/deam-paulo-195x200.jpg",195,200,true],"large":["https:\/\/goias.gov.br\/policiacivil\/wp-content\/uploads\/sites\/71\/2015\/02\/deam-paulo.jpg",276,283,false],"1536x1536":["https:\/\/goias.gov.br\/policiacivil\/wp-content\/uploads\/sites\/71\/2015\/02\/deam-paulo.jpg",276,283,false],"2048x2048":["https:\/\/goias.gov.br\/policiacivil\/wp-content\/uploads\/sites\/71\/2015\/02\/deam-paulo.jpg",276,283,false]},"rttpg_author":{"display_name":"","author_link":"https:\/\/goias.gov.br\/policiacivil\/author\/"},"rttpg_comment":0,"rttpg_category":"<a href=\"https:\/\/goias.gov.br\/policiacivil\/categoria\/drp\/11a-regional\/\" rel=\"category tag\">11\u00aa Regional<\/a> <a href=\"https:\/\/goias.gov.br\/policiacivil\/categoria\/ultimo-segundo\/\" rel=\"category tag\">\u00daltimo Segundo<\/a>","rttpg_excerpt":"Policiais civis da Delegacia Especializada no Atendimento \u00e0 Mulher (DEAM) de Formosa prenderam Paulo Izid\u00f3rio Neto, vulgo \"Roberto\", de 48 anos, acusado de estupro de vulner\u00e1vel contra v\u00edtima de 13 anos.","_links":{"self":[{"href":"https:\/\/goias.gov.br\/policiacivil\/wp-json\/wp\/v2\/posts\/33299","targetHints":{"allow":["GET"]}}],"collection":[{"href":"https:\/\/goias.gov.br\/policiacivil\/wp-json\/wp\/v2\/posts"}],"about":[{"href":"https:\/\/goias.gov.br\/policiacivil\/wp-json\/wp\/v2\/types\/post"}],"author":[{"embeddable":true,"href":"https:\/\/goias.gov.br\/policiacivil\/wp-json\/wp\/v2\/users\/4"}],"replies":[{"embeddable":true,"href":"https:\/\/goias.gov.br\/policiacivil\/wp-json\/wp\/v2\/comments?post=33299"}],"version-history":[{"count":0,"href":"https:\/\/goias.gov.br\/policiacivil\/wp-json\/wp\/v2\/posts\/33299\/revisions"}],"wp:featuredmedia":[{"embeddable":true,"href":"https:\/\/goias.gov.br\/policiacivil\/wp-json\/wp\/v2\/media\/33300"}],"wp:attachment":[{"href":"https:\/\/goias.gov.br\/policiacivil\/wp-json\/wp\/v2\/media?parent=33299"}],"wp:term":[{"taxonomy":"category","embeddable":true,"href":"https:\/\/goias.gov.br\/policiacivil\/wp-json\/wp\/v2\/categories?post=33299"},{"taxonomy":"post_tag","embeddable":true,"href":"https:\/\/goias.gov.br\/policiacivil\/wp-json\/wp\/v2\/tags?post=33299"}],"curies":[{"name":"wp","href":"https:\/\/api.w.org\/{rel}","templated":true}]}}