

{"id":33182,"date":"2015-02-06T09:22:21","date_gmt":"2015-02-06T11:22:21","guid":{"rendered":"https:\/\/goias.gov.br\/policiacivil\/?p=33182"},"modified":"2015-02-06T09:51:58","modified_gmt":"2015-02-06T11:51:58","slug":"foragido-da-justica-e-capturado-em-catalao","status":"publish","type":"post","link":"https:\/\/goias.gov.br\/policiacivil\/foragido-da-justica-e-capturado-em-catalao\/","title":{"rendered":"Foragido da justi\u00e7a \u00e9 capturado em Catal\u00e3o"},"content":{"rendered":"<figure id=\"attachment_33183\" aria-describedby=\"caption-attachment-33183\" style=\"width: 250px\" class=\"wp-caption alignleft\"><a href=\" https:\/\/goias.gov.br\/policiacivil\/wp-content\/uploads\/sites\/71\/sites\/71\/2015\/02\/cristiano.jpg\"><img fetchpriority=\"high\" decoding=\"async\" class=\" wp-image-33183   \" alt=\"cristiano\" src=\" https:\/\/goias.gov.br\/policiacivil\/wp-content\/uploads\/sites\/71\/sites\/71\/2015\/02\/cristiano.jpg\" width=\"250\" height=\"301\" srcset=\"https:\/\/goias.gov.br\/policiacivil\/wp-content\/uploads\/sites\/71\/2015\/02\/cristiano.jpg 620w, https:\/\/goias.gov.br\/policiacivil\/wp-content\/uploads\/sites\/71\/2015\/02\/cristiano-250x300.jpg 250w, https:\/\/goias.gov.br\/policiacivil\/wp-content\/uploads\/sites\/71\/2015\/02\/cristiano-167x200.jpg 167w, https:\/\/goias.gov.br\/policiacivil\/wp-content\/uploads\/sites\/71\/2015\/02\/cristiano-350x420.jpg 350w\" sizes=\"(max-width: 250px) 100vw, 250px\" \/><\/a><figcaption id=\"caption-attachment-33183\" class=\"wp-caption-text\">Cristiano Rodrigues Sady<\/figcaption><\/figure>\n<p style=\"text-align: justify;\">A equipe do 1\u00ba DP de Catal\u00e3o prendeu, no dia 4 de fevereiro de 2015, Cristiano Rodrigues Sady, foragido do sistema prisional goiano h\u00e1 quatro anos e procurado pelas pol\u00edcias dos Estados de Goi\u00e1s, Minas Gerais e tamb\u00e9m do Distrito Federal, onde possu\u00eda mandados de pris\u00e3o em aberto.<\/p>\n<p style=\"text-align: justify;\">De acordo com as investiga\u00e7\u00f5es, Cristiano teria praticado crime de homic\u00eddio doloso em Una\u00ed\/MG, de onde fugiu para Bras\u00edlia. Na capital federal, ele foi preso em flagrante por tr\u00e1fico de drogas. Anos depois, ele foi preso usando moeda falsa em Goi\u00e2nia\/GO. Suas penas somadas totalizam mais de 50 anos de pris\u00e3o.<\/p>\n<p style=\"text-align: justify;\">No momento da abordagem, em Catal\u00e3o, Cristiano apresentou documentos falsos. Por este motivo, ele foi autuado em flagrante delito pelo crime contra a f\u00e9 p\u00fablica. A a\u00e7\u00e3o foi coordenada pelo delegado Vitor Oliveira Magalh\u00e3es.<\/p>\n","protected":false},"excerpt":{"rendered":"<p>A equipe do 1\u00ba DP de Catal\u00e3o prendeu, no dia 4 de fevereiro de 2015, Cristiano Rodrigues Sady, foragido do sistema prisional goiano h\u00e1 quatro anos e procurado em, ao menos, tr\u00eas estados.<\/p>\n","protected":false},"author":4,"featured_media":33183,"comment_status":"closed","ping_status":"closed","sticky":false,"template":"","format":"standard","meta":{"footnotes":""},"categories":[3196,537],"tags":[99,736,3447,726],"class_list":["post-33182","post","type-post","status-publish","format-standard","has-post-thumbnail","hentry","category-9a-regional","category-ultimo-segundo","tag-catalao","tag-foragido","tag-oliveira","tag-vitor"],"rttpg_featured_image_url":{"full":["https:\/\/goias.gov.br\/policiacivil\/wp-content\/uploads\/sites\/71\/2015\/02\/cristiano.jpg",620,744,false],"landscape":["https:\/\/goias.gov.br\/policiacivil\/wp-content\/uploads\/sites\/71\/2015\/02\/cristiano.jpg",620,744,false],"portraits":["https:\/\/goias.gov.br\/policiacivil\/wp-content\/uploads\/sites\/71\/2015\/02\/cristiano.jpg",620,744,false],"thumbnail":["https:\/\/goias.gov.br\/policiacivil\/wp-content\/uploads\/sites\/71\/2015\/02\/cristiano-150x150.jpg",150,150,true],"medium":["https:\/\/goias.gov.br\/policiacivil\/wp-content\/uploads\/sites\/71\/2015\/02\/cristiano-250x300.jpg",250,300,true],"large":["https:\/\/goias.gov.br\/policiacivil\/wp-content\/uploads\/sites\/71\/2015\/02\/cristiano-250x300.jpg",250,300,true],"1536x1536":["https:\/\/goias.gov.br\/policiacivil\/wp-content\/uploads\/sites\/71\/2015\/02\/cristiano.jpg",620,744,false],"2048x2048":["https:\/\/goias.gov.br\/policiacivil\/wp-content\/uploads\/sites\/71\/2015\/02\/cristiano.jpg",620,744,false]},"rttpg_author":{"display_name":"","author_link":"https:\/\/goias.gov.br\/policiacivil\/author\/"},"rttpg_comment":0,"rttpg_category":"<a href=\"https:\/\/goias.gov.br\/policiacivil\/categoria\/drp\/9a-regional\/\" rel=\"category tag\">9\u00aa Regional<\/a> <a href=\"https:\/\/goias.gov.br\/policiacivil\/categoria\/ultimo-segundo\/\" rel=\"category tag\">\u00daltimo Segundo<\/a>","rttpg_excerpt":"A equipe do 1\u00ba DP de Catal\u00e3o prendeu, no dia 4 de fevereiro de 2015, Cristiano Rodrigues Sady, foragido do sistema prisional goiano h\u00e1 quatro anos e procurado em, ao menos, tr\u00eas estados.","_links":{"self":[{"href":"https:\/\/goias.gov.br\/policiacivil\/wp-json\/wp\/v2\/posts\/33182","targetHints":{"allow":["GET"]}}],"collection":[{"href":"https:\/\/goias.gov.br\/policiacivil\/wp-json\/wp\/v2\/posts"}],"about":[{"href":"https:\/\/goias.gov.br\/policiacivil\/wp-json\/wp\/v2\/types\/post"}],"author":[{"embeddable":true,"href":"https:\/\/goias.gov.br\/policiacivil\/wp-json\/wp\/v2\/users\/4"}],"replies":[{"embeddable":true,"href":"https:\/\/goias.gov.br\/policiacivil\/wp-json\/wp\/v2\/comments?post=33182"}],"version-history":[{"count":0,"href":"https:\/\/goias.gov.br\/policiacivil\/wp-json\/wp\/v2\/posts\/33182\/revisions"}],"wp:featuredmedia":[{"embeddable":true,"href":"https:\/\/goias.gov.br\/policiacivil\/wp-json\/wp\/v2\/media\/33183"}],"wp:attachment":[{"href":"https:\/\/goias.gov.br\/policiacivil\/wp-json\/wp\/v2\/media?parent=33182"}],"wp:term":[{"taxonomy":"category","embeddable":true,"href":"https:\/\/goias.gov.br\/policiacivil\/wp-json\/wp\/v2\/categories?post=33182"},{"taxonomy":"post_tag","embeddable":true,"href":"https:\/\/goias.gov.br\/policiacivil\/wp-json\/wp\/v2\/tags?post=33182"}],"curies":[{"name":"wp","href":"https:\/\/api.w.org\/{rel}","templated":true}]}}