

{"id":330,"date":"2011-09-28T13:48:49","date_gmt":"2011-09-28T16:48:49","guid":{"rendered":"http:\/\/teste.policiacivil.go.gov.br\/?p=330"},"modified":"2011-11-09T15:39:48","modified_gmt":"2011-11-09T17:39:48","slug":"o-sono-da-razao","status":"publish","type":"post","link":"https:\/\/goias.gov.br\/policiacivil\/o-sono-da-razao\/","title":{"rendered":"O sono da raz\u00e3o"},"content":{"rendered":"<p style=\"text-align: justify;\"><strong>Edemundo Dias de Oliveira Filho <\/strong><\/p>\n<p style=\"text-align: justify;\">Em grave momento da hist\u00f3ria da It\u00e1lia, em face da criminalidade e da viol\u00eancia incontrol\u00e1veis, e do dom\u00ednio das m\u00e1fias e do crime organizado; e diante da morte quase ingl\u00f3ria do juiz Falcone e de tantos outros moribundos her\u00f3is mortos ou semimortos, o veemente realismo dial\u00e9tico de Bobbio coube como uma luva. Foi o ideal precursor da Opera\u00e7\u00e3o M\u00e3os Limpas, ao afirmar que enquanto o &#8220;Homem de Raz\u00e3o&#8221; tem o dever de ser pessimista (o pessimismo temeroso da intelig\u00eancia), &#8220;o Homem de A\u00e7\u00e3o&#8221; tem a obriga\u00e7\u00e3o de ser otimista (o otimismo esperan\u00e7oso da atitude). Assim como Gramsci &#8211; dos primeiros anos de c\u00e1rcere, ou como o velho pregador existencialista Salom\u00e3o &#8211; no Eclesiastes &#8211; Bobbio viu que o pessimismo, em determinados momentos da hist\u00f3ria de uma na\u00e7\u00e3o ou da vida de um homem, \u00e9 um assombroso dever.<\/p>\n<p style=\"text-align: justify;\">A tentativa de homic\u00eddio de sua professora seguido de suic\u00eddio do menino David Mota, de 10 anos de idade, dentro de uma escola de S\u00e3o Paulo, bem como a execu\u00e7\u00e3o da ju\u00edza Patr\u00edcia Acioli no Rio de Janeiro, semanas antes, talvez sejam as trag\u00e9dias mais significativas dos \u00faltimos dias, at\u00e9 que outras as superem, do mesmo modo como essas duas superaram as anteriores na roda-viva da visibilidade moment\u00e2nea do espet\u00e1culo de sangue e de morte.<\/p>\n<p style=\"text-align: justify;\">A crian\u00e7a David \u00e9 o mais flagrante parto &#8211; dessa imensa f\u00e1brica de loucos &#8211; vomitado dos lares, das igrejas, das empresas, das pra\u00e7as, das sarjetas e das escolas do mundo moderno. Das escolas, em especial, porque estas deixaram de ser o local universal da plena sabedoria, do bom testemunho e da altaneira liberdade, para se transformarem em um lugar onde a c\u00e1tedra \u00e9 da injusti\u00e7a, do \u00f3dio e da opress\u00e3o.<\/p>\n<p style=\"text-align: justify;\">A ju\u00edza Patr\u00edcia, em sua morte, \u00e9 o espelho da inefici\u00eancia do Estado que ela t\u00e3o bem representava, quando em vida. Revela, sobretudo, a intensidade, a frieza, a efic\u00e1cia e o poder de coer\u00e7\u00e3o com os quais as m\u00e1fias brasileiras afrontam a pr\u00f3pria soberania dos poderes legalmente constitu\u00eddos, sob a confort\u00e1vel esteira da impunidade.<\/p>\n<p style=\"text-align: justify;\">Neste contexto, urge despertar do sono da raz\u00e3o, para afirmar, sem constrangimento, que se pensamos temos medo, e se nos abandonamos ao sonho, talvez podemos ainda esperar um pouquinho. Mas, ao refletir sobre o Brasil e sobre o mau uso com que os governantes fazem do seu poder, e os cidad\u00e3os comuns de sua liberdade, temos o dever de sermos pessimistas. De boa vontade podemos deixar para os fan\u00e1ticos, ou seja, para aqueles que amam a cat\u00e1strofe, ou para os imprudentes, ou seja, aqueles que confiam no acaso, o prazer de serem otimistas.<\/p>\n<p style=\"text-align: justify;\">Retomo finalmente as li\u00e7\u00f5es do mestre Bobbio, para concluir: &#8220;O pessimismo hoje, seja-me permitida mais essa express\u00e3o impol\u00edtica, \u00e9 um dever civil. Um dever civil porque s\u00f3 um pessimismo radical da raz\u00e3o pode despertar com uma sacudidela aqueles que, de um lado ou de outro, mostram que ainda n\u00e3o se deram conta de que o sono da raz\u00e3o gera monstros&#8221;.<\/p>\n<p style=\"text-align: justify;\"><strong>Edemundo Dias de Oliveira Filho \u00e9 delegado-geral da Pol\u00edcia Civil de Goi\u00e1s, presidente do Conselho Nacional dos Chefes de Pol\u00edcia do Brasil, pastor e escritor<\/strong><\/p>\n","protected":false},"excerpt":{"rendered":"<p>Edemundo Dias de Oliveira Filho \u2013 Delegado de Pol\u00edcia<\/p>\n","protected":false},"author":4,"featured_media":0,"comment_status":"open","ping_status":"closed","sticky":false,"template":"","format":"standard","meta":{"footnotes":""},"categories":[29],"tags":[197,195,196],"class_list":["post-330","post","type-post","status-publish","format-standard","hentry","category-artigos","tag-artigos-2","tag-o-sono","tag-razao"],"rttpg_featured_image_url":null,"rttpg_author":{"display_name":"","author_link":"https:\/\/goias.gov.br\/policiacivil\/author\/"},"rttpg_comment":0,"rttpg_category":"<a href=\"https:\/\/goias.gov.br\/policiacivil\/categoria\/artigos\/\" rel=\"category tag\">Artigos<\/a>","rttpg_excerpt":"Edemundo Dias de Oliveira Filho \u2013 Delegado de Pol\u00edcia","_links":{"self":[{"href":"https:\/\/goias.gov.br\/policiacivil\/wp-json\/wp\/v2\/posts\/330","targetHints":{"allow":["GET"]}}],"collection":[{"href":"https:\/\/goias.gov.br\/policiacivil\/wp-json\/wp\/v2\/posts"}],"about":[{"href":"https:\/\/goias.gov.br\/policiacivil\/wp-json\/wp\/v2\/types\/post"}],"author":[{"embeddable":true,"href":"https:\/\/goias.gov.br\/policiacivil\/wp-json\/wp\/v2\/users\/4"}],"replies":[{"embeddable":true,"href":"https:\/\/goias.gov.br\/policiacivil\/wp-json\/wp\/v2\/comments?post=330"}],"version-history":[{"count":0,"href":"https:\/\/goias.gov.br\/policiacivil\/wp-json\/wp\/v2\/posts\/330\/revisions"}],"wp:attachment":[{"href":"https:\/\/goias.gov.br\/policiacivil\/wp-json\/wp\/v2\/media?parent=330"}],"wp:term":[{"taxonomy":"category","embeddable":true,"href":"https:\/\/goias.gov.br\/policiacivil\/wp-json\/wp\/v2\/categories?post=330"},{"taxonomy":"post_tag","embeddable":true,"href":"https:\/\/goias.gov.br\/policiacivil\/wp-json\/wp\/v2\/tags?post=330"}],"curies":[{"name":"wp","href":"https:\/\/api.w.org\/{rel}","templated":true}]}}