

{"id":32170,"date":"2014-12-11T08:48:46","date_gmt":"2014-12-11T10:48:46","guid":{"rendered":"https:\/\/goias.gov.br\/policiacivil\/?p=32170"},"modified":"2014-12-11T09:12:28","modified_gmt":"2014-12-11T11:12:28","slug":"homem-e-preso-por-contrabando-de-cigarros-em-luziania","status":"publish","type":"post","link":"https:\/\/goias.gov.br\/policiacivil\/homem-e-preso-por-contrabando-de-cigarros-em-luziania\/","title":{"rendered":"Homem \u00e9 preso por contrabando de cigarros em Luzi\u00e2nia"},"content":{"rendered":"<p style=\"text-align: justify;\"><a href=\" https:\/\/goias.gov.br\/policiacivil\/wp-content\/uploads\/sites\/71\/sites\/71\/2014\/12\/jose-tarcisio.jpg\"><img fetchpriority=\"high\" decoding=\"async\" class=\"alignleft size-full wp-image-32171\" alt=\"jos\u00e9 tarc\u00edsio\" src=\" https:\/\/goias.gov.br\/policiacivil\/wp-content\/uploads\/sites\/71\/sites\/71\/2014\/12\/jose-tarcisio.jpg\" width=\"276\" height=\"359\" srcset=\"https:\/\/goias.gov.br\/policiacivil\/wp-content\/uploads\/sites\/71\/2014\/12\/jose-tarcisio.jpg 276w, https:\/\/goias.gov.br\/policiacivil\/wp-content\/uploads\/sites\/71\/2014\/12\/jose-tarcisio-231x300.jpg 231w, https:\/\/goias.gov.br\/policiacivil\/wp-content\/uploads\/sites\/71\/2014\/12\/jose-tarcisio-154x200.jpg 154w\" sizes=\"(max-width: 276px) 100vw, 276px\" \/><\/a>Os agentes de pol\u00edcia Rafael Medeiros da Concei\u00e7\u00e3o e Rodrigo Sousa Martins, da 1\u00aa Delegacia Distrital de Pol\u00edcia de Luzi\u00e2nia, prenderam em flagrante, no dia 9 de dezembro, Jos\u00e9 Tarcisio Teixeira (na foto), de 55 anos, pela pr\u00e1tica do crime de contrabando.<\/p>\n<p style=\"text-align: justify;\">Os policiais chegaram ao suspeito por meio de den\u00fancia an\u00f4nima, segundo a qual havia um carregamento de cigarros importados do Paraguai em uma resid\u00eancia situada no Parque JK, pr\u00f3ximo \u00e0 C\u00faria, em Luzi\u00e2nia. Pelas informa\u00e7\u00f5es, o produto seria retirado do local e vendido em outro lugar.<\/p>\n<p style=\"text-align: justify;\">Ao chegarem ao local, os policiais constataram que o suspeito mantinha em sua resid\u00eancia, com o fim de comercializa\u00e7\u00e3o, 149 caixas de cigarros de diversas marcas, importadas do Paraguai. Algumas das caixas j\u00e1 estavam abertas e individualizadas, como se parte do material j\u00e1 houvesse sido repassada a algu\u00e9m, o que refor\u00e7ou\u00a0a den\u00fancia de que o suspeito comercializava os cigarros em sua casa.<\/p>\n<p style=\"text-align: justify;\">As marcas de cigarros apreendidas n\u00e3o possuem autoriza\u00e7\u00e3o da ANVISA para venda no Pa\u00eds. A carga est\u00e1 avaliada em mais de R$ 100 mil.<\/p>\n","protected":false},"excerpt":{"rendered":"<p>Os agentes de pol\u00edcia Rafael Medeiros da Concei\u00e7\u00e3o e Rodrigo Sousa Martins, da 1\u00aa Delegacia Distrital de Pol\u00edcia de Luzi\u00e2nia, prenderam em flagrante, no dia 9 de dezembro, Jos\u00e9 Tarcisio Teixeira (na foto), de 55 anos, pela pr\u00e1tica do crime de contrabando. Os policiais chegaram ao suspeito por meio de den\u00fancia an\u00f4nima, segundo a qual [&hellip;]<\/p>\n","protected":false},"author":4,"featured_media":32171,"comment_status":"closed","ping_status":"closed","sticky":false,"template":"","format":"standard","meta":{"footnotes":""},"categories":[3192,537],"tags":[316,1476,950],"class_list":["post-32170","post","type-post","status-publish","format-standard","has-post-thumbnail","hentry","category-5a-regional","category-ultimo-segundo","tag-cigarro","tag-contrabando","tag-luziania"],"rttpg_featured_image_url":{"full":["https:\/\/goias.gov.br\/policiacivil\/wp-content\/uploads\/sites\/71\/2014\/12\/jose-tarcisio.jpg",276,359,false],"landscape":["https:\/\/goias.gov.br\/policiacivil\/wp-content\/uploads\/sites\/71\/2014\/12\/jose-tarcisio.jpg",276,359,false],"portraits":["https:\/\/goias.gov.br\/policiacivil\/wp-content\/uploads\/sites\/71\/2014\/12\/jose-tarcisio.jpg",276,359,false],"thumbnail":["https:\/\/goias.gov.br\/policiacivil\/wp-content\/uploads\/sites\/71\/2014\/12\/jose-tarcisio-150x150.jpg",150,150,true],"medium":["https:\/\/goias.gov.br\/policiacivil\/wp-content\/uploads\/sites\/71\/2014\/12\/jose-tarcisio-231x300.jpg",231,300,true],"large":["https:\/\/goias.gov.br\/policiacivil\/wp-content\/uploads\/sites\/71\/2014\/12\/jose-tarcisio-231x300.jpg",231,300,true],"1536x1536":["https:\/\/goias.gov.br\/policiacivil\/wp-content\/uploads\/sites\/71\/2014\/12\/jose-tarcisio.jpg",276,359,false],"2048x2048":["https:\/\/goias.gov.br\/policiacivil\/wp-content\/uploads\/sites\/71\/2014\/12\/jose-tarcisio.jpg",276,359,false]},"rttpg_author":{"display_name":"","author_link":"https:\/\/goias.gov.br\/policiacivil\/author\/"},"rttpg_comment":0,"rttpg_category":"<a href=\"https:\/\/goias.gov.br\/policiacivil\/categoria\/drp\/5a-regional\/\" rel=\"category tag\">5\u00aa Regional<\/a> <a href=\"https:\/\/goias.gov.br\/policiacivil\/categoria\/ultimo-segundo\/\" rel=\"category tag\">\u00daltimo Segundo<\/a>","rttpg_excerpt":"Os agentes de pol\u00edcia Rafael Medeiros da Concei\u00e7\u00e3o e Rodrigo Sousa Martins, da 1\u00aa Delegacia Distrital de Pol\u00edcia de Luzi\u00e2nia, prenderam em flagrante, no dia 9 de dezembro, Jos\u00e9 Tarcisio Teixeira (na foto), de 55 anos, pela pr\u00e1tica do crime de contrabando. Os policiais chegaram ao suspeito por meio de den\u00fancia an\u00f4nima, segundo a qual&hellip;","_links":{"self":[{"href":"https:\/\/goias.gov.br\/policiacivil\/wp-json\/wp\/v2\/posts\/32170","targetHints":{"allow":["GET"]}}],"collection":[{"href":"https:\/\/goias.gov.br\/policiacivil\/wp-json\/wp\/v2\/posts"}],"about":[{"href":"https:\/\/goias.gov.br\/policiacivil\/wp-json\/wp\/v2\/types\/post"}],"author":[{"embeddable":true,"href":"https:\/\/goias.gov.br\/policiacivil\/wp-json\/wp\/v2\/users\/4"}],"replies":[{"embeddable":true,"href":"https:\/\/goias.gov.br\/policiacivil\/wp-json\/wp\/v2\/comments?post=32170"}],"version-history":[{"count":0,"href":"https:\/\/goias.gov.br\/policiacivil\/wp-json\/wp\/v2\/posts\/32170\/revisions"}],"wp:featuredmedia":[{"embeddable":true,"href":"https:\/\/goias.gov.br\/policiacivil\/wp-json\/wp\/v2\/media\/32171"}],"wp:attachment":[{"href":"https:\/\/goias.gov.br\/policiacivil\/wp-json\/wp\/v2\/media?parent=32170"}],"wp:term":[{"taxonomy":"category","embeddable":true,"href":"https:\/\/goias.gov.br\/policiacivil\/wp-json\/wp\/v2\/categories?post=32170"},{"taxonomy":"post_tag","embeddable":true,"href":"https:\/\/goias.gov.br\/policiacivil\/wp-json\/wp\/v2\/tags?post=32170"}],"curies":[{"name":"wp","href":"https:\/\/api.w.org\/{rel}","templated":true}]}}