

{"id":29945,"date":"2014-08-25T16:29:35","date_gmt":"2014-08-25T19:29:35","guid":{"rendered":"https:\/\/goias.gov.br\/policiacivil\/?p=29945"},"modified":"2014-08-25T16:30:44","modified_gmt":"2014-08-25T19:30:44","slug":"violencia-obstetrica","status":"publish","type":"post","link":"https:\/\/goias.gov.br\/policiacivil\/violencia-obstetrica\/","title":{"rendered":"Viol\u00eancia obst\u00e9trica"},"content":{"rendered":"<figure id=\"attachment_29946\" aria-describedby=\"caption-attachment-29946\" style=\"width: 200px\" class=\"wp-caption alignleft\"><a href=\" https:\/\/goias.gov.br\/policiacivil\/wp-content\/uploads\/sites\/71\/sites\/71\/2014\/08\/jesseir-1.jpg\"><img decoding=\"async\" class=\"size-full wp-image-29946\" alt=\"Jesseir Coelho de Alc\u00e2ntara\" src=\" https:\/\/goias.gov.br\/policiacivil\/wp-content\/uploads\/sites\/71\/sites\/71\/2014\/08\/jesseir-1.jpg\" width=\"200\" height=\"220\" srcset=\"https:\/\/goias.gov.br\/policiacivil\/wp-content\/uploads\/sites\/71\/2014\/08\/jesseir-1.jpg 200w, https:\/\/goias.gov.br\/policiacivil\/wp-content\/uploads\/sites\/71\/2014\/08\/jesseir-1-182x200.jpg 182w\" sizes=\"(max-width: 200px) 100vw, 200px\" \/><\/a><figcaption id=\"caption-attachment-29946\" class=\"wp-caption-text\"><strong>Jesseir Coelho de Alc\u00e2ntara<\/strong><\/figcaption><\/figure>\n<p><strong>\u00a0\u00a0\u00a0\u00a0\u00a0\u00a0\u00a0\u00a0\u00a0\u00a0\u00a0 Viol\u00eancia obst\u00e9trica<\/strong><\/p>\n<p style=\"text-align: justify;\"><strong>A viol\u00eancia obst\u00e9trica existe e caracteriza-se pela apropria\u00e7\u00e3o do corpo e processos reprodutivos das mulheres pelos profissionais de sa\u00fade, atrav\u00e9s do tratamento desumanizado, abuso da medica\u00e7\u00e3o e patologiza\u00e7\u00e3o dos processos naturais, causando a perda da autonomia e capacidade de decidir livremente sobre seus corpos e sexualidade, impactando negativamente na qualidade de vida das mulheres.<\/strong><\/p>\n<p style=\"text-align: justify;\"><strong>Muitas delas peregrinam por hospitais em busca de um leito, tem impedimento para entrada de um acompanhante no parto (muitas vezes essas mulheres est\u00e3o sozinhas, pois s\u00e3o impedidas de ter um acompanhante, o que fere a Lei Federal n\u00ba 11.108\/2005, a RDC 36\/2008 da ANVISA, as RNs 211 e 262 da Ag\u00eancia Nacional de Sa\u00fade e o Estatuto da Crian\u00e7a e do Adolescente, no caso das adolescentes gr\u00e1vidas), sofrem interven\u00e7\u00f5es m\u00e9dicas desnecess\u00e1rias, cesariana sem indica\u00e7\u00e3o cl\u00ednica, aleitamento materno desnecess\u00e1rio, etc.<\/strong><\/p>\n<p style=\"text-align: justify;\"><strong>Os tipos mais comuns de viol\u00eancia, segundo estudos, s\u00e3o gritos, procedimentos dolorosos sem consentimento ou informa\u00e7\u00e3o, falta de analgesia e at\u00e9 neglig\u00eancia. S\u00e3o situa\u00e7\u00f5es que configuram viola\u00e7\u00e3o \u00e0 autonomia das mulheres e ao direito sexual e reprodutivo assegurado pela Constitui\u00e7\u00e3o Federal.<\/strong><\/p>\n<p style=\"text-align: justify;\"><strong>Uma em cada quatro mulheres brasileiras j\u00e1 foi v\u00edtima de viol\u00eancia obst\u00e9trica. \u00c9 o que constatou a pesquisa \u201cMulheres brasileiras e g\u00eanero nos espa\u00e7os p\u00fablico e privado\u201d, realizada pela Funda\u00e7\u00e3o Perseu Abramo, em 2010.<\/strong><\/p>\n<p style=\"text-align: justify;\"><strong>No Brasil a viol\u00eancia obst\u00e9trica n\u00e3o \u00e9 crime, a princ\u00edpio, a n\u00e3o ser que se configure na a\u00e7\u00e3o do agente algum outro tipo estabelecido pelo C\u00f3digo Penal. Na Argentina e na Venezuela, \u00e9 considerada como um crime contra as mulheres, e como tal deve ser prevenido, punido e erradicado. Criminalizar essa quest\u00e3o, \u00e0s vezes, n\u00e3o \u00e9 a melhor solu\u00e7\u00e3o.<\/strong><\/p>\n<p style=\"text-align: justify;\"><strong>Existe a possibilidade da propositura de uma eventual a\u00e7\u00e3o de indeniza\u00e7\u00e3o na esfera c\u00edvel contra o profissional ou institui\u00e7\u00e3o de sa\u00fade que incorreu na falha. Cabe a mulher analisar se foi v\u00edtima de viol\u00eancia obst\u00e9trica e, se assim entender, buscar as medidas judiciais.<\/strong><\/p>\n<p style=\"text-align: justify;\"><strong>Na realidade, a grande dificuldade do tema \u00e9 a quest\u00e3o da judicializa\u00e7\u00e3o. Ainda n\u00e3o existe um hist\u00f3rico na Justi\u00e7a sobre esses casos. Falta jurisprud\u00eancia.<\/strong><\/p>\n<p style=\"text-align: justify;\"><strong>Os efeitos da viol\u00eancia obst\u00e9trica s\u00e3o s\u00e9rios e podem causar depress\u00e3o, dificuldade para cuidar do rec\u00e9m-nascido e tamb\u00e9m problemas na sexualidade da mulher, dentre muitos outros.<\/strong><\/p>\n<p style=\"text-align: justify;\"><strong>O meu objetivo neste artigo \u00e9 dar mais visibilidade ao tema da viol\u00eancia obst\u00e9trica e de desnaturalizar as infra\u00e7\u00f5es aos direitos das mulheres, cometidas pelos profissionais de sa\u00fade, que muitas vezes passam desapercebidas. Com ele, simbolizo o coro de milhares de brasileiras que vivem desrespeitos aos seus direitos reprodutivos cotidianamente em um processo tornado banal e rotineiro.<\/strong><\/p>\n<p><strong>Jesseir Coelho de Alc\u00e2ntara \u00e9 Juiz de Direito e Professor<\/strong><\/p>\n","protected":false},"excerpt":{"rendered":"<p>Jesseir Coelho de Alc\u00e2ntara  \u00e9 Juiz de Direito<\/p>\n","protected":false},"author":4,"featured_media":29946,"comment_status":"closed","ping_status":"closed","sticky":false,"template":"","format":"standard","meta":{"footnotes":""},"categories":[29],"tags":[604,1139,3437,183],"class_list":["post-29945","post","type-post","status-publish","format-standard","has-post-thumbnail","hentry","category-artigos","tag-corpo","tag-jesseir","tag-obstetrica","tag-violencia"],"rttpg_featured_image_url":{"full":["https:\/\/goias.gov.br\/policiacivil\/wp-content\/uploads\/sites\/71\/2014\/08\/jesseir-1.jpg",200,220,false],"landscape":["https:\/\/goias.gov.br\/policiacivil\/wp-content\/uploads\/sites\/71\/2014\/08\/jesseir-1.jpg",200,220,false],"portraits":["https:\/\/goias.gov.br\/policiacivil\/wp-content\/uploads\/sites\/71\/2014\/08\/jesseir-1.jpg",200,220,false],"thumbnail":["https:\/\/goias.gov.br\/policiacivil\/wp-content\/uploads\/sites\/71\/2014\/08\/jesseir-1-150x150.jpg",150,150,true],"medium":["https:\/\/goias.gov.br\/policiacivil\/wp-content\/uploads\/sites\/71\/2014\/08\/jesseir-1-182x200.jpg",182,200,true],"large":["https:\/\/goias.gov.br\/policiacivil\/wp-content\/uploads\/sites\/71\/2014\/08\/jesseir-1.jpg",200,220,false],"1536x1536":["https:\/\/goias.gov.br\/policiacivil\/wp-content\/uploads\/sites\/71\/2014\/08\/jesseir-1.jpg",200,220,false],"2048x2048":["https:\/\/goias.gov.br\/policiacivil\/wp-content\/uploads\/sites\/71\/2014\/08\/jesseir-1.jpg",200,220,false]},"rttpg_author":{"display_name":"","author_link":"https:\/\/goias.gov.br\/policiacivil\/author\/"},"rttpg_comment":0,"rttpg_category":"<a href=\"https:\/\/goias.gov.br\/policiacivil\/categoria\/artigos\/\" rel=\"category tag\">Artigos<\/a>","rttpg_excerpt":"Jesseir Coelho de Alc\u00e2ntara \u00e9 Juiz de Direito","_links":{"self":[{"href":"https:\/\/goias.gov.br\/policiacivil\/wp-json\/wp\/v2\/posts\/29945","targetHints":{"allow":["GET"]}}],"collection":[{"href":"https:\/\/goias.gov.br\/policiacivil\/wp-json\/wp\/v2\/posts"}],"about":[{"href":"https:\/\/goias.gov.br\/policiacivil\/wp-json\/wp\/v2\/types\/post"}],"author":[{"embeddable":true,"href":"https:\/\/goias.gov.br\/policiacivil\/wp-json\/wp\/v2\/users\/4"}],"replies":[{"embeddable":true,"href":"https:\/\/goias.gov.br\/policiacivil\/wp-json\/wp\/v2\/comments?post=29945"}],"version-history":[{"count":0,"href":"https:\/\/goias.gov.br\/policiacivil\/wp-json\/wp\/v2\/posts\/29945\/revisions"}],"wp:featuredmedia":[{"embeddable":true,"href":"https:\/\/goias.gov.br\/policiacivil\/wp-json\/wp\/v2\/media\/29946"}],"wp:attachment":[{"href":"https:\/\/goias.gov.br\/policiacivil\/wp-json\/wp\/v2\/media?parent=29945"}],"wp:term":[{"taxonomy":"category","embeddable":true,"href":"https:\/\/goias.gov.br\/policiacivil\/wp-json\/wp\/v2\/categories?post=29945"},{"taxonomy":"post_tag","embeddable":true,"href":"https:\/\/goias.gov.br\/policiacivil\/wp-json\/wp\/v2\/tags?post=29945"}],"curies":[{"name":"wp","href":"https:\/\/api.w.org\/{rel}","templated":true}]}}