

{"id":29910,"date":"2014-08-25T08:56:05","date_gmt":"2014-08-25T11:56:05","guid":{"rendered":"https:\/\/goias.gov.br\/policiacivil\/?p=29910"},"modified":"2014-08-25T09:07:06","modified_gmt":"2014-08-25T12:07:06","slug":"apos-seis-meses-de-investigacao-traficante-e-preso-em-pontalina","status":"publish","type":"post","link":"https:\/\/goias.gov.br\/policiacivil\/apos-seis-meses-de-investigacao-traficante-e-preso-em-pontalina\/","title":{"rendered":"Ap\u00f3s seis meses de investiga\u00e7\u00f5es, traficante \u00e9 preso em Pontalina"},"content":{"rendered":"<figure id=\"attachment_29911\" aria-describedby=\"caption-attachment-29911\" style=\"width: 283px\" class=\"wp-caption alignleft\"><a href=\" https:\/\/goias.gov.br\/policiacivil\/wp-content\/uploads\/sites\/71\/sites\/71\/2014\/08\/zezinho.jpg\"><img fetchpriority=\"high\" decoding=\"async\" class=\" wp-image-29911\" alt=\"zezinho\" src=\" https:\/\/goias.gov.br\/policiacivil\/wp-content\/uploads\/sites\/71\/sites\/71\/2014\/08\/zezinho.jpg\" width=\"283\" height=\"329\" srcset=\"https:\/\/goias.gov.br\/policiacivil\/wp-content\/uploads\/sites\/71\/2014\/08\/zezinho.jpg 314w, https:\/\/goias.gov.br\/policiacivil\/wp-content\/uploads\/sites\/71\/2014\/08\/zezinho-257x300.jpg 257w, https:\/\/goias.gov.br\/policiacivil\/wp-content\/uploads\/sites\/71\/2014\/08\/zezinho-172x200.jpg 172w\" sizes=\"(max-width: 283px) 100vw, 283px\" \/><\/a><figcaption id=\"caption-attachment-29911\" class=\"wp-caption-text\">Zezinho j\u00e1 havia sido preso em 2012<\/figcaption><\/figure>\n<p style=\"text-align: justify;\"><span style=\"color: #ff0000;\">Traficante de drogas \u00e9 preso em Pontalina<\/span> &#8211; Policiais civis de Pontalina, no sul do Estado, prenderam, no dia 22 de agosto, em cumprimento de mandado de pris\u00e3o preventiva, Jos\u00e9 Silveira Santos J\u00fanior, conhecido como &#8220;Zezinho&#8221;, de 25 anos. O suspeito, que j\u00e1 havia sido preso por tr\u00e1fico de drogas em 2012, vinha sendo investigado h\u00e1 seis meses.<\/p>\n<p style=\"text-align: justify;\">Segundo o delegado Patrick Carniel, em abril deste ano, o adolescente J.C.F.S., de 17 anos, foi apreendido com meio quilo de coca\u00edna e 350 gramas de maconha. Ap\u00f3s a apreens\u00e3o da droga, ficou constatado que a mesma pertencia a Zezinho, que fugiu e conseguiu escapar da pris\u00e3o em flagrante.<\/p>\n<p style=\"text-align: justify;\">Logo ap\u00f3s o fato, o delegado representou ao Poder Judici\u00e1rio pela pris\u00e3o preventiva. As investiga\u00e7\u00f5es prosseguiram ap\u00f3s o pedido ser atendido pela Justi\u00e7a. O cumprimento do mandado aconteceu quando Zezinho chegava em Goi\u00e2nia. Ele foi levado \u00e0 Cadeia P\u00fablica de Pontalina e responder\u00e1 a inqu\u00e9rito policial por crimes de tr\u00e1fico de drogas e associa\u00e7\u00e3o para o tr\u00e1fico.<\/p>\n","protected":false},"excerpt":{"rendered":"<p>Traficante de drogas \u00e9 preso em Pontalina &#8211; Policiais civis de Pontalina, no sul do Estado, prenderam, no dia 22 de agosto, em cumprimento de mandado de pris\u00e3o preventiva, Jos\u00e9 Silveira Santos J\u00fanior, conhecido como &#8220;Zezinho&#8221;, de 25 anos. O suspeito, que j\u00e1 havia sido preso por tr\u00e1fico de drogas em 2012, vinha sendo investigado [&hellip;]<\/p>\n","protected":false},"author":4,"featured_media":29911,"comment_status":"closed","ping_status":"closed","sticky":false,"template":"","format":"standard","meta":{"footnotes":""},"categories":[3193,537],"tags":[3084,2828,670,12],"class_list":["post-29910","post","type-post","status-publish","format-standard","has-post-thumbnail","hentry","category-6a-regional","category-ultimo-segundo","tag-carniel","tag-patrick","tag-pontalina","tag-trafico"],"rttpg_featured_image_url":{"full":["https:\/\/goias.gov.br\/policiacivil\/wp-content\/uploads\/sites\/71\/2014\/08\/zezinho.jpg",314,366,false],"landscape":["https:\/\/goias.gov.br\/policiacivil\/wp-content\/uploads\/sites\/71\/2014\/08\/zezinho.jpg",314,366,false],"portraits":["https:\/\/goias.gov.br\/policiacivil\/wp-content\/uploads\/sites\/71\/2014\/08\/zezinho.jpg",314,366,false],"thumbnail":["https:\/\/goias.gov.br\/policiacivil\/wp-content\/uploads\/sites\/71\/2014\/08\/zezinho-150x150.jpg",150,150,true],"medium":["https:\/\/goias.gov.br\/policiacivil\/wp-content\/uploads\/sites\/71\/2014\/08\/zezinho-257x300.jpg",257,300,true],"large":["https:\/\/goias.gov.br\/policiacivil\/wp-content\/uploads\/sites\/71\/2014\/08\/zezinho-257x300.jpg",257,300,true],"1536x1536":["https:\/\/goias.gov.br\/policiacivil\/wp-content\/uploads\/sites\/71\/2014\/08\/zezinho.jpg",314,366,false],"2048x2048":["https:\/\/goias.gov.br\/policiacivil\/wp-content\/uploads\/sites\/71\/2014\/08\/zezinho.jpg",314,366,false]},"rttpg_author":{"display_name":"","author_link":"https:\/\/goias.gov.br\/policiacivil\/author\/"},"rttpg_comment":0,"rttpg_category":"<a href=\"https:\/\/goias.gov.br\/policiacivil\/categoria\/drp\/6a-regional\/\" rel=\"category tag\">6\u00aa Regional<\/a> <a href=\"https:\/\/goias.gov.br\/policiacivil\/categoria\/ultimo-segundo\/\" rel=\"category tag\">\u00daltimo Segundo<\/a>","rttpg_excerpt":"Traficante de drogas \u00e9 preso em Pontalina &#8211; Policiais civis de Pontalina, no sul do Estado, prenderam, no dia 22 de agosto, em cumprimento de mandado de pris\u00e3o preventiva, Jos\u00e9 Silveira Santos J\u00fanior, conhecido como &#8220;Zezinho&#8221;, de 25 anos. O suspeito, que j\u00e1 havia sido preso por tr\u00e1fico de drogas em 2012, vinha sendo investigado&hellip;","_links":{"self":[{"href":"https:\/\/goias.gov.br\/policiacivil\/wp-json\/wp\/v2\/posts\/29910","targetHints":{"allow":["GET"]}}],"collection":[{"href":"https:\/\/goias.gov.br\/policiacivil\/wp-json\/wp\/v2\/posts"}],"about":[{"href":"https:\/\/goias.gov.br\/policiacivil\/wp-json\/wp\/v2\/types\/post"}],"author":[{"embeddable":true,"href":"https:\/\/goias.gov.br\/policiacivil\/wp-json\/wp\/v2\/users\/4"}],"replies":[{"embeddable":true,"href":"https:\/\/goias.gov.br\/policiacivil\/wp-json\/wp\/v2\/comments?post=29910"}],"version-history":[{"count":0,"href":"https:\/\/goias.gov.br\/policiacivil\/wp-json\/wp\/v2\/posts\/29910\/revisions"}],"wp:featuredmedia":[{"embeddable":true,"href":"https:\/\/goias.gov.br\/policiacivil\/wp-json\/wp\/v2\/media\/29911"}],"wp:attachment":[{"href":"https:\/\/goias.gov.br\/policiacivil\/wp-json\/wp\/v2\/media?parent=29910"}],"wp:term":[{"taxonomy":"category","embeddable":true,"href":"https:\/\/goias.gov.br\/policiacivil\/wp-json\/wp\/v2\/categories?post=29910"},{"taxonomy":"post_tag","embeddable":true,"href":"https:\/\/goias.gov.br\/policiacivil\/wp-json\/wp\/v2\/tags?post=29910"}],"curies":[{"name":"wp","href":"https:\/\/api.w.org\/{rel}","templated":true}]}}