

{"id":29562,"date":"2014-08-21T09:48:24","date_gmt":"2014-08-21T12:48:24","guid":{"rendered":"https:\/\/goias.gov.br\/policiacivil\/?p=29562"},"modified":"2014-08-21T10:30:09","modified_gmt":"2014-08-21T13:30:09","slug":"suspeito-de-roubos-e-preso-em-jaragua","status":"publish","type":"post","link":"https:\/\/goias.gov.br\/policiacivil\/suspeito-de-roubos-e-preso-em-jaragua\/","title":{"rendered":"Suspeito de roubos \u00e9 preso em Jaragu\u00e1"},"content":{"rendered":"<figure id=\"attachment_29568\" aria-describedby=\"caption-attachment-29568\" style=\"width: 277px\" class=\"wp-caption alignleft\"><a href=\" https:\/\/goias.gov.br\/policiacivil\/wp-content\/uploads\/sites\/71\/sites\/71\/2014\/08\/jaragua_montagem.jpg\"><img fetchpriority=\"high\" decoding=\"async\" class=\"size-full wp-image-29568  \" alt=\"jaragua_montagem\" src=\" https:\/\/goias.gov.br\/policiacivil\/wp-content\/uploads\/sites\/71\/sites\/71\/2014\/08\/jaragua_montagem.jpg\" width=\"277\" height=\"271\" \/><\/a><figcaption id=\"caption-attachment-29568\" class=\"wp-caption-text\">Marco Maciel e Neilton Martins<\/figcaption><\/figure>\n<p style=\"text-align: justify;\"><span style=\"color: #ff0000;\">Suspeito de roubos \u00e9 preso em Jaragu\u00e1<\/span> &#8211; Policiais Civis de Jaragu\u00e1, no centro goiano, cumpriram, no dia 11 de agosto, mandado de pris\u00e3o preventiva em desfavor de Marco Maciel Praxedes Ribeiro. Ele \u00e9 suspeito de roubos ocorridos no m\u00eas de abril, em Jaragu\u00e1.<\/p>\n<p style=\"text-align: justify;\">De acordo com as investiga\u00e7\u00f5es, Marco e um comparsa, teriam consumado diversos roubos na cidade, contra v\u00edtimas distintas, mediante emprego de arma de fogo e uso de motocicleta. Ap\u00f3s sua pris\u00e3o, o caso foi elucidado e o inqu\u00e9rito enviado ao poder judici\u00e1rio com ambos autores identificados e presos.<\/p>\n<p style=\"text-align: justify;\"><strong>Outra pris\u00e3o<\/strong><br \/>\nNo dia 18 de agosto, tamb\u00e9m em cumprimento a mandado de pris\u00e3o preventiva expedido pela 3\u00aa Vara Criminal de An\u00e1polis, policiais civis de Jaragu\u00e1 prenderam Neilton Martins Ferreira. O preso foi recolhido ao Centro de Inser\u00e7\u00e3o de Jaragu\u00e1, onde permanecer\u00e1 a disposi\u00e7\u00e3o do Poder Judici\u00e1rio.<\/p>\n<p style=\"text-align: justify;\">\n","protected":false},"excerpt":{"rendered":"<p>Suspeito de roubos \u00e9 preso em Jaragu\u00e1 &#8211; Policiais Civis de Jaragu\u00e1, no centro goiano, cumpriram, no dia 11 de agosto, mandado de pris\u00e3o preventiva em desfavor de Marco Maciel Praxedes Ribeiro. Ele \u00e9 suspeito de roubos ocorridos no m\u00eas de abril, em Jaragu\u00e1. De acordo com as investiga\u00e7\u00f5es, Marco e um comparsa, teriam consumado [&hellip;]<\/p>\n","protected":false},"author":4,"featured_media":29563,"comment_status":"closed","ping_status":"closed","sticky":false,"template":"","format":"standard","meta":{"footnotes":""},"categories":[3202,537],"tags":[1473,524],"class_list":["post-29562","post","type-post","status-publish","format-standard","has-post-thumbnail","hentry","category-15a-regional","category-ultimo-segundo","tag-jaragua","tag-roubo"],"rttpg_featured_image_url":{"full":["https:\/\/goias.gov.br\/policiacivil\/wp-content\/uploads\/sites\/71\/2014\/08\/marco-antonio.jpg",260,394,false],"landscape":["https:\/\/goias.gov.br\/policiacivil\/wp-content\/uploads\/sites\/71\/2014\/08\/marco-antonio.jpg",260,394,false],"portraits":["https:\/\/goias.gov.br\/policiacivil\/wp-content\/uploads\/sites\/71\/2014\/08\/marco-antonio.jpg",260,394,false],"thumbnail":["https:\/\/goias.gov.br\/policiacivil\/wp-content\/uploads\/sites\/71\/2014\/08\/marco-antonio-150x150.jpg",150,150,true],"medium":["https:\/\/goias.gov.br\/policiacivil\/wp-content\/uploads\/sites\/71\/2014\/08\/marco-antonio-198x300.jpg",198,300,true],"large":["https:\/\/goias.gov.br\/policiacivil\/wp-content\/uploads\/sites\/71\/2014\/08\/marco-antonio-198x300.jpg",198,300,true],"1536x1536":["https:\/\/goias.gov.br\/policiacivil\/wp-content\/uploads\/sites\/71\/2014\/08\/marco-antonio.jpg",260,394,false],"2048x2048":["https:\/\/goias.gov.br\/policiacivil\/wp-content\/uploads\/sites\/71\/2014\/08\/marco-antonio.jpg",260,394,false]},"rttpg_author":{"display_name":"","author_link":"https:\/\/goias.gov.br\/policiacivil\/author\/"},"rttpg_comment":0,"rttpg_category":"<a href=\"https:\/\/goias.gov.br\/policiacivil\/categoria\/drp\/15a-regional\/\" rel=\"category tag\">15\u00aa Regional<\/a> <a href=\"https:\/\/goias.gov.br\/policiacivil\/categoria\/ultimo-segundo\/\" rel=\"category tag\">\u00daltimo Segundo<\/a>","rttpg_excerpt":"Suspeito de roubos \u00e9 preso em Jaragu\u00e1 &#8211; Policiais Civis de Jaragu\u00e1, no centro goiano, cumpriram, no dia 11 de agosto, mandado de pris\u00e3o preventiva em desfavor de Marco Maciel Praxedes Ribeiro. Ele \u00e9 suspeito de roubos ocorridos no m\u00eas de abril, em Jaragu\u00e1. De acordo com as investiga\u00e7\u00f5es, Marco e um comparsa, teriam consumado&hellip;","_links":{"self":[{"href":"https:\/\/goias.gov.br\/policiacivil\/wp-json\/wp\/v2\/posts\/29562","targetHints":{"allow":["GET"]}}],"collection":[{"href":"https:\/\/goias.gov.br\/policiacivil\/wp-json\/wp\/v2\/posts"}],"about":[{"href":"https:\/\/goias.gov.br\/policiacivil\/wp-json\/wp\/v2\/types\/post"}],"author":[{"embeddable":true,"href":"https:\/\/goias.gov.br\/policiacivil\/wp-json\/wp\/v2\/users\/4"}],"replies":[{"embeddable":true,"href":"https:\/\/goias.gov.br\/policiacivil\/wp-json\/wp\/v2\/comments?post=29562"}],"version-history":[{"count":0,"href":"https:\/\/goias.gov.br\/policiacivil\/wp-json\/wp\/v2\/posts\/29562\/revisions"}],"wp:featuredmedia":[{"embeddable":true,"href":"https:\/\/goias.gov.br\/policiacivil\/wp-json\/wp\/v2\/media\/29563"}],"wp:attachment":[{"href":"https:\/\/goias.gov.br\/policiacivil\/wp-json\/wp\/v2\/media?parent=29562"}],"wp:term":[{"taxonomy":"category","embeddable":true,"href":"https:\/\/goias.gov.br\/policiacivil\/wp-json\/wp\/v2\/categories?post=29562"},{"taxonomy":"post_tag","embeddable":true,"href":"https:\/\/goias.gov.br\/policiacivil\/wp-json\/wp\/v2\/tags?post=29562"}],"curies":[{"name":"wp","href":"https:\/\/api.w.org\/{rel}","templated":true}]}}