

{"id":28795,"date":"2014-07-29T08:27:22","date_gmt":"2014-07-29T11:27:22","guid":{"rendered":"https:\/\/goias.gov.br\/policiacivil\/?p=28795"},"modified":"2014-07-29T08:27:22","modified_gmt":"2014-07-29T11:27:22","slug":"motorista-de-onibus-e-preso-em-caldas-novas","status":"publish","type":"post","link":"https:\/\/goias.gov.br\/policiacivil\/motorista-de-onibus-e-preso-em-caldas-novas\/","title":{"rendered":"Motorista de \u00f4nibus \u00e9 preso em Caldas Novas"},"content":{"rendered":"<figure id=\"attachment_28796\" aria-describedby=\"caption-attachment-28796\" style=\"width: 278px\" class=\"wp-caption alignleft\"><a href=\" https:\/\/goias.gov.br\/policiacivil\/wp-content\/uploads\/sites\/71\/sites\/71\/2014\/07\/motorista.jpg\"><img fetchpriority=\"high\" decoding=\"async\" class=\" wp-image-28796 \" alt=\"motorista\" src=\" https:\/\/goias.gov.br\/policiacivil\/wp-content\/uploads\/sites\/71\/sites\/71\/2014\/07\/motorista.jpg\" width=\"278\" height=\"341\" srcset=\"https:\/\/goias.gov.br\/policiacivil\/wp-content\/uploads\/sites\/71\/2014\/07\/motorista.jpg 620w, https:\/\/goias.gov.br\/policiacivil\/wp-content\/uploads\/sites\/71\/2014\/07\/motorista-244x300.jpg 244w, https:\/\/goias.gov.br\/policiacivil\/wp-content\/uploads\/sites\/71\/2014\/07\/motorista-163x200.jpg 163w, https:\/\/goias.gov.br\/policiacivil\/wp-content\/uploads\/sites\/71\/2014\/07\/motorista-342x420.jpg 342w\" sizes=\"(max-width: 278px) 100vw, 278px\" \/><\/a><figcaption id=\"caption-attachment-28796\" class=\"wp-caption-text\">Sebasti\u00e3o Batista<\/figcaption><\/figure>\n<p style=\"text-align: justify;\"><span style=\"color: #ff0000;\">Foragido atuava como motorista em Caldas Novas<\/span> &#8211; Policiais Civis de Caldas Novas, no sul de Goi\u00e1s, prenderam, no dia 28 de julho, Sebasti\u00e3o Batista Silva, de 30 anos, foragido da cidade de Piracanjuba por crime de tr\u00e1fico de drogas. Contra ele havia um mandado de pris\u00e3o preventiva.<\/p>\n<p style=\"text-align: justify;\">Segundo o delegado Wllisses Valentim, o foragido trabalhava como motorista de \u00f4nibus numa linha intermunicipal de uma conhecida empresa de transporte coletivo sediada em Caldas Novas. Ele foi detido no momento em que deixava o munic\u00edpio de Caldas Novas com destino a Morrinhos, num dos \u00f4nibus da empresa.<\/p>\n<p style=\"text-align: justify;\">Wlisses Valentim alerta aos empres\u00e1rios e empregadores em geral a necessidade de cuidados quando da contrata\u00e7\u00e3o de um empregado. Segundo ele, \u00e9 importante consultar n\u00e3o s\u00f3 refer\u00eancias profissionais, mas tamb\u00e9m antecedentes criminais, justamente para evitar a contrata\u00e7\u00e3o de foragidos da justi\u00e7a.<\/p>\n","protected":false},"excerpt":{"rendered":"<p>Foragido atuava como motorista em Caldas Novas &#8211; Policiais Civis de Caldas Novas, no sul de Goi\u00e1s, prenderam, no dia 28 de julho, Sebasti\u00e3o Batista Silva, de 30 anos, foragido da cidade de Piracanjuba por crime de tr\u00e1fico de drogas. Contra ele havia um mandado de pris\u00e3o preventiva. Segundo o delegado Wllisses Valentim, o foragido [&hellip;]<\/p>\n","protected":false},"author":4,"featured_media":28796,"comment_status":"closed","ping_status":"closed","sticky":false,"template":"","format":"standard","meta":{"footnotes":""},"categories":[3193,537],"tags":[1100,736,3374,734,12,3366,3373],"class_list":["post-28795","post","type-post","status-publish","format-standard","has-post-thumbnail","hentry","category-6a-regional","category-ultimo-segundo","tag-caldas-novas","tag-foragido","tag-motorista","tag-piracanjuba","tag-trafico","tag-valentim","tag-wlisses"],"rttpg_featured_image_url":{"full":["https:\/\/goias.gov.br\/policiacivil\/wp-content\/uploads\/sites\/71\/2014\/07\/motorista.jpg",620,762,false],"landscape":["https:\/\/goias.gov.br\/policiacivil\/wp-content\/uploads\/sites\/71\/2014\/07\/motorista.jpg",620,762,false],"portraits":["https:\/\/goias.gov.br\/policiacivil\/wp-content\/uploads\/sites\/71\/2014\/07\/motorista.jpg",620,762,false],"thumbnail":["https:\/\/goias.gov.br\/policiacivil\/wp-content\/uploads\/sites\/71\/2014\/07\/motorista-150x150.jpg",150,150,true],"medium":["https:\/\/goias.gov.br\/policiacivil\/wp-content\/uploads\/sites\/71\/2014\/07\/motorista-244x300.jpg",244,300,true],"large":["https:\/\/goias.gov.br\/policiacivil\/wp-content\/uploads\/sites\/71\/2014\/07\/motorista-244x300.jpg",244,300,true],"1536x1536":["https:\/\/goias.gov.br\/policiacivil\/wp-content\/uploads\/sites\/71\/2014\/07\/motorista.jpg",620,762,false],"2048x2048":["https:\/\/goias.gov.br\/policiacivil\/wp-content\/uploads\/sites\/71\/2014\/07\/motorista.jpg",620,762,false]},"rttpg_author":{"display_name":"","author_link":"https:\/\/goias.gov.br\/policiacivil\/author\/"},"rttpg_comment":0,"rttpg_category":"<a href=\"https:\/\/goias.gov.br\/policiacivil\/categoria\/drp\/6a-regional\/\" rel=\"category tag\">6\u00aa Regional<\/a> <a href=\"https:\/\/goias.gov.br\/policiacivil\/categoria\/ultimo-segundo\/\" rel=\"category tag\">\u00daltimo Segundo<\/a>","rttpg_excerpt":"Foragido atuava como motorista em Caldas Novas &#8211; Policiais Civis de Caldas Novas, no sul de Goi\u00e1s, prenderam, no dia 28 de julho, Sebasti\u00e3o Batista Silva, de 30 anos, foragido da cidade de Piracanjuba por crime de tr\u00e1fico de drogas. Contra ele havia um mandado de pris\u00e3o preventiva. Segundo o delegado Wllisses Valentim, o foragido&hellip;","_links":{"self":[{"href":"https:\/\/goias.gov.br\/policiacivil\/wp-json\/wp\/v2\/posts\/28795","targetHints":{"allow":["GET"]}}],"collection":[{"href":"https:\/\/goias.gov.br\/policiacivil\/wp-json\/wp\/v2\/posts"}],"about":[{"href":"https:\/\/goias.gov.br\/policiacivil\/wp-json\/wp\/v2\/types\/post"}],"author":[{"embeddable":true,"href":"https:\/\/goias.gov.br\/policiacivil\/wp-json\/wp\/v2\/users\/4"}],"replies":[{"embeddable":true,"href":"https:\/\/goias.gov.br\/policiacivil\/wp-json\/wp\/v2\/comments?post=28795"}],"version-history":[{"count":0,"href":"https:\/\/goias.gov.br\/policiacivil\/wp-json\/wp\/v2\/posts\/28795\/revisions"}],"wp:featuredmedia":[{"embeddable":true,"href":"https:\/\/goias.gov.br\/policiacivil\/wp-json\/wp\/v2\/media\/28796"}],"wp:attachment":[{"href":"https:\/\/goias.gov.br\/policiacivil\/wp-json\/wp\/v2\/media?parent=28795"}],"wp:term":[{"taxonomy":"category","embeddable":true,"href":"https:\/\/goias.gov.br\/policiacivil\/wp-json\/wp\/v2\/categories?post=28795"},{"taxonomy":"post_tag","embeddable":true,"href":"https:\/\/goias.gov.br\/policiacivil\/wp-json\/wp\/v2\/tags?post=28795"}],"curies":[{"name":"wp","href":"https:\/\/api.w.org\/{rel}","templated":true}]}}