

{"id":28324,"date":"2014-07-15T11:20:47","date_gmt":"2014-07-15T14:20:47","guid":{"rendered":"https:\/\/goias.gov.br\/policiacivil\/?p=28324"},"modified":"2014-07-15T14:18:16","modified_gmt":"2014-07-15T17:18:16","slug":"genarc-de-luziania-fecha-laboratorio-de-drogas","status":"publish","type":"post","link":"https:\/\/goias.gov.br\/policiacivil\/genarc-de-luziania-fecha-laboratorio-de-drogas\/","title":{"rendered":"Pol\u00edcia Civil: GENARC de Luzi\u00e2nia fecha laborat\u00f3rio de drogas e prende dois traficantes"},"content":{"rendered":"<figure id=\"attachment_28325\" aria-describedby=\"caption-attachment-28325\" style=\"width: 319px\" class=\"wp-caption alignleft\"><a href=\" https:\/\/goias.gov.br\/policiacivil\/wp-content\/uploads\/sites\/71\/sites\/71\/2014\/07\/luziania3.jpg\"><img fetchpriority=\"high\" decoding=\"async\" class=\" wp-image-28325 \" alt=\"luziania3\" src=\" https:\/\/goias.gov.br\/policiacivil\/wp-content\/uploads\/sites\/71\/sites\/71\/2014\/07\/luziania3.jpg\" width=\"319\" height=\"300\" srcset=\"https:\/\/goias.gov.br\/policiacivil\/wp-content\/uploads\/sites\/71\/2014\/07\/luziania3.jpg 443w, https:\/\/goias.gov.br\/policiacivil\/wp-content\/uploads\/sites\/71\/2014\/07\/luziania3-300x282.jpg 300w, https:\/\/goias.gov.br\/policiacivil\/wp-content\/uploads\/sites\/71\/2014\/07\/luziania3-319x300.jpg 319w, https:\/\/goias.gov.br\/policiacivil\/wp-content\/uploads\/sites\/71\/2014\/07\/luziania3-213x200.jpg 213w\" sizes=\"(max-width: 319px) 100vw, 319px\" \/><\/a><figcaption id=\"caption-attachment-28325\" class=\"wp-caption-text\">Valmir\u00a0 da Silva Ferreira e Paulo Henrique Soares<\/figcaption><\/figure>\n<p style=\"text-align: justify;\">\u00a0O Grupo de Repress\u00e3o a Narc\u00f3ticos (GENARC), de Luzi\u00e2nia, no Entorno do Distrito Federal, fechou, no dia 10 de julho, um laborat\u00f3rio clandestino utilizado para fabrica\u00e7\u00e3o de drogas no Setor Norte. O local, utilizado para fabrica\u00e7\u00e3o de coca\u00edna, ecstasy e \u201clol\u00f3\u201d, vinha sendo investigado pelos policiais civis, ap\u00f3s den\u00fancias.<\/p>\n<p style=\"text-align: justify;\">No local, foram presos Paulo Henrique Soares Rezende, de 20 anos, e Valmir da Silva Ferreira, de 28 anos, contratados pelo traficante conhecido pela alcunha de \u201cAncin\u201d, dono do laborat\u00f3rio. Durante a abordagem, Ancin conseguiu evadir-se do local, mas a pol\u00edcia civil continua as buscas.<\/p>\n<p style=\"text-align: justify;\">Segundo a delegada Caroline Matos, coordenadora do GENARC, os traficantes repassavam drogas para serem revendidas em festas e, al\u00e9m disso, propiciavam o uso no pr\u00f3prio local, onde foram encontrados usu\u00e1rios frequentes. Todo maquin\u00e1rio e materiais utilizados para a fabrica\u00e7\u00e3o dos entorpecentes foram apreendidos.<\/p>\n<p style=\"text-align: justify;\">O delegado regional, Rodrigo Mendes de Ara\u00fajo, parabenizou a delegada, agentes e escriv\u00e3es envolvidos na pris\u00e3o, e ressaltou a import\u00e2ncia do combate ao tr\u00e1fico, que \u00e9 a for\u00e7a motriz de diversos outros crimes, como roubos, furtos e homic\u00eddios.<\/p>\n","protected":false},"excerpt":{"rendered":"<p>\u00a0O Grupo de Repress\u00e3o a Narc\u00f3ticos (GENARC), de Luzi\u00e2nia, no Entorno do Distrito Federal, fechou, no dia 10 de julho, um laborat\u00f3rio clandestino utilizado para fabrica\u00e7\u00e3o de drogas no Setor Norte. O local, utilizado para fabrica\u00e7\u00e3o de coca\u00edna, ecstasy e \u201clol\u00f3\u201d, vinha sendo investigado pelos policiais civis, ap\u00f3s den\u00fancias. No local, foram presos Paulo Henrique [&hellip;]<\/p>\n","protected":false},"author":4,"featured_media":28325,"comment_status":"closed","ping_status":"closed","sticky":false,"template":"","format":"standard","meta":{"footnotes":""},"categories":[3192,3],"tags":[3162,3115,30,417,950,3336],"class_list":["post-28324","post","type-post","status-publish","format-standard","has-post-thumbnail","hentry","category-5a-regional","category-noticias","tag-5drp","tag-caroline","tag-genarc","tag-laboratorio","tag-luziania","tag-matos"],"rttpg_featured_image_url":{"full":["https:\/\/goias.gov.br\/policiacivil\/wp-content\/uploads\/sites\/71\/2014\/07\/luziania3.jpg",443,416,false],"landscape":["https:\/\/goias.gov.br\/policiacivil\/wp-content\/uploads\/sites\/71\/2014\/07\/luziania3.jpg",443,416,false],"portraits":["https:\/\/goias.gov.br\/policiacivil\/wp-content\/uploads\/sites\/71\/2014\/07\/luziania3.jpg",443,416,false],"thumbnail":["https:\/\/goias.gov.br\/policiacivil\/wp-content\/uploads\/sites\/71\/2014\/07\/luziania3-150x150.jpg",150,150,true],"medium":["https:\/\/goias.gov.br\/policiacivil\/wp-content\/uploads\/sites\/71\/2014\/07\/luziania3-300x282.jpg",300,282,true],"large":["https:\/\/goias.gov.br\/policiacivil\/wp-content\/uploads\/sites\/71\/2014\/07\/luziania3-319x300.jpg",319,300,true],"1536x1536":["https:\/\/goias.gov.br\/policiacivil\/wp-content\/uploads\/sites\/71\/2014\/07\/luziania3.jpg",443,416,false],"2048x2048":["https:\/\/goias.gov.br\/policiacivil\/wp-content\/uploads\/sites\/71\/2014\/07\/luziania3.jpg",443,416,false]},"rttpg_author":{"display_name":"","author_link":"https:\/\/goias.gov.br\/policiacivil\/author\/"},"rttpg_comment":0,"rttpg_category":"<a href=\"https:\/\/goias.gov.br\/policiacivil\/categoria\/drp\/5a-regional\/\" rel=\"category tag\">5\u00aa Regional<\/a> <a href=\"https:\/\/goias.gov.br\/policiacivil\/categoria\/noticias\/\" rel=\"category tag\">Not\u00edcias<\/a>","rttpg_excerpt":"\u00a0O Grupo de Repress\u00e3o a Narc\u00f3ticos (GENARC), de Luzi\u00e2nia, no Entorno do Distrito Federal, fechou, no dia 10 de julho, um laborat\u00f3rio clandestino utilizado para fabrica\u00e7\u00e3o de drogas no Setor Norte. O local, utilizado para fabrica\u00e7\u00e3o de coca\u00edna, ecstasy e \u201clol\u00f3\u201d, vinha sendo investigado pelos policiais civis, ap\u00f3s den\u00fancias. No local, foram presos Paulo Henrique&hellip;","_links":{"self":[{"href":"https:\/\/goias.gov.br\/policiacivil\/wp-json\/wp\/v2\/posts\/28324","targetHints":{"allow":["GET"]}}],"collection":[{"href":"https:\/\/goias.gov.br\/policiacivil\/wp-json\/wp\/v2\/posts"}],"about":[{"href":"https:\/\/goias.gov.br\/policiacivil\/wp-json\/wp\/v2\/types\/post"}],"author":[{"embeddable":true,"href":"https:\/\/goias.gov.br\/policiacivil\/wp-json\/wp\/v2\/users\/4"}],"replies":[{"embeddable":true,"href":"https:\/\/goias.gov.br\/policiacivil\/wp-json\/wp\/v2\/comments?post=28324"}],"version-history":[{"count":0,"href":"https:\/\/goias.gov.br\/policiacivil\/wp-json\/wp\/v2\/posts\/28324\/revisions"}],"wp:featuredmedia":[{"embeddable":true,"href":"https:\/\/goias.gov.br\/policiacivil\/wp-json\/wp\/v2\/media\/28325"}],"wp:attachment":[{"href":"https:\/\/goias.gov.br\/policiacivil\/wp-json\/wp\/v2\/media?parent=28324"}],"wp:term":[{"taxonomy":"category","embeddable":true,"href":"https:\/\/goias.gov.br\/policiacivil\/wp-json\/wp\/v2\/categories?post=28324"},{"taxonomy":"post_tag","embeddable":true,"href":"https:\/\/goias.gov.br\/policiacivil\/wp-json\/wp\/v2\/tags?post=28324"}],"curies":[{"name":"wp","href":"https:\/\/api.w.org\/{rel}","templated":true}]}}