

{"id":27322,"date":"2014-06-09T16:34:03","date_gmt":"2014-06-09T19:34:03","guid":{"rendered":"https:\/\/goias.gov.br\/policiacivil\/?p=27322"},"modified":"2014-06-24T07:50:40","modified_gmt":"2014-06-24T10:50:40","slug":"inseguranca-rural","status":"publish","type":"post","link":"https:\/\/goias.gov.br\/policiacivil\/inseguranca-rural\/","title":{"rendered":"Inseguran\u00e7a rural"},"content":{"rendered":"<figure id=\"attachment_27791\" aria-describedby=\"caption-attachment-27791\" style=\"width: 288px\" class=\"wp-caption alignleft\"><a href=\" https:\/\/goias.gov.br\/policiacivil\/wp-content\/uploads\/sites\/71\/sites\/71\/2014\/06\/jesseir-3.jpg\"><img fetchpriority=\"high\" decoding=\"async\" class=\" wp-image-27791  \" alt=\"Jesseir Coelho de Alc\u00e2ntara\" src=\" https:\/\/goias.gov.br\/policiacivil\/wp-content\/uploads\/sites\/71\/sites\/71\/2014\/06\/jesseir-3.jpg\" width=\"288\" height=\"288\" srcset=\"https:\/\/goias.gov.br\/policiacivil\/wp-content\/uploads\/sites\/71\/2014\/06\/jesseir-3.jpg 400w, https:\/\/goias.gov.br\/policiacivil\/wp-content\/uploads\/sites\/71\/2014\/06\/jesseir-3-300x300.jpg 300w, https:\/\/goias.gov.br\/policiacivil\/wp-content\/uploads\/sites\/71\/2014\/06\/jesseir-3-150x150.jpg 150w, https:\/\/goias.gov.br\/policiacivil\/wp-content\/uploads\/sites\/71\/2014\/06\/jesseir-3-200x200.jpg 200w\" sizes=\"(max-width: 288px) 100vw, 288px\" \/><\/a><figcaption id=\"caption-attachment-27791\" class=\"wp-caption-text\">Jesseir Coelho de Alc\u00e2ntara<\/figcaption><\/figure>\n<p>Inseguran\u00e7a rural<\/p>\n<p style=\"text-align: justify;\">O t\u00edtulo acima foi o editorial do jornal O Popular recentemente. Sinal de que o assunto preocupa. O editorial menciona a respeito do elevado grau de inseguran\u00e7a na zona rural e que os assaltos a fazendas aumentaram muito, envolvendo agora, al\u00e9m de dinheiro, maquin\u00e1rios e equipamentos agr\u00edcolas, produtos estocados nas propriedades, ve\u00edculos e eletrodom\u00e9sticos. E os criminosos s\u00e3o cru\u00e9is, agridem e matam.<\/p>\n<p style=\"text-align: justify;\" align=\"JUSTIFY\">Na realidade, a inseguran\u00e7a muda a rotina no campo e produtores goianos acumulam preju\u00edzos e se dizem ref\u00e9ns da criminalidade. Muitos est\u00e3o investindo em equipamentos de seguran\u00e7a, como monitoramento, alarmes e c\u00e3es. Hoje o crime n\u00e3o escolhe mais localidade. A ilus\u00e3o de que o crime reside somente nos grandes centros n\u00e3o se sustenta h\u00e1 muito tempo.<\/p>\n<p align=\"JUSTIFY\">O furto de gado \u00e9 considerado alarmante. O roubo \u00e9 um problema s\u00e9rio, pois al\u00e9m de trazer preju\u00edzos enormes, causa muita frustra\u00e7\u00e3o nos criadores, uma vez que, mesmo que os ladr\u00f5es sejam presos, raramente \u00e9 poss\u00edvel reaver os animais. Para os agropecuaristas os preju\u00edzos s\u00e3o incalcul\u00e1veis, principalmente com o roubo de matrizes reprodutoras, de caprinos e ovinos. H\u00e1 tamb\u00e9m a subtra\u00e7\u00e3o de insumos agr\u00edcolas, como fertilizantes e defensivos.<\/p>\n<p align=\"JUSTIFY\">A impunidade e a falta de policiamento preocupam. Inexiste o patrulhamento rural. Muitos rur\u00edcolas est\u00e3o trancafiados dentro de suas casas com medo e a bandidagem correndo frouxa pelos campos. Quando um criminoso \u00e9 preso, muitas vezes \u00e9 beneficiado pelas leis falhas e cheias de brechas, sentenciam alguns.<\/p>\n<p align=\"JUSTIFY\">Infelizmente a propriedade rural virou alvo de quadrilhas ou bandos. Muitas chacinas acontecem. As autoridades de seguran\u00e7a n\u00e3o conseguem dar vaz\u00e3o ao crescente n\u00famero de atos il\u00edcitos devido \u00e0 dist\u00e2ncia das propriedades rurais e a falta de efetivo. O homem do campo est\u00e1 meio que abandonado nessa \u00e1rea.<\/p>\n<p style=\"text-align: justify;\" align=\"JUSTIFY\">O fazendeiro que almeja possuir e portar arma de fogo para se proteger ante a in\u00e9rcia do poder p\u00fablico pode ser considerado um criminoso se n\u00e3o tiver o porte legal e a arma registrada. Assim, o homem rural encontra-se rendido aos meliantes.<\/p>\n<p style=\"text-align: justify;\" align=\"JUSTIFY\">\u00c9 evidente que o morador do campo necessita de tomar algumas medidas preventivas: manter sempre algu\u00e9m na propriedade; n\u00e3o deixar materiais e gado pr\u00f3ximos a vias de tr\u00e1fego; manter c\u00e3es de guarda; possuir na propriedade equipamentos de seguran\u00e7a; fazer uma sele\u00e7\u00e3o rigorosa de profissionais contratados, etc. Como diz o ad\u00e1gio popular, ele n\u00e3o pode dar sopa para o azar. Precisa fazer a sua parte tamb\u00e9m.<\/p>\n<p style=\"text-align: justify;\" align=\"JUSTIFY\">A inseguran\u00e7a na zona rural \u00e9 preocupante e vem sendo tratada com certo descaso e demagogia por algumas autoridades. Nossos agropecuaristas merecem respeito e aten\u00e7\u00e3o imediata.<\/p>\n<p align=\"JUSTIFY\">\u00a0<em><strong>Jesseir Coelho de Alc\u00e2ntara e Juiz de Direito e Professor<\/strong><\/em><\/p>\n","protected":false},"excerpt":{"rendered":"<p>Jesseir Coelho de Alc\u00e2ntara e Juiz de Direito <\/p>\n","protected":false},"author":4,"featured_media":27791,"comment_status":"closed","ping_status":"closed","sticky":false,"template":"","format":"standard","meta":{"footnotes":""},"categories":[29],"tags":[3284,3283,1139,3282],"class_list":["post-27322","post","type-post","status-publish","format-standard","has-post-thumbnail","hentry","category-artigos","tag-gado","tag-inseguranca","tag-jesseir","tag-rural"],"rttpg_featured_image_url":{"full":["https:\/\/goias.gov.br\/policiacivil\/wp-content\/uploads\/sites\/71\/2014\/06\/jesseir-3.jpg",400,400,false],"landscape":["https:\/\/goias.gov.br\/policiacivil\/wp-content\/uploads\/sites\/71\/2014\/06\/jesseir-3.jpg",400,400,false],"portraits":["https:\/\/goias.gov.br\/policiacivil\/wp-content\/uploads\/sites\/71\/2014\/06\/jesseir-3.jpg",400,400,false],"thumbnail":["https:\/\/goias.gov.br\/policiacivil\/wp-content\/uploads\/sites\/71\/2014\/06\/jesseir-3-150x150.jpg",150,150,true],"medium":["https:\/\/goias.gov.br\/policiacivil\/wp-content\/uploads\/sites\/71\/2014\/06\/jesseir-3-300x300.jpg",300,300,true],"large":["https:\/\/goias.gov.br\/policiacivil\/wp-content\/uploads\/sites\/71\/2014\/06\/jesseir-3-300x300.jpg",300,300,true],"1536x1536":["https:\/\/goias.gov.br\/policiacivil\/wp-content\/uploads\/sites\/71\/2014\/06\/jesseir-3.jpg",400,400,false],"2048x2048":["https:\/\/goias.gov.br\/policiacivil\/wp-content\/uploads\/sites\/71\/2014\/06\/jesseir-3.jpg",400,400,false]},"rttpg_author":{"display_name":"","author_link":"https:\/\/goias.gov.br\/policiacivil\/author\/"},"rttpg_comment":0,"rttpg_category":"<a href=\"https:\/\/goias.gov.br\/policiacivil\/categoria\/artigos\/\" rel=\"category tag\">Artigos<\/a>","rttpg_excerpt":"Jesseir Coelho de Alc\u00e2ntara e Juiz de Direito","_links":{"self":[{"href":"https:\/\/goias.gov.br\/policiacivil\/wp-json\/wp\/v2\/posts\/27322","targetHints":{"allow":["GET"]}}],"collection":[{"href":"https:\/\/goias.gov.br\/policiacivil\/wp-json\/wp\/v2\/posts"}],"about":[{"href":"https:\/\/goias.gov.br\/policiacivil\/wp-json\/wp\/v2\/types\/post"}],"author":[{"embeddable":true,"href":"https:\/\/goias.gov.br\/policiacivil\/wp-json\/wp\/v2\/users\/4"}],"replies":[{"embeddable":true,"href":"https:\/\/goias.gov.br\/policiacivil\/wp-json\/wp\/v2\/comments?post=27322"}],"version-history":[{"count":0,"href":"https:\/\/goias.gov.br\/policiacivil\/wp-json\/wp\/v2\/posts\/27322\/revisions"}],"wp:featuredmedia":[{"embeddable":true,"href":"https:\/\/goias.gov.br\/policiacivil\/wp-json\/wp\/v2\/media\/27791"}],"wp:attachment":[{"href":"https:\/\/goias.gov.br\/policiacivil\/wp-json\/wp\/v2\/media?parent=27322"}],"wp:term":[{"taxonomy":"category","embeddable":true,"href":"https:\/\/goias.gov.br\/policiacivil\/wp-json\/wp\/v2\/categories?post=27322"},{"taxonomy":"post_tag","embeddable":true,"href":"https:\/\/goias.gov.br\/policiacivil\/wp-json\/wp\/v2\/tags?post=27322"}],"curies":[{"name":"wp","href":"https:\/\/api.w.org\/{rel}","templated":true}]}}