

{"id":23091,"date":"2014-03-10T13:39:05","date_gmt":"2014-03-10T16:39:05","guid":{"rendered":"https:\/\/goias.gov.br\/policiacivil\/?p=23091"},"modified":"2014-03-24T17:00:20","modified_gmt":"2014-03-24T20:00:20","slug":"justiceiros-ganham-forca","status":"publish","type":"post","link":"https:\/\/goias.gov.br\/policiacivil\/justiceiros-ganham-forca\/","title":{"rendered":"Justiceiros ganham for\u00e7a"},"content":{"rendered":"<figure id=\"attachment_23092\" aria-describedby=\"caption-attachment-23092\" style=\"width: 220px\" class=\"wp-caption alignleft\"><a href=\" https:\/\/goias.gov.br\/policiacivil\/artigos\/justiceiros-ganham-forca.html\/attachment\/jesseir-coelho-de-alcantara-ws-6-recente\" rel=\"attachment wp-att-23092\"><img decoding=\"async\" class=\"size-medium wp-image-23092\" title=\"Jesseir Coelho de Alc\u00e2ntara-WS (6) recente\" alt=\"\" src=\" https:\/\/goias.gov.br\/policiacivil\/wp-content\/uploads\/sites\/71\/sites\/71\/2014\/03\/jesseir-coelho-de-alcantara-ws-6-recente-220x146.jpg\" width=\"220\" height=\"146\" \/><\/a><figcaption id=\"caption-attachment-23092\" class=\"wp-caption-text\">Jesseir Coelho de Alc\u00e2ntara<\/figcaption><\/figure>\n<p>Justiceiros ganham for\u00e7a.<\/p>\n<p>&nbsp;<\/p>\n<p>A manchete principal do jornal O Hoje apontou que \u2018Justiceiros\u2019 ganham for\u00e7a, com 3 casos em 24 horas em Goi\u00e2nia. Suspeitos de furto e de roubo foram perseguidos, detidos e at\u00e9 espancados pela popula\u00e7\u00e3o.<\/p>\n<p align=\"JUSTIFY\">Isso aponta para uma preocupa\u00e7\u00e3o: o povo est\u00e1 de saco cheio de tanto ver triunfar as injusti\u00e7as e assistir a impunidade reinando solta. Para a OAB\/GO, caso de justiceiros est\u00e1 ligado \u00e0 sensa\u00e7\u00e3o de impunidade. As Comiss\u00f5es de Direitos Humanos, Acesso \u00e0 Justi\u00e7a e Direitos Sociais (CDH), e de Seguran\u00e7a P\u00fablica e Pol\u00edtica Criminal (CSP) da institui\u00e7\u00e3o classista v\u00e3o acompanhar os casos de justiceiros que agrediram suspeitos de crimes praticados em Goi\u00e2nia. Segundo o presidente da seccional, o objetivo \u00e9 averiguar se crime praticado pelo agredido e pelos agressores \u00e9 investigado com o mesmo empenho.<\/p>\n<p align=\"JUSTIFY\">Fazer justi\u00e7a com as pr\u00f3prias m\u00e3os, tecnicamente chamado de exerc\u00edcio arbitr\u00e1rio das pr\u00f3prias raz\u00f5es, \u00e9 crime e a nova onda de justiceiros pode provocar um acr\u00e9scimo de mais sensa\u00e7\u00e3o de impunidade em nosso meio. Agora, tanto as pol\u00edcias quanto o Poder Judici\u00e1rio podem aumentar as suas estat\u00edsticas negativas pela falta de apura\u00e7\u00e3o nesses casos. Isso \u00e9 temer\u00e1rio e frustrante.<\/p>\n<p align=\"JUSTIFY\">Al\u00e9m de cometer o delito de fazer justi\u00e7a com as pr\u00f3prias m\u00e3os, existe a possibilidade da pr\u00e1tica de outros crimes por quem comete esse tipo de ato, que podem ir de les\u00e3o corporal, les\u00e3o corporal seguida de morte a homic\u00eddio tentado ou consumado, etc.<\/p>\n<p align=\"JUSTIFY\">O in\u00edcio dos atos praticados pelos \u2018justiceiros\u2019 aponta que o Estado (poder p\u00fablico) est\u00e1 impotente e inerte na solu\u00e7\u00e3o da seguran\u00e7a p\u00fablica, o que \u00e9 seu dever, segundo a Constitui\u00e7\u00e3o Federal.<\/p>\n<p align=\"JUSTIFY\">E o que \u00e9 o pior: a sociedade, muitas vezes, no \u00edntimo aplaude essas a\u00e7\u00f5es de vingan\u00e7a porque se sente insegura ou porque j\u00e1 foi v\u00edtima de algum ato criminoso praticado por meliantes. Hipocritamente se diz contra, mas no \u00e2mago, no fundo do cora\u00e7\u00e3o sedento por justi\u00e7a, aprova a a\u00e7\u00e3o. Na Bahia, um criminoso foi amarrado em um formigueiro e as pessoas aplaudiram e vibraram com o ato.<\/p>\n<p align=\"JUSTIFY\">Infelizmente os \u2018justiceiros\u2019 aparecem onde a Justi\u00e7a tarda e falha. Entretanto, a meu ver, combater um ato delituoso com a pr\u00e1tica de outro crime n\u00e3o \u00e9 o certo. Alguma coisa est\u00e1 errada nesse Pa\u00eds.<\/p>\n<p align=\"JUSTIFY\">\u00a0 \u00a0 \u00a0 \u00a0 \u00a0 \u00a0 \u00a0 \u00a0 \u00a0 \u00a0 \u00a0 \u00a0 \u00a0 \u00a0 \u00a0 \u00a0 \u00a0 \u00a0 \u00a0 Jesseir Coelho de Alc\u00e2ntara \u00e9 Juiz de Direito e Professor<\/p>\n","protected":false},"excerpt":{"rendered":"<p>Jesseir Coelho de Alc\u00e2ntara \u00e9 Juiz de Direito<\/p>\n","protected":false},"author":4,"featured_media":23092,"comment_status":"closed","ping_status":"closed","sticky":false,"template":"","format":"standard","meta":{"footnotes":""},"categories":[29],"tags":[2928,2925,2926,2927],"class_list":["post-23091","post","type-post","status-publish","format-standard","has-post-thumbnail","hentry","category-artigos","tag-aplaude","tag-delituoso","tag-hipocritamente","tag-meliantes"],"rttpg_featured_image_url":{"full":["https:\/\/goias.gov.br\/policiacivil\/wp-content\/uploads\/sites\/71\/2014\/03\/jesseir-coelho-de-alcantara-ws-6-recente.jpg",620,413,false],"landscape":["https:\/\/goias.gov.br\/policiacivil\/wp-content\/uploads\/sites\/71\/2014\/03\/jesseir-coelho-de-alcantara-ws-6-recente.jpg",620,413,false],"portraits":["https:\/\/goias.gov.br\/policiacivil\/wp-content\/uploads\/sites\/71\/2014\/03\/jesseir-coelho-de-alcantara-ws-6-recente.jpg",620,413,false],"thumbnail":["https:\/\/goias.gov.br\/policiacivil\/wp-content\/uploads\/sites\/71\/2014\/03\/jesseir-coelho-de-alcantara-ws-6-recente-150x150.jpg",150,150,true],"medium":["https:\/\/goias.gov.br\/policiacivil\/wp-content\/uploads\/sites\/71\/2014\/03\/jesseir-coelho-de-alcantara-ws-6-recente-300x200.jpg",300,200,true],"large":["https:\/\/goias.gov.br\/policiacivil\/wp-content\/uploads\/sites\/71\/2014\/03\/jesseir-coelho-de-alcantara-ws-6-recente.jpg",620,413,false],"1536x1536":["https:\/\/goias.gov.br\/policiacivil\/wp-content\/uploads\/sites\/71\/2014\/03\/jesseir-coelho-de-alcantara-ws-6-recente.jpg",620,413,false],"2048x2048":["https:\/\/goias.gov.br\/policiacivil\/wp-content\/uploads\/sites\/71\/2014\/03\/jesseir-coelho-de-alcantara-ws-6-recente.jpg",620,413,false]},"rttpg_author":{"display_name":"","author_link":"https:\/\/goias.gov.br\/policiacivil\/author\/"},"rttpg_comment":0,"rttpg_category":"<a href=\"https:\/\/goias.gov.br\/policiacivil\/categoria\/artigos\/\" rel=\"category tag\">Artigos<\/a>","rttpg_excerpt":"Jesseir Coelho de Alc\u00e2ntara \u00e9 Juiz de Direito","_links":{"self":[{"href":"https:\/\/goias.gov.br\/policiacivil\/wp-json\/wp\/v2\/posts\/23091","targetHints":{"allow":["GET"]}}],"collection":[{"href":"https:\/\/goias.gov.br\/policiacivil\/wp-json\/wp\/v2\/posts"}],"about":[{"href":"https:\/\/goias.gov.br\/policiacivil\/wp-json\/wp\/v2\/types\/post"}],"author":[{"embeddable":true,"href":"https:\/\/goias.gov.br\/policiacivil\/wp-json\/wp\/v2\/users\/4"}],"replies":[{"embeddable":true,"href":"https:\/\/goias.gov.br\/policiacivil\/wp-json\/wp\/v2\/comments?post=23091"}],"version-history":[{"count":0,"href":"https:\/\/goias.gov.br\/policiacivil\/wp-json\/wp\/v2\/posts\/23091\/revisions"}],"wp:featuredmedia":[{"embeddable":true,"href":"https:\/\/goias.gov.br\/policiacivil\/wp-json\/wp\/v2\/media\/23092"}],"wp:attachment":[{"href":"https:\/\/goias.gov.br\/policiacivil\/wp-json\/wp\/v2\/media?parent=23091"}],"wp:term":[{"taxonomy":"category","embeddable":true,"href":"https:\/\/goias.gov.br\/policiacivil\/wp-json\/wp\/v2\/categories?post=23091"},{"taxonomy":"post_tag","embeddable":true,"href":"https:\/\/goias.gov.br\/policiacivil\/wp-json\/wp\/v2\/tags?post=23091"}],"curies":[{"name":"wp","href":"https:\/\/api.w.org\/{rel}","templated":true}]}}