

{"id":22471,"date":"2014-02-11T14:50:06","date_gmt":"2014-02-11T16:50:06","guid":{"rendered":"https:\/\/goias.gov.br\/policiacivil\/?p=22471"},"modified":"2014-03-24T17:03:09","modified_gmt":"2014-03-24T20:03:09","slug":"22471","status":"publish","type":"post","link":"https:\/\/goias.gov.br\/policiacivil\/22471\/","title":{"rendered":"Vizinhos que incomodam: Lei neles!"},"content":{"rendered":"<figure id=\"attachment_22474\" aria-describedby=\"caption-attachment-22474\" style=\"width: 181px\" class=\"wp-caption alignleft\"><a href=\" https:\/\/goias.gov.br\/policiacivil\/artigos\/22471.html\/attachment\/jesseir-1-6\" rel=\"attachment wp-att-22474\"><img decoding=\"async\" class=\"size-medium wp-image-22474\" title=\"Jesseir (1)\" alt=\"\" src=\" https:\/\/goias.gov.br\/policiacivil\/wp-content\/uploads\/sites\/71\/sites\/71\/2014\/02\/jesseir-15-181x200.jpg\" width=\"181\" height=\"200\" \/><\/a><figcaption id=\"caption-attachment-22474\" class=\"wp-caption-text\">Jesseir Coelho de Alc\u00e2ntara<\/figcaption><\/figure>\n<p>Vizinhos que incomodam: Lei neles!<\/p>\n<p align=\"JUSTIFY\">Recentemente um jornal goiano estampou uma boa mat\u00e9ria com o t\u00edtulo acima. E quem nunca se deparou, mesmo morando em condom\u00ednios verticais ou horizontais, e at\u00e9 casas constru\u00eddas em ruas e avenidas, com vizinhos chatos e que incomodam? S\u00e3o carros estacionados em lugares impr\u00f3prios, lixos depositados em locais inapropriados, bitucas de cigarros jogados ao ch\u00e3o, cachorros que defecam na grama ou cal\u00e7adas, sons nos \u00faltimos decib\u00e9is altas horas da noite, gritarias, discuss\u00f5es de casais e filhos, uso e tr\u00e1fico de drogas nos arredores, etc. \u00c9 uma perturba\u00e7\u00e3o que atinge n\u00edveis insuport\u00e1veis.<\/p>\n<p align=\"JUSTIFY\">Muitas vezes as regras de conduta dos cidad\u00e3os n\u00e3o s\u00e3o cumpridas com civilidade. \u00c9 o salve-se quem puder. Em v\u00e1rias ocasi\u00f5es os sonhos da compra de um im\u00f3vel se transformam em pesadelo.<\/p>\n<p align=\"JUSTIFY\">Esse mal-estar contempor\u00e2neo e conflitos entre a vizinhan\u00e7a podem desaguar no Poder Judici\u00e1rio. Existem os aspectos no \u00e2mbito c\u00edvel e que geram grandes demandas entre as partes. H\u00e1, por\u00e9m, reflexos tamb\u00e9m na esfera criminal. Dentre muitas, podemos enumerar algumas: a Lei das Contraven\u00e7\u00f5es Penais estabelece no artigo 42:Perturbar algu\u00e9m, o trabalho ou o sossego alheios: I &#8211; com gritaria ou algazarra; II &#8211; exercendo profiss\u00e3o inc\u00f4moda ou ruidosa, em desacordo com as prescri\u00e7\u00f5es legais; III &#8211; abusando de instrumentos sonoros ou sinais ac\u00fasticos; IV &#8211; provocando ou n\u00e3o procurando impedir barulho produzido por animal de que tem guarda<span style=\"font-family: Helvetica, serif;\">: <\/span>Pena &#8211; pris\u00e3o simples, de 15 (quinze) dias a 3 (tr\u00eas) meses, ou multa<span style=\"font-family: Helvetica, serif;\">.<\/span><span style=\"color: #000000;\">O artigo 65 da mesma legisla\u00e7\u00e3o objetiva proteger o tranquilidade pessoal: Molestar algu\u00e9m ou perturba-lhe a tranquilidade, por acinte ou por motivo reprov\u00e1vel: Pena \u2013 pris\u00e3o simples, de 15 (quinze) dias a 2 (dois) meses, ou multa<\/span><span style=\"color: #003366;\">. <\/span>A Lei n\u00ba 9.605\/98 (Lei dos Crimes Ambientais) prev\u00ea em seu artigo 54, caput, pena de reclus\u00e3o de um a quatro anos, e multa para quem: \u201cCausar polui\u00e7\u00e3o de qualquer natureza em n\u00edveis tais que resultem ou possam resultar em danos \u00e0 sa\u00fade humana&#8230;\u201d<\/p>\n<p align=\"JUSTIFY\">Mesmo com multas e at\u00e9 pris\u00e3o que penalizam os que incomodam, o problema pode ser resolvido at\u00e9 com uma simples conversa amig\u00e1vel. \u00c0s vezes o s\u00edndico do condom\u00ednio pode ser um intermedi\u00e1rio na condu\u00e7\u00e3o da perlenga. Entretanto, quando n\u00e3o h\u00e1 como suportar a encrenca, recorra-se a lei para tentar resolver o inc\u00f4modo do vizinho que aborrece.<\/p>\n<p align=\"JUSTIFY\">O ideal \u00e9 que inexistisse desordem. Afinal, civilidade e educa\u00e7\u00e3o n\u00e3o faz mal a ningu\u00e9m.<\/p>\n<p align=\"JUSTIFY\">Jesseir Coelho de Alc\u00e2ntara \u00e9 Juiz de Direito e Professor<\/p>\n<p align=\"JUSTIFY\"><a name=\"_GoBack\"><\/a><\/p>\n","protected":false},"excerpt":{"rendered":"<p>Jesseir  Coelho de Alc\u00e2ntara \u00e9 Juiz de Direito<\/p>\n","protected":false},"author":4,"featured_media":22474,"comment_status":"closed","ping_status":"closed","sticky":false,"template":"","format":"standard","meta":{"footnotes":""},"categories":[29],"tags":[2851,2852,2849,2850],"class_list":["post-22471","post","type-post","status-publish","format-standard","has-post-thumbnail","hentry","category-artigos","tag-ambito","tag-conteporaneo","tag-contravencoes","tag-ruidosa"],"rttpg_featured_image_url":{"full":["https:\/\/goias.gov.br\/policiacivil\/wp-content\/uploads\/sites\/71\/2014\/02\/jesseir-15.jpg",200,220,false],"landscape":["https:\/\/goias.gov.br\/policiacivil\/wp-content\/uploads\/sites\/71\/2014\/02\/jesseir-15.jpg",200,220,false],"portraits":["https:\/\/goias.gov.br\/policiacivil\/wp-content\/uploads\/sites\/71\/2014\/02\/jesseir-15.jpg",200,220,false],"thumbnail":["https:\/\/goias.gov.br\/policiacivil\/wp-content\/uploads\/sites\/71\/2014\/02\/jesseir-15-150x150.jpg",150,150,true],"medium":["https:\/\/goias.gov.br\/policiacivil\/wp-content\/uploads\/sites\/71\/2014\/02\/jesseir-15-182x200.jpg",182,200,true],"large":["https:\/\/goias.gov.br\/policiacivil\/wp-content\/uploads\/sites\/71\/2014\/02\/jesseir-15.jpg",200,220,false],"1536x1536":["https:\/\/goias.gov.br\/policiacivil\/wp-content\/uploads\/sites\/71\/2014\/02\/jesseir-15.jpg",200,220,false],"2048x2048":["https:\/\/goias.gov.br\/policiacivil\/wp-content\/uploads\/sites\/71\/2014\/02\/jesseir-15.jpg",200,220,false]},"rttpg_author":{"display_name":"","author_link":"https:\/\/goias.gov.br\/policiacivil\/author\/"},"rttpg_comment":0,"rttpg_category":"<a href=\"https:\/\/goias.gov.br\/policiacivil\/categoria\/artigos\/\" rel=\"category tag\">Artigos<\/a>","rttpg_excerpt":"Jesseir Coelho de Alc\u00e2ntara \u00e9 Juiz de Direito","_links":{"self":[{"href":"https:\/\/goias.gov.br\/policiacivil\/wp-json\/wp\/v2\/posts\/22471","targetHints":{"allow":["GET"]}}],"collection":[{"href":"https:\/\/goias.gov.br\/policiacivil\/wp-json\/wp\/v2\/posts"}],"about":[{"href":"https:\/\/goias.gov.br\/policiacivil\/wp-json\/wp\/v2\/types\/post"}],"author":[{"embeddable":true,"href":"https:\/\/goias.gov.br\/policiacivil\/wp-json\/wp\/v2\/users\/4"}],"replies":[{"embeddable":true,"href":"https:\/\/goias.gov.br\/policiacivil\/wp-json\/wp\/v2\/comments?post=22471"}],"version-history":[{"count":0,"href":"https:\/\/goias.gov.br\/policiacivil\/wp-json\/wp\/v2\/posts\/22471\/revisions"}],"wp:featuredmedia":[{"embeddable":true,"href":"https:\/\/goias.gov.br\/policiacivil\/wp-json\/wp\/v2\/media\/22474"}],"wp:attachment":[{"href":"https:\/\/goias.gov.br\/policiacivil\/wp-json\/wp\/v2\/media?parent=22471"}],"wp:term":[{"taxonomy":"category","embeddable":true,"href":"https:\/\/goias.gov.br\/policiacivil\/wp-json\/wp\/v2\/categories?post=22471"},{"taxonomy":"post_tag","embeddable":true,"href":"https:\/\/goias.gov.br\/policiacivil\/wp-json\/wp\/v2\/tags?post=22471"}],"curies":[{"name":"wp","href":"https:\/\/api.w.org\/{rel}","templated":true}]}}