

{"id":2220,"date":"2011-12-04T10:35:02","date_gmt":"2011-12-04T12:35:02","guid":{"rendered":"https:\/\/goias.gov.br\/policiacivil\/?p=2220"},"modified":"2025-11-28T11:02:21","modified_gmt":"2025-11-28T14:02:21","slug":"a-policia-e-a-glorificacao-da-violencia","status":"publish","type":"post","link":"https:\/\/goias.gov.br\/policiacivil\/a-policia-e-a-glorificacao-da-violencia\/","title":{"rendered":"A pol\u00edcia e a glorifica\u00e7\u00e3o da viol\u00eancia"},"content":{"rendered":"<div class=\"mceTemp\" style=\"text-align: justify;\">\n<dl id=\"attachment_2221\" class=\"wp-caption alignleft\" style=\"width: 185px;\">\n<dt class=\"wp-caption-dt\"><img decoding=\"async\" class=\"size-medium wp-image-2221\" title=\"delegado\" src=\" https:\/\/goias.gov.br\/policiacivil\/wp-content\/uploads\/sites\/71\/sites\/71\/sites\/71\/2011\/12\/delegado-175x200.jpg\" alt=\"\" width=\"175\" height=\"200\" srcset=\"https:\/\/goias.gov.br\/policiacivil\/wp-content\/uploads\/sites\/71\/2011\/12\/delegado-175x200.jpg 175w, https:\/\/goias.gov.br\/policiacivil\/wp-content\/uploads\/sites\/71\/2011\/12\/delegado-263x300.jpg 263w, https:\/\/goias.gov.br\/policiacivil\/wp-content\/uploads\/sites\/71\/2011\/12\/delegado.jpg 350w\" sizes=\"(max-width: 175px) 100vw, 175px\" \/><\/dt>\n<\/dl>\n<\/div>\n<p style=\"text-align: justify;\"><span style=\"color: #0000ff;\">Edemundo Dias de Oliveira Filho<\/span><\/p>\n<p style=\"text-align: justify;\">O crime provoca fasc\u00ednio; o medo, estupor; a viol\u00eancia, glamour. Todos juntos, irm\u00e3os siameses, s\u00e3o a adrenalina favorita da sociedade do espet\u00e1culo. Nesse mundo cada vez mais midi\u00e1tico, privatizado e individualizado, \u00e9 imposs\u00edvel viver sem tais sentimentos. O que fazer diante dessa cat\u00e1strofe inescap\u00e1vel? Fugir ou enfrentar. O homem comum tem op\u00e7\u00f5es: isolamento ou engajamento. Mas para o homem de Estado, n\u00e3o h\u00e1 alternativa, s\u00f3 o engajamento resta, em denunciar com persist\u00eancia tais fen\u00f4menos, para enfrent\u00e1-los com coragem c\u00edvica e moral.<\/p>\n<p style=\"text-align: justify;\">\u00a0N\u00e3o se trata aqui de condenar a ignor\u00e2ncia nem o medo, nem a fuga a que o povo se v\u00ea coagido. Nesse ritmo, o isolamento autoinfligido do cidad\u00e3o comum n\u00e3o pode ser considerado fruto da covardia, mas de uma fantasia inculcada, ao lado de tantas outras alegorias, ao se sentir ilusoriamente tra\u00eddo ou sensatamente enredado. J\u00e1 a tarefa compuls\u00f3ria da qual o homem de Estado n\u00e3o pode abdicar, por dever de of\u00edcio, \u00e9 um caminho longo e tortuoso que passa entre a consci\u00eancia do problema e o vic\u00e1rio minist\u00e9rio de trazer \u00e0 luz a reflex\u00e3o verdadeira, para desnudar a complexa rede de elos causais entre as dores trazidas pela viol\u00eancia de fato e as condi\u00e7\u00f5es coletivamente reproduzidas pela m\u00eddia.<\/p>\n<p style=\"text-align: justify;\"><span style=\"color: #ff0000;\"><em>&#8220;A ideia de que o mundo quer ser enganadotornou-se mais verdadeira do que, sem d\u00favida, jamais pretendeu ser&#8221; (Theodor Adorno e Max Horkheimer)<\/em><\/span><\/p>\n<p style=\"text-align: justify;\">\u00a0Ent\u00e3o, por dever de of\u00edcio \u00e9 preciso dizer que o medo nunca ser\u00e1 vencido pelo medo; que crime \u00e9 um fen\u00f4meno complexo e poliss\u00eamico; que a viol\u00eancia gera viol\u00eancia e a desordem n\u00e3o s\u00f3 intimida o incauto cidad\u00e3o como incentiva o infrator e gradualmente proporciona mais criminalidade; que a desordem se instala na toler\u00e2ncia com qualquer tipo de ilicitude, e na aus\u00eancia do poder intimidat\u00f3rio do Estado: bares sem controle, sujeira em via p\u00fablica, produtos piratas vendidos em cal\u00e7adas em plena luz do dia, picha\u00e7\u00f5es, punguistas molestando pessoas, usu\u00e1rios de drogas espalhados pela cidade&#8230;<\/p>\n<p style=\"text-align: justify;\">\u00a0\u00c9 preciso dizer, ainda, que a seguran\u00e7a p\u00fablica n\u00e3o \u00e9 de responsabilidade exclusiva das pol\u00edcias e que para se empreender pol\u00edticas eficazes neste setor \u00e9 fundamental que os governos desenvolvam e ampliem sua capacidade de gest\u00e3o, de forma multidisciplinar, em educa\u00e7\u00e3o, sa\u00fade, trabalho, lazer e assist\u00eancia social.<\/p>\n<p style=\"text-align: justify;\">\u00a0\u00c9 preciso dizer mais: a institui\u00e7\u00e3o policial que prevalecer\u00e1 no decorrer desse s\u00e9culo dever\u00e1 ir al\u00e9m da compreens\u00e3o rasa da sua miss\u00e3o de combate ao crime, para aperfei\u00e7oar o atendimento ao cidad\u00e3o, com elevado senso de organiza\u00e7\u00e3o, treinamento e compromisso \u00e9tico. No entanto, a pol\u00edcia de hoje que se firmar\u00e1 no porvir ser\u00e1 aquela que souber enfrentar a histeria da glorifica\u00e7\u00e3o do medo e da viol\u00eancia e o seu nocivo impacto na qualidade de vida dos cidad\u00e3os de bem.<\/p>\n<p style=\"text-align: justify;\">\u00a0Essa nova vis\u00e3o e miss\u00e3o das institui\u00e7\u00f5es policiais em compreender, enfrentar e vencer o impacto da m\u00eddia na percep\u00e7\u00e3o da viol\u00eancia exige recursos que v\u00e3o al\u00e9m das armas tradicionais como pistolas, fuzis e metralhadoras, antes, conclamam o di\u00e1logo constante e a busca incans\u00e1vel da sua pr\u00f3pria efici\u00eancia. Talvez isto possa causar perplexidade para alguns, que n\u00e3o conseguirem perceber essa quest\u00e3o como de alt\u00edssimo valor estrat\u00e9gico, devendo ser, por isso, encarada com paci\u00eancia e persist\u00eancia para sua mitiga\u00e7\u00e3o, j\u00e1 que \u00e9 imposs\u00edvel suprimi-la totalmente. Evidentemente, uma popula\u00e7\u00e3o sem medo acredita mais na sua pol\u00edcia. Enfim, isto agregar\u00e1, com certeza, valor institucional incomensur\u00e1vel para a pol\u00edcia, inclusive em n\u00edvel pol\u00edtico.<\/p>\n<p style=\"text-align: justify;\"><span style=\"color: #0000ff;\">Edemundo Dias de Oliveira Filho \u00e9 delegado de pol\u00edcia e pastor evang\u00e9lico<\/span><\/p>\n<p style=\"text-align: justify;\">Artigo publicado no jornal O Popular, edi\u00e7\u00e3o de 03.12.11<\/p>\n","protected":false},"excerpt":{"rendered":"<p>Edemundo Dias de Oliveira Filho &#8211; Delegado de Pol\u00edcia<\/p>\n","protected":false},"author":4,"featured_media":2221,"comment_status":"closed","ping_status":"closed","sticky":false,"template":"","format":"standard","meta":{"footnotes":""},"categories":[29],"tags":[290,291],"class_list":["post-2220","post","type-post","status-publish","format-standard","has-post-thumbnail","hentry","category-artigos","tag-fascinio","tag-medo"],"rttpg_featured_image_url":{"full":["https:\/\/goias.gov.br\/policiacivil\/wp-content\/uploads\/sites\/71\/2011\/12\/delegado.jpg",350,400,false],"landscape":["https:\/\/goias.gov.br\/policiacivil\/wp-content\/uploads\/sites\/71\/2011\/12\/delegado.jpg",350,400,false],"portraits":["https:\/\/goias.gov.br\/policiacivil\/wp-content\/uploads\/sites\/71\/2011\/12\/delegado.jpg",350,400,false],"thumbnail":["https:\/\/goias.gov.br\/policiacivil\/wp-content\/uploads\/sites\/71\/2011\/12\/delegado-150x150.jpg",150,150,true],"medium":["https:\/\/goias.gov.br\/policiacivil\/wp-content\/uploads\/sites\/71\/2011\/12\/delegado-263x300.jpg",263,300,true],"large":["https:\/\/goias.gov.br\/policiacivil\/wp-content\/uploads\/sites\/71\/2011\/12\/delegado-263x300.jpg",263,300,true],"1536x1536":["https:\/\/goias.gov.br\/policiacivil\/wp-content\/uploads\/sites\/71\/2011\/12\/delegado.jpg",350,400,false],"2048x2048":["https:\/\/goias.gov.br\/policiacivil\/wp-content\/uploads\/sites\/71\/2011\/12\/delegado.jpg",350,400,false]},"rttpg_author":{"display_name":"","author_link":"https:\/\/goias.gov.br\/policiacivil\/author\/"},"rttpg_comment":0,"rttpg_category":"<a href=\"https:\/\/goias.gov.br\/policiacivil\/categoria\/artigos\/\" rel=\"category tag\">Artigos<\/a>","rttpg_excerpt":"Edemundo Dias de Oliveira Filho - Delegado de Pol\u00edcia","_links":{"self":[{"href":"https:\/\/goias.gov.br\/policiacivil\/wp-json\/wp\/v2\/posts\/2220","targetHints":{"allow":["GET"]}}],"collection":[{"href":"https:\/\/goias.gov.br\/policiacivil\/wp-json\/wp\/v2\/posts"}],"about":[{"href":"https:\/\/goias.gov.br\/policiacivil\/wp-json\/wp\/v2\/types\/post"}],"author":[{"embeddable":true,"href":"https:\/\/goias.gov.br\/policiacivil\/wp-json\/wp\/v2\/users\/4"}],"replies":[{"embeddable":true,"href":"https:\/\/goias.gov.br\/policiacivil\/wp-json\/wp\/v2\/comments?post=2220"}],"version-history":[{"count":1,"href":"https:\/\/goias.gov.br\/policiacivil\/wp-json\/wp\/v2\/posts\/2220\/revisions"}],"predecessor-version":[{"id":153669,"href":"https:\/\/goias.gov.br\/policiacivil\/wp-json\/wp\/v2\/posts\/2220\/revisions\/153669"}],"wp:featuredmedia":[{"embeddable":true,"href":"https:\/\/goias.gov.br\/policiacivil\/wp-json\/wp\/v2\/media\/2221"}],"wp:attachment":[{"href":"https:\/\/goias.gov.br\/policiacivil\/wp-json\/wp\/v2\/media?parent=2220"}],"wp:term":[{"taxonomy":"category","embeddable":true,"href":"https:\/\/goias.gov.br\/policiacivil\/wp-json\/wp\/v2\/categories?post=2220"},{"taxonomy":"post_tag","embeddable":true,"href":"https:\/\/goias.gov.br\/policiacivil\/wp-json\/wp\/v2\/tags?post=2220"}],"curies":[{"name":"wp","href":"https:\/\/api.w.org\/{rel}","templated":true}]}}