

{"id":20867,"date":"2013-10-29T07:56:34","date_gmt":"2013-10-29T09:56:34","guid":{"rendered":"https:\/\/goias.gov.br\/policiacivil\/?p=20867"},"modified":"2013-10-29T07:58:02","modified_gmt":"2013-10-29T09:58:02","slug":"o-vicio-nas-redes-sociais","status":"publish","type":"post","link":"https:\/\/goias.gov.br\/policiacivil\/o-vicio-nas-redes-sociais\/","title":{"rendered":"O v\u00edcio nas redes sociais"},"content":{"rendered":"<p><!--[if gte mso 9]><xml>\n<w:worddocument>\n<w:view>Normal<\/w:view>\n<w:zoom>0<\/w:zoom>\n<w:hyphenationzone>21<\/w:hyphenationzone>\n<w:punctuationkerning \/>\n<w:validateagainstschemas \/>\n<w:saveifxmlinvalid>false<\/w:saveifxmlinvalid>\n<w:ignoremixedcontent>false<\/w:ignoremixedcontent>\n<w:alwaysshowplaceholdertext>false<\/w:alwaysshowplaceholdertext>\n<w:compatibility>\n<w:breakwrappedtables \/>\n<w:snaptogridincell \/>\n<w:wraptextwithpunct \/>\n<w:useasianbreakrules \/>\n<w:dontgrowautofit \/>\n<\/w:compatibility>\n<w:browserlevel>MicrosoftInternetExplorer4<\/w:browserlevel>\n<\/w:worddocument>\n<\/xml>< ![endif]--><\/p>\n<p style=\"text-align: justify;\"><!--[if gte mso 9]><xml>\n<w:latentstyles DefLockedState=\"false\" LatentStyleCount=\"156\">\n<\/w:latentstyles>\n<\/xml>< ![endif]--><!--[if gte mso 10]>\n\n\n\n<style>\n \/* Style Definitions *\/\n table.MsoNormalTable\n\t{mso-style-name:\"Tabela normal\";\n\tmso-tstyle-rowband-size:0;\n\tmso-tstyle-colband-size:0;\n\tmso-style-noshow:yes;\n\tmso-style-parent:\"\";\n\tmso-padding-alt:0cm 5.4pt 0cm 5.4pt;\n\tmso-para-margin:0cm;\n\tmso-para-margin-bottom:.0001pt;\n\tmso-pagination:widow-orphan;\n\tfont-size:10.0pt;\n\tfont-family:\"Times New Roman\";\n\tmso-ansi-language:#0400;\n\tmso-fareast-language:#0400;\n\tmso-bidi-language:#0400;}\n<\/style>\n\n< ![endif]--><\/p>\n<figure id=\"attachment_20868\" aria-describedby=\"caption-attachment-20868\" style=\"width: 240px\" class=\"wp-caption alignleft\"><a href=\" https:\/\/goias.gov.br\/policiacivil\/wp-content\/uploads\/sites\/71\/sites\/71\/2013\/10\/norton.jpeg\"><img fetchpriority=\"high\" decoding=\"async\" class=\"size-full wp-image-20868\" title=\"norton\" src=\" https:\/\/goias.gov.br\/policiacivil\/wp-content\/uploads\/sites\/71\/sites\/71\/2013\/10\/norton.jpeg\" alt=\"\" width=\"240\" height=\"263\" srcset=\"https:\/\/goias.gov.br\/policiacivil\/wp-content\/uploads\/sites\/71\/2013\/10\/norton.jpeg 240w, https:\/\/goias.gov.br\/policiacivil\/wp-content\/uploads\/sites\/71\/2013\/10\/norton-183x200.jpeg 183w\" sizes=\"(max-width: 240px) 100vw, 240px\" \/><\/a><figcaption id=\"caption-attachment-20868\" class=\"wp-caption-text\">Delegado Norton Luiz Ferreira<\/figcaption><\/figure>\n<p style=\"text-align: justify;\">\u00a0\u00a0\u00a0\u00a0\u00a0\u00a0\u00a0\u00a0\u00a0\u00a0\u00a0\u00a0\u00a0\u00a0\u00a0\u00a0\u00a0\u00a0\u00a0\u00a0\u00a0\u00a0\u00a0\u00a0\u00a0\u00a0\u00a0\u00a0\u00a0\u00a0\u00a0\u00a0\u00a0 O v\u00edcio nas redes sociais<\/p>\n<p style=\"text-align: justify;\">As redes sociais ganharam a simpatia de milh\u00f5es de adeptos mundo afora. Viraram febre nas comunica\u00e7\u00f5es entre pessoas e grupos para compartilhar o dia a dia de cada um. Jovens e adultos abriram m\u00e3o de quase tudo para dedicar horas interagindo atrav\u00e9s do Facebook, WhatsApp, Twitter, Instagram e outros. O advento da internet estabeleceu o processo da globaliza\u00e7\u00e3o do mundo, encurtou dist\u00e2ncias e fez uma revolu\u00e7\u00e3o. Com essa moderna ferramenta, criou-se um universo de possibilidades muito al\u00e9m de contatos pessoais.<\/p>\n<p class=\"MsoNormal\" style=\"text-align: justify;\">Aparelhos celulares sofisticados, os chamados smartphones e tablets, est\u00e3o em todos os cantos, sempre nas m\u00e3os. Tornaram-se objetos insepar\u00e1veis na sala de aula, no trabalho, em casa, no banheiro, no momento de lazer e seja l\u00e1 onde for. A modernidade proporcionada pela internet trouxe avan\u00e7os, mas criou v\u00edcios na humanidade, deixando as pessoas dependentes da parafern\u00e1lia para compartilharem dados e se exibirem. \u00c9 comum at\u00e9 gente famosa, que precisa aparecer e chamar a aten\u00e7\u00e3o, lan\u00e7ar m\u00e3o das redes sociais para se mostrar, n\u00e3o raramente em poses sensuais.<\/p>\n<p class=\"MsoNormal\" style=\"text-align: justify;\">A empolga\u00e7\u00e3o \u00e9 tanta que \u00e0s vezes a pessoa n\u00e3o se d\u00e1 conta de que est\u00e1 se expondo demais. Outras permitiram-se ser filmadas na intimidade, e o que fizeram foi parar nas redes sociais, resultando em preju\u00edzos morais irrepar\u00e1veis. A depend\u00eancia de jovens e adultos por esse mundo encantado e sedutor chega a provocar situa\u00e7\u00f5es c\u00f4micas se n\u00e3o fossem t\u00e3o rid\u00edculas, constrangedoras e perniciosas para a boa conviv\u00eancia.<\/p>\n<p class=\"MsoNormal\" style=\"text-align: justify;\">Tornou-se comum grupos de pessoas e at\u00e9 fam\u00edlias inteiras ficarem o tempo todo antenados nas redes sociais sem se olharem e trocarem uma \u00fanica palavra por conta do v\u00edcio causado pelos meios de comunica\u00e7\u00e3o \u00e0 disposi\u00e7\u00e3o. Esse comportamento de compuls\u00e3o estabelece um distanciamento entre os que est\u00e3o pr\u00f3ximos e aproxima os que est\u00e3o distantes.<\/p>\n<p class=\"MsoNormal\" style=\"text-align: justify;\">Num ambiente ideal para um bate-papo, o que se v\u00ea s\u00e3o pessoas de olho nos smartphones e tablets o tempo todo, digitando mensagens e tirando fotos de si pr\u00f3prio ou dos amigos \u00e0 sua volta para postar nas redes sociais. Um clique no aparelho \u00e9 o suficiente para que o momento que poderia ser reservado \u00e0 uma conversa de mesa de bar, mais descontra\u00edda, torna-se p\u00fablica, desnecess\u00e1ria e fantasiosa na imagina\u00e7\u00e3o de quem posta a mensagem. Qual a gra\u00e7a ou a import\u00e2ncia de anunciar pelas redes sociais dando informa\u00e7\u00f5es do tipo \u201cno bar do fulano, tomando uma gelada\u201d ou a \u201ccerveja aqui t\u00e1 demais ! Vem pra c\u00e1\u201d?<\/p>\n<p class=\"MsoNormal\" style=\"text-align: justify;\">As pessoas perderam a capacidade de aproveitar os momentos para conversar olhando nos olhos e passaram a integrar o mundo da fantasia que as redes sociais criaram. Mas pelo jeito, n\u00e3o adianta espernear. As redes sociais mudaram os h\u00e1bitos, criaram uma nova cultura social e vieram para ficar. Tudo bem, n\u00e3o fosse seu uso de forma exagerada e \u00e0s vezes inconveniente.<\/p>\n<p class=\"MsoNormal\" style=\"text-align: justify;\">\n<p class=\"MsoNormal\" style=\"text-align: justify;\">\u00a0\u00a0\u00a0\u00a0\u00a0\u00a0\u00a0\u00a0\u00a0\u00a0\u00a0\u00a0\u00a0\u00a0\u00a0\u00a0\u00a0\u00a0\u00a0\u00a0\u00a0\u00a0\u00a0\u00a0\u00a0\u00a0\u00a0\u00a0\u00a0\u00a0\u00a0\u00a0\u00a0\u00a0\u00a0\u00a0\u00a0\u00a0\u00a0\u00a0 Norton Luiz Ferreira \u00e9 Delegado de Pol\u00edcia<\/p>\n<p class=\"MsoNormal\" style=\"text-align: justify;\"><span style=\"color: #ff0000;\">Artigo publicado na edi\u00e7\u00e3o de 28.10.13, do Jornal\u00a0 Popular<\/span><\/p>\n","protected":false},"excerpt":{"rendered":"<p>Norton Luiz Ferreira \u00e9 Delegado de Pol\u00edcia<\/p>\n","protected":false},"author":4,"featured_media":20868,"comment_status":"closed","ping_status":"closed","sticky":false,"template":"","format":"standard","meta":{"footnotes":""},"categories":[29],"tags":[2696,608,2698,2697],"class_list":["post-20867","post","type-post","status-publish","format-standard","has-post-thumbnail","hentry","category-artigos","tag-febre","tag-norton","tag-redes","tag-sociais"],"rttpg_featured_image_url":{"full":["https:\/\/goias.gov.br\/policiacivil\/wp-content\/uploads\/sites\/71\/2013\/10\/norton.jpeg",240,263,false],"landscape":["https:\/\/goias.gov.br\/policiacivil\/wp-content\/uploads\/sites\/71\/2013\/10\/norton.jpeg",240,263,false],"portraits":["https:\/\/goias.gov.br\/policiacivil\/wp-content\/uploads\/sites\/71\/2013\/10\/norton.jpeg",240,263,false],"thumbnail":["https:\/\/goias.gov.br\/policiacivil\/wp-content\/uploads\/sites\/71\/2013\/10\/norton-150x150.jpeg",150,150,true],"medium":["https:\/\/goias.gov.br\/policiacivil\/wp-content\/uploads\/sites\/71\/2013\/10\/norton-183x200.jpeg",183,200,true],"large":["https:\/\/goias.gov.br\/policiacivil\/wp-content\/uploads\/sites\/71\/2013\/10\/norton.jpeg",240,263,false],"1536x1536":["https:\/\/goias.gov.br\/policiacivil\/wp-content\/uploads\/sites\/71\/2013\/10\/norton.jpeg",240,263,false],"2048x2048":["https:\/\/goias.gov.br\/policiacivil\/wp-content\/uploads\/sites\/71\/2013\/10\/norton.jpeg",240,263,false]},"rttpg_author":{"display_name":"","author_link":"https:\/\/goias.gov.br\/policiacivil\/author\/"},"rttpg_comment":0,"rttpg_category":"<a href=\"https:\/\/goias.gov.br\/policiacivil\/categoria\/artigos\/\" rel=\"category tag\">Artigos<\/a>","rttpg_excerpt":"Norton Luiz Ferreira \u00e9 Delegado de Pol\u00edcia","_links":{"self":[{"href":"https:\/\/goias.gov.br\/policiacivil\/wp-json\/wp\/v2\/posts\/20867","targetHints":{"allow":["GET"]}}],"collection":[{"href":"https:\/\/goias.gov.br\/policiacivil\/wp-json\/wp\/v2\/posts"}],"about":[{"href":"https:\/\/goias.gov.br\/policiacivil\/wp-json\/wp\/v2\/types\/post"}],"author":[{"embeddable":true,"href":"https:\/\/goias.gov.br\/policiacivil\/wp-json\/wp\/v2\/users\/4"}],"replies":[{"embeddable":true,"href":"https:\/\/goias.gov.br\/policiacivil\/wp-json\/wp\/v2\/comments?post=20867"}],"version-history":[{"count":0,"href":"https:\/\/goias.gov.br\/policiacivil\/wp-json\/wp\/v2\/posts\/20867\/revisions"}],"wp:featuredmedia":[{"embeddable":true,"href":"https:\/\/goias.gov.br\/policiacivil\/wp-json\/wp\/v2\/media\/20868"}],"wp:attachment":[{"href":"https:\/\/goias.gov.br\/policiacivil\/wp-json\/wp\/v2\/media?parent=20867"}],"wp:term":[{"taxonomy":"category","embeddable":true,"href":"https:\/\/goias.gov.br\/policiacivil\/wp-json\/wp\/v2\/categories?post=20867"},{"taxonomy":"post_tag","embeddable":true,"href":"https:\/\/goias.gov.br\/policiacivil\/wp-json\/wp\/v2\/tags?post=20867"}],"curies":[{"name":"wp","href":"https:\/\/api.w.org\/{rel}","templated":true}]}}