

{"id":20773,"date":"2013-10-10T15:37:53","date_gmt":"2013-10-10T18:37:53","guid":{"rendered":"https:\/\/goias.gov.br\/policiacivil\/?p=20773"},"modified":"2013-10-10T15:38:51","modified_gmt":"2013-10-10T18:38:51","slug":"tatuagem-e-crime","status":"publish","type":"post","link":"https:\/\/goias.gov.br\/policiacivil\/tatuagem-e-crime\/","title":{"rendered":"Tatuagem \u00e9 crime?"},"content":{"rendered":"<p><!--[if gte mso 9]><xml>\n<w:worddocument>\n<w:view>Normal<\/w:view>\n<w:zoom>0<\/w:zoom>\n<w:hyphenationzone>21<\/w:hyphenationzone>\n<w:punctuationkerning \/>\n<w:validateagainstschemas \/>\n<w:saveifxmlinvalid>false<\/w:saveifxmlinvalid>\n<w:ignoremixedcontent>false<\/w:ignoremixedcontent>\n<w:alwaysshowplaceholdertext>false<\/w:alwaysshowplaceholdertext>\n<w:compatibility>\n<w:breakwrappedtables \/>\n<w:snaptogridincell \/>\n<w:wraptextwithpunct \/>\n<w:useasianbreakrules \/>\n<w:dontgrowautofit \/>\n<\/w:compatibility>\n<w:browserlevel>MicrosoftInternetExplorer4<\/w:browserlevel>\n<\/w:worddocument>\n<\/xml>< ![endif]--><\/p>\n<p><!--[if gte mso 9]><xml>\n<w:latentstyles DefLockedState=\"false\" LatentStyleCount=\"156\">\n<\/w:latentstyles>\n<\/xml>< ![endif]--><!--[if gte mso 10]>\n\n\n\n<style>\n \/* Style Definitions *\/\n table.MsoNormalTable\n\t{mso-style-name:\"Tabela normal\";\n\tmso-tstyle-rowband-size:0;\n\tmso-tstyle-colband-size:0;\n\tmso-style-noshow:yes;\n\tmso-style-parent:\"\";\n\tmso-padding-alt:0cm 5.4pt 0cm 5.4pt;\n\tmso-para-margin:0cm;\n\tmso-para-margin-bottom:.0001pt;\n\tmso-pagination:widow-orphan;\n\tfont-size:10.0pt;\n\tfont-family:\"Times New Roman\";\n\tmso-ansi-language:#0400;\n\tmso-fareast-language:#0400;\n\tmso-bidi-language:#0400;}\n<\/style>\n\n< ![endif]--><\/p>\n<figure id=\"attachment_20774\" aria-describedby=\"caption-attachment-20774\" style=\"width: 240px\" class=\"wp-caption alignleft\"><a href=\" https:\/\/goias.gov.br\/policiacivil\/wp-content\/uploads\/sites\/71\/sites\/71\/2013\/10\/jesseir1.jpeg\"><img fetchpriority=\"high\" decoding=\"async\" class=\"size-full wp-image-20774\" title=\"jesseir\" src=\" https:\/\/goias.gov.br\/policiacivil\/wp-content\/uploads\/sites\/71\/sites\/71\/2013\/10\/jesseir1.jpeg\" alt=\"\" width=\"240\" height=\"285\" srcset=\"https:\/\/goias.gov.br\/policiacivil\/wp-content\/uploads\/sites\/71\/2013\/10\/jesseir1.jpeg 240w, https:\/\/goias.gov.br\/policiacivil\/wp-content\/uploads\/sites\/71\/2013\/10\/jesseir1-168x200.jpeg 168w\" sizes=\"(max-width: 240px) 100vw, 240px\" \/><\/a><figcaption id=\"caption-attachment-20774\" class=\"wp-caption-text\">Jesseir Coelho de Alc\u00e2ntara<\/figcaption><\/figure>\n<p class=\"MsoNormal\" style=\"text-align: center;\">Tatuagem \u00e9 crime?<span style=\"mso-fareast-font-family: 'Times New Roman';\"><span style=\"mso-spacerun: yes;\"><br \/>\n<\/span><\/span><\/p>\n<p class=\"MsoNormal\" style=\"text-align: justify;\"><span style=\"mso-fareast-font-family: 'Times New Roman';\">A <strong>tatuagem<\/strong> ou dermopigmenta\u00e7\u00e3o \u00e9 um ato de pigmentar ou colorir. Trata-se de um desenho permanente feito na pele humana que, tecnicamente, \u00e9 uma aplica\u00e7\u00e3o subcut\u00e2nea obtida atrav\u00e9s da introdu\u00e7\u00e3o de pigmentos por agulhas.<\/span><span style=\"mso-fareast-font-family: 'Times New Roman';\">\u00a0<\/span><\/p>\n<p class=\"MsoNormal\" style=\"text-align: justify;\"><span style=\"mso-fareast-font-family: 'Times New Roman';\">Nos dias atuais est\u00e1 se tornando corriqueiro aparecer in\u00fameras pessoas que t\u00eam o corpo quase todo tatuado. Muitos fazem quest\u00e3o de expressar nos \u201ctatoos\u201d seus sentimentos, emo\u00e7\u00f5es e pensamentos ao p\u00fablico em novo modismo.<\/span><span style=\"mso-fareast-font-family: 'Times New Roman';\">\u00a0<\/span><\/p>\n<p class=\"MsoNormal\" style=\"text-align: justify;\"><span style=\"mso-fareast-font-family: 'Times New Roman';\">Falando em tatuagem e crime, \u00e9 inevit\u00e1vel citar os pres\u00eddios, onde ela aparece significativamente, seja como forma de express\u00e3o da melancolia comum aos ambientes carcer\u00e1rios (imagens de entes queridos, religiosas, mensagens), seja identificando os crimes que o detento cometeu. Por exemplo: normalmente <span class=\"st\"><span style=\"font-family: 'Arial Black';\">sereia <\/span><\/span><em><span style=\"font-family: 'Arial Black';\">tatuada<\/span><\/em><span class=\"st\"><span style=\"font-family: 'Arial Black';\"> nos bra\u00e7os, ombros ou peito \u00e9 usada por quem cometeu estupro ou outros <\/span><\/span><em><span style=\"font-family: 'Arial Black';\">crimes<\/span><\/em><span class=\"st\"><span style=\"font-family: 'Arial Black';\"> de abuso sexual, como atentado violento ao pudor.<\/span><\/span><\/span><span class=\"st\"><span style=\"font-family: 'Arial Black'; mso-fareast-font-family: 'Times New Roman';\">\u00a0<\/span><\/span><\/p>\n<p class=\"MsoNormal\" style=\"text-align: justify;\"><span class=\"st\"><span style=\"font-family: 'Arial Black'; mso-fareast-font-family: 'Times New Roman';\">A tatuagem em si, genericamente, n\u00e3o constitui delito, embora haja <\/span><\/span><span style=\"mso-fareast-font-family: 'Times New Roman';\">um conceito em associar tatuagens \u00e0 bandidagem. Isso cria uma pol\u00eamica nacional e faz com que personalidades se expressem nas redes sociais, muitos de forma revoltosa.<\/span><span style=\"mso-fareast-font-family: 'Times New Roman';\">\u00a0<\/span><\/p>\n<p class=\"MsoNormal\" style=\"text-align: justify;\"><span style=\"mso-fareast-font-family: 'Times New Roman';\">Agora, se um sujeito efetua em seu corpo de maneira vis\u00edvel uma tatuagem incentivando um ato de viol\u00eancia ou a pr\u00e1tica de um delito previsto em lei, com certeza estar\u00e1 cometendo um crime e pode ser responsabilizado. <\/span><\/p>\n<p class=\"MsoNormal\" style=\"text-align: justify;\"><span style=\"mso-fareast-font-family: 'Times New Roman';\">Corre-se o risco de cometer os il\u00edcitos penais estatu\u00eddos nos artigos 286 (incita\u00e7\u00e3o ao crime) e 287 (apologia de crime ou criminoso) do C\u00f3digo Penal. Exemplifica\u00e7\u00e3o: no Brasil fazer apologia ao nazismo e ao racismo \u00e9 crime sem direito a fian\u00e7a. Este enquadramento \u00e9 dado pelo artigo 20, par\u00e1grafos 1\u00ba e 2\u00ba, da Lei n. 7716\/89 (reda\u00e7\u00e3o destes par\u00e1grafos atualizada pela lei n. 9459\/97). <\/span><\/p>\n<p class=\"MsoNormal\" style=\"text-align: justify;\"><span style=\"mso-fareast-font-family: 'Times New Roman';\">Se a tatuagem \u00e9 feita em um menor de idade \u201c<span style=\"color: #1d1b11;\">sem o consentimento dos pais, sim, \u00e9 crime: les\u00e3o corporal de natureza grave, porque resulta em deformidade permanente, conforme entendimento fixado pela 9\u00aa C\u00e2mara de Direito Criminal do TJSP. Se feita com o consentimento dos pais, n\u00e3o, n\u00e3o \u00e9 crime. Entra aqui n\u00e3o s\u00f3 o consentimento v\u00e1lido como o princ\u00edpio da adequa\u00e7\u00e3o social (\u00e9 a mesma coisa, guardadas as devidas propor\u00e7\u00f5es, que a perfura\u00e7\u00e3o da orelha da crian\u00e7a)\u201d. Esse \u00e9 o ensino do doutrinador Luiz Fl\u00e1vio Gomes<\/span><\/span><span style=\"font-size: 10.0pt; font-family: Times; mso-bidi-font-family: 'Times New Roman';\">.<\/span><\/p>\n<p class=\"MsoNormal\" style=\"text-align: justify;\"><span style=\"mso-fareast-font-family: 'Times New Roman'; color: #1d1b11;\">Em Goi\u00e1s, desde julho do corrente ano, h\u00e1 a Lei 18.055 que veda a realiza\u00e7\u00e3o de procedimentos de tatuagem e outros, como piercings, em crian\u00e7as e adolescentes sem autoriza\u00e7\u00e3o expressa dos pais ou respons\u00e1veis pelo menor.<\/span><span style=\"mso-fareast-font-family: 'Times New Roman'; color: #1d1b11;\">\u00a0<\/span><\/p>\n<p class=\"MsoNormal\" style=\"text-align: justify;\"><span style=\"mso-fareast-font-family: 'Times New Roman'; color: #1d1b11;\">Conforme a norma goiana, em caso de descumprimento das exig\u00eancias, o estabelecimento que realizar a tatuagem ter\u00e1 que pagar um multa de R$ 2 mil. O valor pode dobrar em caso de reincid\u00eancia. Portanto, essa legisla\u00e7\u00e3o diz respeito a aspectos administrativos e n\u00e3o criminais.<\/span><\/p>\n<p class=\"MsoNormal\" style=\"text-align: justify;\"><span style=\"mso-fareast-font-family: 'Times New Roman'; color: #1d1b11;\">Assim, tatuagem pode ser considerada crime dependendo da maneira como \u00e9 feita, em quem \u00e9 realizada e qual a inten\u00e7\u00e3o do uso no corpo da pessoa. <\/span><\/p>\n<p class=\"MsoNormal\" style=\"text-align: justify;\"><span style=\"mso-fareast-font-family: 'Times New Roman'; color: #1d1b11;\">\u00a0<\/span><\/p>\n<p class=\"MsoNormal\" style=\"text-align: center;\" align=\"center\"><span style=\"mso-fareast-font-family: 'Times New Roman'; color: #1d1b11;\">Jesseir Coelho de Alc\u00e2ntara<\/span><span style=\"mso-fareast-font-family: 'Times New Roman'; color: #1d1b11;\"><br \/>\nJuiz de Direito e Professor<\/span><\/p>\n<p class=\"MsoNormal\" style=\"text-align: center;\" align=\"center\"><span style=\"mso-fareast-font-family: 'Times New Roman'; color: #1d1b11;\">\u00a0<\/span><\/p>\n<p class=\"MsoNormal\" style=\"text-align: center;\" align=\"center\"><span style=\"mso-fareast-font-family: 'Times New Roman'; color: #1d1b11;\">\u00a0<\/span><\/p>\n<p class=\"MsoNormal\" style=\"text-align: center;\" align=\"center\"><span style=\"mso-fareast-font-family: 'Times New Roman'; color: #1d1b11;\">\u00a0<\/span><\/p>\n<p class=\"MsoNormal\" style=\"text-align: justify;\"><span style=\"mso-fareast-font-family: 'Times New Roman';\"><span style=\"mso-tab-count: 1;\">\u00a0\u00a0\u00a0\u00a0\u00a0\u00a0\u00a0\u00a0 <\/span><\/span><\/p>\n<p class=\"MsoNormal\" style=\"text-align: justify;\"><span style=\"mso-fareast-font-family: 'Times New Roman';\"><span style=\"mso-tab-count: 2;\">\u00a0\u00a0\u00a0\u00a0\u00a0\u00a0\u00a0\u00a0\u00a0\u00a0\u00a0\u00a0\u00a0\u00a0\u00a0\u00a0\u00a0\u00a0 <\/span><\/span><\/p>\n<p class=\"MsoNormal\" style=\"text-align: justify;\"><span style=\"mso-fareast-font-family: 'Times New Roman';\">\u00a0<\/span><\/p>\n<p class=\"MsoNormal\"><span style=\"mso-fareast-font-family: 'Times New Roman';\"><span style=\"mso-tab-count: 1;\">\u00a0\u00a0\u00a0\u00a0\u00a0\u00a0\u00a0\u00a0 <\/span><\/span><\/p>\n<p class=\"MsoNormal\"><span style=\"mso-fareast-font-family: 'Times New Roman';\"><span style=\"mso-tab-count: 1;\">\u00a0\u00a0\u00a0\u00a0\u00a0\u00a0\u00a0\u00a0 <\/span><\/span><\/p>\n<p class=\"MsoNormal\"><span style=\"mso-fareast-font-family: 'Times New Roman';\"><span style=\"mso-tab-count: 1;\">\u00a0\u00a0\u00a0\u00a0\u00a0\u00a0\u00a0\u00a0 <\/span><\/span><\/p>\n<p class=\"MsoNormal\" style=\"text-align: justify;\"><span style=\"mso-fareast-font-family: 'Times New Roman';\"><span style=\"mso-tab-count: 1;\">\u00a0\u00a0\u00a0\u00a0\u00a0\u00a0\u00a0\u00a0 <\/span><\/span><\/p>\n<p class=\"MsoNormal\">\n","protected":false},"excerpt":{"rendered":"<p>Jesseir Juiz de Alc\u00e2ntara \u00e9 Juiz de Direito<\/p>\n","protected":false},"author":4,"featured_media":20774,"comment_status":"closed","ping_status":"closed","sticky":false,"template":"","format":"standard","meta":{"footnotes":""},"categories":[29],"tags":[2678,2679,2680,2677],"class_list":["post-20773","post","type-post","status-publish","format-standard","has-post-thumbnail","hentry","category-artigos","tag-dependendo","tag-dermopigmentacao","tag-tatoos","tag-tatuagem"],"rttpg_featured_image_url":{"full":["https:\/\/goias.gov.br\/policiacivil\/wp-content\/uploads\/sites\/71\/2013\/10\/jesseir1.jpeg",240,285,false],"landscape":["https:\/\/goias.gov.br\/policiacivil\/wp-content\/uploads\/sites\/71\/2013\/10\/jesseir1.jpeg",240,285,false],"portraits":["https:\/\/goias.gov.br\/policiacivil\/wp-content\/uploads\/sites\/71\/2013\/10\/jesseir1.jpeg",240,285,false],"thumbnail":["https:\/\/goias.gov.br\/policiacivil\/wp-content\/uploads\/sites\/71\/2013\/10\/jesseir1-150x150.jpeg",150,150,true],"medium":["https:\/\/goias.gov.br\/policiacivil\/wp-content\/uploads\/sites\/71\/2013\/10\/jesseir1-168x200.jpeg",168,200,true],"large":["https:\/\/goias.gov.br\/policiacivil\/wp-content\/uploads\/sites\/71\/2013\/10\/jesseir1.jpeg",240,285,false],"1536x1536":["https:\/\/goias.gov.br\/policiacivil\/wp-content\/uploads\/sites\/71\/2013\/10\/jesseir1.jpeg",240,285,false],"2048x2048":["https:\/\/goias.gov.br\/policiacivil\/wp-content\/uploads\/sites\/71\/2013\/10\/jesseir1.jpeg",240,285,false]},"rttpg_author":{"display_name":"","author_link":"https:\/\/goias.gov.br\/policiacivil\/author\/"},"rttpg_comment":0,"rttpg_category":"<a href=\"https:\/\/goias.gov.br\/policiacivil\/categoria\/artigos\/\" rel=\"category tag\">Artigos<\/a>","rttpg_excerpt":"Jesseir Juiz de Alc\u00e2ntara \u00e9 Juiz de Direito","_links":{"self":[{"href":"https:\/\/goias.gov.br\/policiacivil\/wp-json\/wp\/v2\/posts\/20773","targetHints":{"allow":["GET"]}}],"collection":[{"href":"https:\/\/goias.gov.br\/policiacivil\/wp-json\/wp\/v2\/posts"}],"about":[{"href":"https:\/\/goias.gov.br\/policiacivil\/wp-json\/wp\/v2\/types\/post"}],"author":[{"embeddable":true,"href":"https:\/\/goias.gov.br\/policiacivil\/wp-json\/wp\/v2\/users\/4"}],"replies":[{"embeddable":true,"href":"https:\/\/goias.gov.br\/policiacivil\/wp-json\/wp\/v2\/comments?post=20773"}],"version-history":[{"count":0,"href":"https:\/\/goias.gov.br\/policiacivil\/wp-json\/wp\/v2\/posts\/20773\/revisions"}],"wp:featuredmedia":[{"embeddable":true,"href":"https:\/\/goias.gov.br\/policiacivil\/wp-json\/wp\/v2\/media\/20774"}],"wp:attachment":[{"href":"https:\/\/goias.gov.br\/policiacivil\/wp-json\/wp\/v2\/media?parent=20773"}],"wp:term":[{"taxonomy":"category","embeddable":true,"href":"https:\/\/goias.gov.br\/policiacivil\/wp-json\/wp\/v2\/categories?post=20773"},{"taxonomy":"post_tag","embeddable":true,"href":"https:\/\/goias.gov.br\/policiacivil\/wp-json\/wp\/v2\/tags?post=20773"}],"curies":[{"name":"wp","href":"https:\/\/api.w.org\/{rel}","templated":true}]}}