

{"id":20680,"date":"2013-10-03T09:56:28","date_gmt":"2013-10-03T12:56:28","guid":{"rendered":"https:\/\/goias.gov.br\/policiacivil\/?p=20680"},"modified":"2013-10-03T10:14:08","modified_gmt":"2013-10-03T13:14:08","slug":"idosos-cansados-de-agressao","status":"publish","type":"post","link":"https:\/\/goias.gov.br\/policiacivil\/idosos-cansados-de-agressao\/","title":{"rendered":"Idosos cansados de agress\u00e3o"},"content":{"rendered":"<p><!--[if gte mso 9]><xml>\n<w:worddocument>\n<w:view>Normal<\/w:view>\n<w:zoom>0<\/w:zoom>\n<w:hyphenationzone>21<\/w:hyphenationzone>\n<w:punctuationkerning \/>\n<w:validateagainstschemas \/>\n<w:saveifxmlinvalid>false<\/w:saveifxmlinvalid>\n<w:ignoremixedcontent>false<\/w:ignoremixedcontent>\n<w:alwaysshowplaceholdertext>false<\/w:alwaysshowplaceholdertext>\n<w:compatibility>\n<w:breakwrappedtables \/>\n<w:snaptogridincell \/>\n<w:wraptextwithpunct \/>\n<w:useasianbreakrules \/>\n<w:dontgrowautofit \/>\n<\/w:compatibility>\n<w:browserlevel>MicrosoftInternetExplorer4<\/w:browserlevel>\n<\/w:worddocument>\n<\/xml>< ![endif]--><\/p>\n<p><!--[if gte mso 9]><xml>\n<w:latentstyles DefLockedState=\"false\" LatentStyleCount=\"156\">\n<\/w:latentstyles>\n<\/xml>< ![endif]--><!--[if gte mso 10]>\n\n\n\n<style>\n \/* Style Definitions *\/\n table.MsoNormalTable\n\t{mso-style-name:\"Tabela normal\";\n\tmso-tstyle-rowband-size:0;\n\tmso-tstyle-colband-size:0;\n\tmso-style-noshow:yes;\n\tmso-style-parent:\"\";\n\tmso-padding-alt:0cm 5.4pt 0cm 5.4pt;\n\tmso-para-margin:0cm;\n\tmso-para-margin-bottom:.0001pt;\n\tmso-pagination:widow-orphan;\n\tfont-size:10.0pt;\n\tfont-family:\"Times New Roman\";\n\tmso-ansi-language:#0400;\n\tmso-fareast-language:#0400;\n\tmso-bidi-language:#0400;}\n<\/style>\n\n< ![endif]--><\/p>\n<p class=\"MsoNormal\" style=\"text-align: center;\">IDOSOS CANSADOS DE AGRESS\u00c3O<\/p>\n<figure id=\"attachment_20681\" aria-describedby=\"caption-attachment-20681\" style=\"width: 192px\" class=\"wp-caption alignleft\"><a href=\" https:\/\/goias.gov.br\/policiacivil\/wp-content\/uploads\/sites\/71\/sites\/71\/2013\/10\/jesseir.jpeg\"><img decoding=\"async\" class=\" wp-image-20681 \" title=\"jesseir\" src=\" https:\/\/goias.gov.br\/policiacivil\/wp-content\/uploads\/sites\/71\/sites\/71\/2013\/10\/jesseir.jpeg\" alt=\"\" width=\"192\" height=\"229\" srcset=\"https:\/\/goias.gov.br\/policiacivil\/wp-content\/uploads\/sites\/71\/2013\/10\/jesseir.jpeg 240w, https:\/\/goias.gov.br\/policiacivil\/wp-content\/uploads\/sites\/71\/2013\/10\/jesseir-168x200.jpeg 168w\" sizes=\"(max-width: 192px) 100vw, 192px\" \/><\/a><figcaption id=\"caption-attachment-20681\" class=\"wp-caption-text\">Jesseir Coelho de Alc\u00e2ntara<\/figcaption><\/figure>\n<p class=\"MsoNormal\" style=\"text-align: justify; tab-stops: 78.0pt;\">A viol\u00eancia contra o idoso n\u00e3o \u00e9 novidade e sempre foi assunto de grande preocupa\u00e7\u00e3o. Falta cuidado e aten\u00e7\u00e3o com eles e h\u00e1 um enorme grau de abandono. As agress\u00f5es s\u00e3o cometidas, na maioria das vezes, por familiares. Muitos desses idosos que sofrem maus tratos s\u00e3o inseridos em programas de assist\u00eancia social das prefeituras municipais.Outros, sofrem com o abandono. <span style=\"mso-fareast-font-family: 'Times New Roman';\">A viol\u00eancia contra o idoso \u00e9 um grave problema de sa\u00fade p\u00fablica no Brasil.<\/span>De acordo com o IBGE, hoje 23,5 milh\u00f5es dos brasileiros s\u00e3o idosos. No Brasil, em 2011 foram feitas 7.160 den\u00fancias de viol\u00eancia contra os anci\u00e3os. No per\u00edodo de 2012 foram realizadas 21.404.<\/p>\n<p class=\"MsoNormal\" style=\"text-align: justify;\">Em Goi\u00e1s, em 2011, foram registradas 191 den\u00fancias e em 2012 o n\u00famero aumentou para 726. Infelizmente a tend\u00eancia \u00e9 aumentar a quantidade pelo Disque 100, um canal de comunica\u00e7\u00e3o da sociedade civil com o poder p\u00fablico que atende den\u00fancias de viola\u00e7\u00f5es de direitos humanos envolvendo idosos. Isso tudo sem considerar casos que n\u00e3o chegam ao conhecimento p\u00fablico.<\/p>\n<p class=\"MsoNormal\" style=\"text-align: justify;\">H\u00e1 v\u00e1rios tipos de pr\u00e1tica de viol\u00eancia contra os idosos: f\u00edsica, psicol\u00f3gica, sexual, financeira e econ\u00f4mica, abandono, etc. <span style=\"mso-fareast-font-family: 'Times New Roman';\">A viol\u00eancia, em muitas situa\u00e7\u00f5es, \u00e9 silenciosa porque, na maioria das vezes, eles dependem dos familiares. Muitos n\u00e3o t\u00eam coragem de procurar ajuda, de pedir socorro. Isso \u00e9 preocupante porque segundo a ONU, em 2025, o Brasil passar\u00e1 da d\u00e9cima-sexta para a sexta posi\u00e7\u00e3o entre os pa\u00edses com maior n\u00famero de idosos. Um contingente respeit\u00e1vel, cuja qualidade de vida exige ser levada em conta, tanto pelo poder p\u00fablico quanto pelos mais jovens na sociedade civil, acima dos preconceitos ou de qualquer tipo de discrimina\u00e7\u00e3o.<\/span><\/p>\n<p class=\"MsoNormal\" style=\"text-align: justify; tab-stops: 78.0pt;\"><span style=\"mso-fareast-font-family: 'Times New Roman';\"><span style=\"mso-tab-count: 1;\">O <\/span><strong>Estatuto do Idoso<\/strong> foi uma das maiores conquistas relativas aos direitos da terceira idade no Brasil. Ele garante os direitos a liberdade, dignidade, integridade, sa\u00fade e educa\u00e7\u00e3o, cabendo \u00e0 fam\u00edlia em primeira inst\u00e2ncia, ao estado e \u00e0 sociedade como um todo zelar pelo cumprimento destes direitos e garantir aos mais velhos uma qualidade de vida decente. Mas, de nada adianta uma lei bonita no papel se na pr\u00e1tica ela \u00e9 falha na sua aplica\u00e7\u00e3o.<\/span><\/p>\n<p class=\"MsoNormal\" style=\"text-align: justify; tab-stops: 78.0pt;\"><span style=\"mso-fareast-font-family: 'Times New Roman';\">Para a coordenadoria geral dos direitos do idoso da Secretaria de Direitos Humanos da Presid\u00eancia da Rep\u00fablica, onde h\u00e1 Delegacia Especializada de Prote\u00e7\u00e3o ao Idoso, ele \u00e9 melhor tratado e a quantidade de abusos \u00e9 menor. A falta atrapalha o trabalho de investiga\u00e7\u00e3o. Nosso Estado ainda n\u00e3o tem esse tipo de delegacia, s\u00f3 projeto. <\/span><\/p>\n<p class=\"MsoNormal\" style=\"text-align: justify; tab-stops: 78.0pt;\"><span style=\"mso-fareast-font-family: 'Times New Roman';\">Na realidade, esse cansa\u00e7o de viol\u00eancia que os idosos passam n\u00e3o pode prosperar. Essas pessoas de mais idade precisam ser respeitadas e as pessoas precisam entender aquilo que o s\u00e1bio Salom\u00e3o expressou em prov\u00e9rbios: \u201ca beleza dos velhos s\u00e3o as suas c\u00e3s\u201d. <\/span><\/p>\n<p class=\"MsoNormal\" style=\"text-align: justify; tab-stops: 78.0pt;\"><span style=\"mso-fareast-font-family: 'Times New Roman';\">Jesseir Coelho de Alc\u00e2ntara \u00e9 Juiz de Direito e Professor.<br \/>\n<\/span><\/p>\n<p class=\"MsoNormal\" style=\"text-align: justify; tab-stops: 78.0pt;\"><span style=\"mso-fareast-font-family: 'Times New Roman';\"><br \/>\n<\/span><\/p>\n<p class=\"MsoNormal\" style=\"text-align: justify; tab-stops: 78.0pt;\"><span style=\"mso-fareast-font-family: 'Times New Roman';\"><span style=\"mso-tab-count: 1;\">\u00a0\u00a0\u00a0\u00a0\u00a0\u00a0\u00a0\u00a0\u00a0\u00a0\u00a0\u00a0\u00a0\u00a0\u00a0\u00a0\u00a0\u00a0\u00a0\u00a0 <\/span><\/span><\/p>\n","protected":false},"excerpt":{"rendered":"<p>Jesseir Coelho de Alc\u00e2ntara \u00e9 Juiz de Direito<\/p>\n","protected":false},"author":4,"featured_media":20681,"comment_status":"closed","ping_status":"closed","sticky":false,"template":"","format":"standard","meta":{"footnotes":""},"categories":[29],"tags":[2656,1530,2655,2657],"class_list":["post-20680","post","type-post","status-publish","format-standard","has-post-thumbnail","hentry","category-artigos","tag-cansaco","tag-humanos","tag-presidencia","tag-prosperar"],"rttpg_featured_image_url":{"full":["https:\/\/goias.gov.br\/policiacivil\/wp-content\/uploads\/sites\/71\/2013\/10\/jesseir.jpeg",240,285,false],"landscape":["https:\/\/goias.gov.br\/policiacivil\/wp-content\/uploads\/sites\/71\/2013\/10\/jesseir.jpeg",240,285,false],"portraits":["https:\/\/goias.gov.br\/policiacivil\/wp-content\/uploads\/sites\/71\/2013\/10\/jesseir.jpeg",240,285,false],"thumbnail":["https:\/\/goias.gov.br\/policiacivil\/wp-content\/uploads\/sites\/71\/2013\/10\/jesseir-150x150.jpeg",150,150,true],"medium":["https:\/\/goias.gov.br\/policiacivil\/wp-content\/uploads\/sites\/71\/2013\/10\/jesseir-168x200.jpeg",168,200,true],"large":["https:\/\/goias.gov.br\/policiacivil\/wp-content\/uploads\/sites\/71\/2013\/10\/jesseir.jpeg",240,285,false],"1536x1536":["https:\/\/goias.gov.br\/policiacivil\/wp-content\/uploads\/sites\/71\/2013\/10\/jesseir.jpeg",240,285,false],"2048x2048":["https:\/\/goias.gov.br\/policiacivil\/wp-content\/uploads\/sites\/71\/2013\/10\/jesseir.jpeg",240,285,false]},"rttpg_author":{"display_name":"","author_link":"https:\/\/goias.gov.br\/policiacivil\/author\/"},"rttpg_comment":0,"rttpg_category":"<a href=\"https:\/\/goias.gov.br\/policiacivil\/categoria\/artigos\/\" rel=\"category tag\">Artigos<\/a>","rttpg_excerpt":"Jesseir Coelho de Alc\u00e2ntara \u00e9 Juiz de Direito","_links":{"self":[{"href":"https:\/\/goias.gov.br\/policiacivil\/wp-json\/wp\/v2\/posts\/20680","targetHints":{"allow":["GET"]}}],"collection":[{"href":"https:\/\/goias.gov.br\/policiacivil\/wp-json\/wp\/v2\/posts"}],"about":[{"href":"https:\/\/goias.gov.br\/policiacivil\/wp-json\/wp\/v2\/types\/post"}],"author":[{"embeddable":true,"href":"https:\/\/goias.gov.br\/policiacivil\/wp-json\/wp\/v2\/users\/4"}],"replies":[{"embeddable":true,"href":"https:\/\/goias.gov.br\/policiacivil\/wp-json\/wp\/v2\/comments?post=20680"}],"version-history":[{"count":0,"href":"https:\/\/goias.gov.br\/policiacivil\/wp-json\/wp\/v2\/posts\/20680\/revisions"}],"wp:featuredmedia":[{"embeddable":true,"href":"https:\/\/goias.gov.br\/policiacivil\/wp-json\/wp\/v2\/media\/20681"}],"wp:attachment":[{"href":"https:\/\/goias.gov.br\/policiacivil\/wp-json\/wp\/v2\/media?parent=20680"}],"wp:term":[{"taxonomy":"category","embeddable":true,"href":"https:\/\/goias.gov.br\/policiacivil\/wp-json\/wp\/v2\/categories?post=20680"},{"taxonomy":"post_tag","embeddable":true,"href":"https:\/\/goias.gov.br\/policiacivil\/wp-json\/wp\/v2\/tags?post=20680"}],"curies":[{"name":"wp","href":"https:\/\/api.w.org\/{rel}","templated":true}]}}