

{"id":195226,"date":"2026-04-30T16:17:41","date_gmt":"2026-04-30T19:17:41","guid":{"rendered":"https:\/\/goias.gov.br\/policiacivil\/?p=195226"},"modified":"2026-04-30T16:18:48","modified_gmt":"2026-04-30T19:18:48","slug":"pcgo-prende-em-flagrante-autor-de-feminicidio-brutal-ocorrido-na-zona-rural-de-orizona","status":"publish","type":"post","link":"https:\/\/goias.gov.br\/policiacivil\/pcgo-prende-em-flagrante-autor-de-feminicidio-brutal-ocorrido-na-zona-rural-de-orizona\/","title":{"rendered":"PCGO prende em flagrante autor de feminic\u00eddio brutal ocorrido na zona rural de Orizona"},"content":{"rendered":"<p style=\"text-align: justify;\"><span style=\"font-weight: 400;\">A Pol\u00edcia Civil de Goi\u00e1s, por meio da Delegacia de Pol\u00edcia de Orizona &#8211; 9\u00aa DRP, com apoio da Delegacia de Pol\u00edcia de Vian\u00f3polis &#8211; 3\u00aa DRP, prendeu em flagrante nesta quinta-feira(30) um homem de 23 anos, investigado pela pr\u00e1tica de feminic\u00eddio ocorrido no dia 28 de fevereiro desde ano, na zona rural da regi\u00e3o, povoado da Cachoeira. <\/span><span style=\"font-weight: 400;\">Na ocasi\u00e3o dos fatos, as for\u00e7as de seguran\u00e7a foram acionadas ap\u00f3s not\u00edcia de que uma mulher havia sido encontrada ca\u00edda em um curral, j\u00e1 sem sinais vitais. Ao chegarem ao local, constatou-se que a v\u00edtima apresentava les\u00f5es extremamente graves na regi\u00e3o da cabe\u00e7a, provocadas por instrumento contundente, com intensa viol\u00eancia, deixando sua face desfigurada, evidenciando a brutalidade da a\u00e7\u00e3o criminosa.<\/span><\/p>\n<p style=\"text-align: justify;\"><span style=\"font-weight: 400;\">Desde o primeiro momento, os elementos colhidos indicaram que o autor seria o ex-companheiro da v\u00edtima, sendo o crime motivado por ci\u00fames, no contexto de relacionamento anterior marcado por desentendimentos. <\/span><span style=\"font-weight: 400;\">Imediatamente ap\u00f3s o crime, o suspeito empreendeu fuga, passando a se ocultar em \u00e1rea de mata na zona rural. A partir de ent\u00e3o, a Pol\u00edcia Civil iniciou uma verdadeira opera\u00e7\u00e3o de captura, com dilig\u00eancias ininterruptas, envolvendo incurs\u00f5es em regi\u00f5es de dif\u00edcil acesso.<\/span><\/p>\n<p style=\"text-align: justify;\"><span style=\"font-weight: 400;\">Ap\u00f3s novos levantamentos de intelig\u00eancia, as equipes conseguiram identificar o paradeiro do suspeito, que foi localizado na zona rural do povoado da Cachoeira, sendo prontamente capturado. <\/span><span style=\"font-weight: 400;\">Durante interrogat\u00f3rio, o autor confessou a pr\u00e1tica do crime, relatando ter desferido ao menos cinco golpes na regi\u00e3o da cabe\u00e7a da v\u00edtima, utilizando objeto contundente, sem que houvesse qualquer rea\u00e7\u00e3o por parte dela. <\/span><span style=\"font-weight: 400;\">Diante dos fatos, foi lavrado o auto de pris\u00e3o em flagrante pelo crime de feminic\u00eddio, sendo o preso encaminhado \u00e0 unidade prisional, onde permanecer\u00e1 \u00e0 disposi\u00e7\u00e3o do Poder Judici\u00e1rio.<\/span><\/p>\n<p><b>PCGO: investigar para proteger \ud83d\ude94<\/b><\/p>\n<p>&nbsp;<\/p>\n<div id='gallery-1' class='gallery galleryid-195226 gallery-columns-2 gallery-size-thumbnail'><figure class='gallery-item'>\n\t\t\t<div class='gallery-icon portrait'>\n\t\t\t\t<a href='https:\/\/goias.gov.br\/policiacivil\/wp-content\/uploads\/sites\/71\/2026\/04\/WhatsApp-Image-2026-04-30-at-15.45.40-1.jpeg'><img decoding=\"async\" width=\"150\" height=\"150\" src=\"https:\/\/goias.gov.br\/policiacivil\/wp-content\/uploads\/sites\/71\/2026\/04\/WhatsApp-Image-2026-04-30-at-15.45.40-1-150x150.jpeg\" class=\"attachment-thumbnail size-thumbnail\" alt=\"\" \/><\/a>\n\t\t\t<\/div><\/figure><figure class='gallery-item'>\n\t\t\t<div class='gallery-icon portrait'>\n\t\t\t\t<a href='https:\/\/goias.gov.br\/policiacivil\/wp-content\/uploads\/sites\/71\/2026\/04\/WhatsApp-Image-2026-04-30-at-15.45.40.jpeg'><img decoding=\"async\" width=\"150\" height=\"150\" src=\"https:\/\/goias.gov.br\/policiacivil\/wp-content\/uploads\/sites\/71\/2026\/04\/WhatsApp-Image-2026-04-30-at-15.45.40-150x150.jpeg\" class=\"attachment-thumbnail size-thumbnail\" alt=\"\" \/><\/a>\n\t\t\t<\/div><\/figure>\n\t\t<\/div>\n\n","protected":false},"excerpt":{"rendered":"<p>A Pol\u00edcia Civil de Goi\u00e1s, por meio da Delegacia de Pol\u00edcia de Orizona &#8211; 9\u00aa DRP, com apoio da Delegacia de Pol\u00edcia de Vian\u00f3polis &#8211; 3\u00aa DRP, prendeu em flagrante nesta quinta-feira(30) um homem de 23 anos, investigado pela pr\u00e1tica de feminic\u00eddio ocorrido no dia 28 de fevereiro desde ano, na zona rural da regi\u00e3o, [&hellip;]<\/p>\n","protected":false},"author":898,"featured_media":195273,"comment_status":"closed","ping_status":"open","sticky":false,"template":"","format":"standard","meta":{"footnotes":""},"categories":[3190,11542,2538,3,89],"tags":[3889,2605],"class_list":["post-195226","post","type-post","status-publish","format-standard","has-post-thumbnail","hentry","category-3a-regional","category-9a-regional-2","category-delegacias","category-noticias","category-regionais","tag-feminicidio","tag-orizona"],"rttpg_featured_image_url":{"full":["https:\/\/goias.gov.br\/policiacivil\/wp-content\/uploads\/sites\/71\/2026\/04\/WhatsApp-Image-2026-04-30-at-15.45.40-1.jpeg",786,1600,false],"landscape":["https:\/\/goias.gov.br\/policiacivil\/wp-content\/uploads\/sites\/71\/2026\/04\/WhatsApp-Image-2026-04-30-at-15.45.40-1.jpeg",786,1600,false],"portraits":["https:\/\/goias.gov.br\/policiacivil\/wp-content\/uploads\/sites\/71\/2026\/04\/WhatsApp-Image-2026-04-30-at-15.45.40-1.jpeg",786,1600,false],"thumbnail":["https:\/\/goias.gov.br\/policiacivil\/wp-content\/uploads\/sites\/71\/2026\/04\/WhatsApp-Image-2026-04-30-at-15.45.40-1-150x150.jpeg",150,150,true],"medium":["https:\/\/goias.gov.br\/policiacivil\/wp-content\/uploads\/sites\/71\/2026\/04\/WhatsApp-Image-2026-04-30-at-15.45.40-1-147x300.jpeg",147,300,true],"large":["https:\/\/goias.gov.br\/policiacivil\/wp-content\/uploads\/sites\/71\/2026\/04\/WhatsApp-Image-2026-04-30-at-15.45.40-1-503x1024.jpeg",503,1024,true],"1536x1536":["https:\/\/goias.gov.br\/policiacivil\/wp-content\/uploads\/sites\/71\/2026\/04\/WhatsApp-Image-2026-04-30-at-15.45.40-1-755x1536.jpeg",755,1536,true],"2048x2048":["https:\/\/goias.gov.br\/policiacivil\/wp-content\/uploads\/sites\/71\/2026\/04\/WhatsApp-Image-2026-04-30-at-15.45.40-1.jpeg",786,1600,false]},"rttpg_author":{"display_name":"carlanovaes","author_link":"https:\/\/goias.gov.br\/policiacivil\/author\/carlanovaes\/"},"rttpg_comment":0,"rttpg_category":"<a href=\"https:\/\/goias.gov.br\/policiacivil\/categoria\/drp\/3a-regional\/\" rel=\"category tag\">3\u00aa Regional<\/a> <a href=\"https:\/\/goias.gov.br\/policiacivil\/categoria\/9a-regional-2\/\" rel=\"category tag\">9\u00aa Regional<\/a> <a href=\"https:\/\/goias.gov.br\/policiacivil\/categoria\/delegacias\/\" rel=\"category tag\">Delegacias<\/a> <a href=\"https:\/\/goias.gov.br\/policiacivil\/categoria\/noticias\/\" rel=\"category tag\">Not\u00edcias<\/a> <a href=\"https:\/\/goias.gov.br\/policiacivil\/categoria\/delegacias\/regionais\/\" rel=\"category tag\">Regionais<\/a>","rttpg_excerpt":"A Pol\u00edcia Civil de Goi\u00e1s, por meio da Delegacia de Pol\u00edcia de Orizona &#8211; 9\u00aa DRP, com apoio da Delegacia de Pol\u00edcia de Vian\u00f3polis &#8211; 3\u00aa DRP, prendeu em flagrante nesta quinta-feira(30) um homem de 23 anos, investigado pela pr\u00e1tica de feminic\u00eddio ocorrido no dia 28 de fevereiro desde ano, na zona rural da regi\u00e3o,&hellip;","_links":{"self":[{"href":"https:\/\/goias.gov.br\/policiacivil\/wp-json\/wp\/v2\/posts\/195226","targetHints":{"allow":["GET"]}}],"collection":[{"href":"https:\/\/goias.gov.br\/policiacivil\/wp-json\/wp\/v2\/posts"}],"about":[{"href":"https:\/\/goias.gov.br\/policiacivil\/wp-json\/wp\/v2\/types\/post"}],"author":[{"embeddable":true,"href":"https:\/\/goias.gov.br\/policiacivil\/wp-json\/wp\/v2\/users\/898"}],"replies":[{"embeddable":true,"href":"https:\/\/goias.gov.br\/policiacivil\/wp-json\/wp\/v2\/comments?post=195226"}],"version-history":[{"count":2,"href":"https:\/\/goias.gov.br\/policiacivil\/wp-json\/wp\/v2\/posts\/195226\/revisions"}],"predecessor-version":[{"id":195333,"href":"https:\/\/goias.gov.br\/policiacivil\/wp-json\/wp\/v2\/posts\/195226\/revisions\/195333"}],"wp:featuredmedia":[{"embeddable":true,"href":"https:\/\/goias.gov.br\/policiacivil\/wp-json\/wp\/v2\/media\/195273"}],"wp:attachment":[{"href":"https:\/\/goias.gov.br\/policiacivil\/wp-json\/wp\/v2\/media?parent=195226"}],"wp:term":[{"taxonomy":"category","embeddable":true,"href":"https:\/\/goias.gov.br\/policiacivil\/wp-json\/wp\/v2\/categories?post=195226"},{"taxonomy":"post_tag","embeddable":true,"href":"https:\/\/goias.gov.br\/policiacivil\/wp-json\/wp\/v2\/tags?post=195226"}],"curies":[{"name":"wp","href":"https:\/\/api.w.org\/{rel}","templated":true}]}}