

{"id":195096,"date":"2026-04-30T14:42:26","date_gmt":"2026-04-30T17:42:26","guid":{"rendered":"https:\/\/goias.gov.br\/policiacivil\/?p=195096"},"modified":"2026-04-30T14:44:43","modified_gmt":"2026-04-30T17:44:43","slug":"pcgo-recupera-maquina-de-lavar-furtada-e-prende-homem-por-receptacao-e-consumo-de-drogas-em-varjao","status":"publish","type":"post","link":"https:\/\/goias.gov.br\/policiacivil\/pcgo-recupera-maquina-de-lavar-furtada-e-prende-homem-por-receptacao-e-consumo-de-drogas-em-varjao\/","title":{"rendered":"PCGO recupera m\u00e1quina de lavar furtada e prende homem por recepta\u00e7\u00e3o em Varj\u00e3o"},"content":{"rendered":"<p style=\"text-align: justify;\"><span style=\"font-weight: 400;\">A Pol\u00edcia Civil de Goi\u00e1s, por meio da Delegacia de Pol\u00edcia de Varj\u00e3o &#8211; 16\u00aa DRP, prendeu em flagrante, nessa quarta-feira (29),\u00a0 um homem pelos crimes de recepta\u00e7\u00e3o e consumo pessoal de drogas. <\/span><span style=\"font-weight: 400;\">A a\u00e7\u00e3o teve in\u00edcio ap\u00f3s uma v\u00edtima comparecer \u00e0 unidade policial relatando o furto de uma m\u00e1quina de lavar roupas de sua resid\u00eancia, ocorrido durante sua aus\u00eancia, per\u00edodo em que o im\u00f3vel estava sob os cuidados de um parente. <\/span><span style=\"font-weight: 400;\">Ap\u00f3s a an\u00e1lise de imagens de c\u00e2meras de seguran\u00e7a de um im\u00f3vel vizinho, foi poss\u00edvel identificar um caminh\u00e3o de frete utilizado no transporte do objeto subtra\u00eddo. O motorista foi posteriormente localizado e indicou o endere\u00e7o de entrega.<\/span><\/p>\n<p style=\"text-align: justify;\"><span style=\"font-weight: 400;\">De posse das informa\u00e7\u00f5es, as equipes policiais se deslocaram at\u00e9 o local indicado, onde encontraram o suspeito na resid\u00eancia. No local, foram localizadas duas m\u00e1quinas de lavar, sendo uma delas correspondente ao bem furtado. <\/span><span style=\"font-weight: 400;\">Questionado, o autor informou ter adquirido o objeto pelo valor de R$ 200 de um indiv\u00edduo conhecido da v\u00edtima. <\/span><span style=\"font-weight: 400;\">Durante a abordagem, os policiais constataram que o autor estava em companhia de outras pessoas em situa\u00e7\u00e3o de uso compartilhado de subst\u00e2ncia entorpecente, sendo apreendida uma por\u00e7\u00e3o de maconha em sua posse. <\/span><span style=\"font-weight: 400;\">Diante dos fatos, foi dada voz de pris\u00e3o ao suspeito, que foi conduzido \u00e0 delegacia de pol\u00edcia para os procedimentos legais cab\u00edveis.<\/span><\/p>\n<p><strong>PCGO: investigar para proteger \ud83d\ude94<\/strong><\/p>\n<p>&nbsp;<\/p>\n","protected":false},"excerpt":{"rendered":"<p>A Pol\u00edcia Civil de Goi\u00e1s, por meio da Delegacia de Pol\u00edcia de Varj\u00e3o &#8211; 16\u00aa DRP, prendeu em flagrante, nessa quarta-feira (29),\u00a0 um homem pelos crimes de recepta\u00e7\u00e3o e consumo pessoal de drogas. A a\u00e7\u00e3o teve in\u00edcio ap\u00f3s uma v\u00edtima comparecer \u00e0 unidade policial relatando o furto de uma m\u00e1quina de lavar roupas de sua [&hellip;]<\/p>\n","protected":false},"author":898,"featured_media":195153,"comment_status":"closed","ping_status":"open","sticky":false,"template":"","format":"standard","meta":{"footnotes":""},"categories":[11547,2538,3,89],"tags":[11586,594,3792],"class_list":["post-195096","post","type-post","status-publish","format-standard","has-post-thumbnail","hentry","category-16a-regional-2","category-delegacias","category-noticias","category-regionais","tag-consumo-pessoal-de-drogas","tag-receptacao","tag-varjao"],"rttpg_featured_image_url":{"full":["https:\/\/goias.gov.br\/policiacivil\/wp-content\/uploads\/sites\/71\/2026\/04\/WhatsApp-Image-2026-04-30-at-12.21.08.jpeg",500,1280,false],"landscape":["https:\/\/goias.gov.br\/policiacivil\/wp-content\/uploads\/sites\/71\/2026\/04\/WhatsApp-Image-2026-04-30-at-12.21.08.jpeg",500,1280,false],"portraits":["https:\/\/goias.gov.br\/policiacivil\/wp-content\/uploads\/sites\/71\/2026\/04\/WhatsApp-Image-2026-04-30-at-12.21.08.jpeg",500,1280,false],"thumbnail":["https:\/\/goias.gov.br\/policiacivil\/wp-content\/uploads\/sites\/71\/2026\/04\/WhatsApp-Image-2026-04-30-at-12.21.08-150x150.jpeg",150,150,true],"medium":["https:\/\/goias.gov.br\/policiacivil\/wp-content\/uploads\/sites\/71\/2026\/04\/WhatsApp-Image-2026-04-30-at-12.21.08-117x300.jpeg",117,300,true],"large":["https:\/\/goias.gov.br\/policiacivil\/wp-content\/uploads\/sites\/71\/2026\/04\/WhatsApp-Image-2026-04-30-at-12.21.08-400x1024.jpeg",400,1024,true],"1536x1536":["https:\/\/goias.gov.br\/policiacivil\/wp-content\/uploads\/sites\/71\/2026\/04\/WhatsApp-Image-2026-04-30-at-12.21.08.jpeg",500,1280,false],"2048x2048":["https:\/\/goias.gov.br\/policiacivil\/wp-content\/uploads\/sites\/71\/2026\/04\/WhatsApp-Image-2026-04-30-at-12.21.08.jpeg",500,1280,false]},"rttpg_author":{"display_name":"carlanovaes","author_link":"https:\/\/goias.gov.br\/policiacivil\/author\/carlanovaes\/"},"rttpg_comment":0,"rttpg_category":"<a href=\"https:\/\/goias.gov.br\/policiacivil\/categoria\/16a-regional-2\/\" rel=\"category tag\">16\u00aa Regional<\/a> <a href=\"https:\/\/goias.gov.br\/policiacivil\/categoria\/delegacias\/\" rel=\"category tag\">Delegacias<\/a> <a href=\"https:\/\/goias.gov.br\/policiacivil\/categoria\/noticias\/\" rel=\"category tag\">Not\u00edcias<\/a> <a href=\"https:\/\/goias.gov.br\/policiacivil\/categoria\/delegacias\/regionais\/\" rel=\"category tag\">Regionais<\/a>","rttpg_excerpt":"A Pol\u00edcia Civil de Goi\u00e1s, por meio da Delegacia de Pol\u00edcia de Varj\u00e3o &#8211; 16\u00aa DRP, prendeu em flagrante, nessa quarta-feira (29),\u00a0 um homem pelos crimes de recepta\u00e7\u00e3o e consumo pessoal de drogas. A a\u00e7\u00e3o teve in\u00edcio ap\u00f3s uma v\u00edtima comparecer \u00e0 unidade policial relatando o furto de uma m\u00e1quina de lavar roupas de sua&hellip;","_links":{"self":[{"href":"https:\/\/goias.gov.br\/policiacivil\/wp-json\/wp\/v2\/posts\/195096","targetHints":{"allow":["GET"]}}],"collection":[{"href":"https:\/\/goias.gov.br\/policiacivil\/wp-json\/wp\/v2\/posts"}],"about":[{"href":"https:\/\/goias.gov.br\/policiacivil\/wp-json\/wp\/v2\/types\/post"}],"author":[{"embeddable":true,"href":"https:\/\/goias.gov.br\/policiacivil\/wp-json\/wp\/v2\/users\/898"}],"replies":[{"embeddable":true,"href":"https:\/\/goias.gov.br\/policiacivil\/wp-json\/wp\/v2\/comments?post=195096"}],"version-history":[{"count":2,"href":"https:\/\/goias.gov.br\/policiacivil\/wp-json\/wp\/v2\/posts\/195096\/revisions"}],"predecessor-version":[{"id":195188,"href":"https:\/\/goias.gov.br\/policiacivil\/wp-json\/wp\/v2\/posts\/195096\/revisions\/195188"}],"wp:featuredmedia":[{"embeddable":true,"href":"https:\/\/goias.gov.br\/policiacivil\/wp-json\/wp\/v2\/media\/195153"}],"wp:attachment":[{"href":"https:\/\/goias.gov.br\/policiacivil\/wp-json\/wp\/v2\/media?parent=195096"}],"wp:term":[{"taxonomy":"category","embeddable":true,"href":"https:\/\/goias.gov.br\/policiacivil\/wp-json\/wp\/v2\/categories?post=195096"},{"taxonomy":"post_tag","embeddable":true,"href":"https:\/\/goias.gov.br\/policiacivil\/wp-json\/wp\/v2\/tags?post=195096"}],"curies":[{"name":"wp","href":"https:\/\/api.w.org\/{rel}","templated":true}]}}