

{"id":191742,"date":"2026-04-16T17:51:24","date_gmt":"2026-04-16T20:51:24","guid":{"rendered":"https:\/\/goias.gov.br\/policiacivil\/?p=191742"},"modified":"2026-04-16T17:51:24","modified_gmt":"2026-04-16T20:51:24","slug":"policia-civil-concluiu-processo-de-entrega-de-mais-de-10-mil-novas-carteiras-funcionais-das-forcas-de-seguranca-publica","status":"publish","type":"post","link":"https:\/\/goias.gov.br\/policiacivil\/policia-civil-concluiu-processo-de-entrega-de-mais-de-10-mil-novas-carteiras-funcionais-das-forcas-de-seguranca-publica\/","title":{"rendered":"Pol\u00edcia Civil concluiu processo de entrega de mais de 10 mil novas carteiras funcionais das for\u00e7as de seguran\u00e7a p\u00fablica"},"content":{"rendered":"<p style=\"text-align: justify;\">A Pol\u00edcia Civil de Goi\u00e1s, por meio da Dire\u00e7\u00e3o-Geral e da Superintend\u00eancia de Identifica\u00e7\u00e3o Humana (SIH), concluiu o processo de confec\u00e7\u00e3o das carteiras funcionais dos membros de todas as for\u00e7as de seguran\u00e7a. As carteiras s\u00e3o feitas pela SIH que, nos \u00faltimos anos, se empenhou, paulatinamente, para finalizar o processo de entrega a todos os policiais. Na \u00faltima etapa, foi poss\u00edvel finalizar as funcionais de todos os policiais militares. Al\u00e9m dos 2.800 policiais civis contemplados, receberam as novas funcionais 3.759 policiais militares; 1.470 bombeiros militares; 1.708 policiais penais e 800 servidores da Pol\u00edcia T\u00e9cnico-Cient\u00edfica.<\/p>\n<p style=\"text-align: justify;\">\n<p style=\"text-align: justify;\">A cerim\u00f4nia de finaliza\u00e7\u00e3o e entrega das novas funcionais foi realizada na tarde de hoje (16), na sala do Conselho Superior da Pol\u00edcia Civil. Estiveram presentes o Delegado-Geral Andr\u00e9 Ganga; o Delegado-Geral Adjunto Murilo Polati; a Superintendente de Gest\u00e3o Integrada, delegada Renata Cheim; o Superintendente de Identifica\u00e7\u00e3o Humana, delegado Webert Leonardo Lopes; a Superintendente de Identifica\u00e7\u00e3o Adjunta, Bruna Ramos, e as papiloscopistas policiais que trabalharam na coordena\u00e7\u00e3o de produ\u00e7\u00e3o das novas funcionais, Ana Paula Vicente, Gerente de Identifica\u00e7\u00e3o Civil, e Haidee Oliveira, chefe da Se\u00e7\u00e3o de Identifica\u00e7\u00e3o Funcional, ambas da SIH. O Major Camilo, comandante do Gabinete de Identifica\u00e7\u00e3o da Pol\u00edcia Militar, esteve no ato de entrega representando a PMGO.<\/p>\n<p><strong>PCGO: investigar para proteger \ud83d\ude94<\/strong><\/p>\n<p>&nbsp;<\/p>\n<div id='gallery-1' class='gallery galleryid-191742 gallery-columns-3 gallery-size-thumbnail'><figure class='gallery-item'>\n\t\t\t<div class='gallery-icon landscape'>\n\t\t\t\t<a href='https:\/\/goias.gov.br\/policiacivil\/wp-content\/uploads\/sites\/71\/2026\/04\/WhatsApp-Image-2026-04-16-at-15.50.35.jpeg'><img decoding=\"async\" width=\"150\" height=\"150\" src=\"https:\/\/goias.gov.br\/policiacivil\/wp-content\/uploads\/sites\/71\/2026\/04\/WhatsApp-Image-2026-04-16-at-15.50.35-150x150.jpeg\" class=\"attachment-thumbnail size-thumbnail\" alt=\"\" \/><\/a>\n\t\t\t<\/div><\/figure><figure class='gallery-item'>\n\t\t\t<div class='gallery-icon landscape'>\n\t\t\t\t<a href='https:\/\/goias.gov.br\/policiacivil\/wp-content\/uploads\/sites\/71\/2026\/04\/WhatsApp-Image-2026-04-16-at-15.50.33.jpeg'><img decoding=\"async\" width=\"150\" height=\"150\" src=\"https:\/\/goias.gov.br\/policiacivil\/wp-content\/uploads\/sites\/71\/2026\/04\/WhatsApp-Image-2026-04-16-at-15.50.33-150x150.jpeg\" class=\"attachment-thumbnail size-thumbnail\" alt=\"\" \/><\/a>\n\t\t\t<\/div><\/figure><figure class='gallery-item'>\n\t\t\t<div class='gallery-icon landscape'>\n\t\t\t\t<a href='https:\/\/goias.gov.br\/policiacivil\/wp-content\/uploads\/sites\/71\/2026\/04\/WhatsApp-Image-2026-04-16-at-15.50.24.jpeg'><img decoding=\"async\" width=\"150\" height=\"150\" src=\"https:\/\/goias.gov.br\/policiacivil\/wp-content\/uploads\/sites\/71\/2026\/04\/WhatsApp-Image-2026-04-16-at-15.50.24-150x150.jpeg\" class=\"attachment-thumbnail size-thumbnail\" alt=\"\" \/><\/a>\n\t\t\t<\/div><\/figure><figure class='gallery-item'>\n\t\t\t<div class='gallery-icon portrait'>\n\t\t\t\t<a href='https:\/\/goias.gov.br\/policiacivil\/wp-content\/uploads\/sites\/71\/2026\/04\/WhatsApp-Image-2026-04-16-at-15.48.37.jpeg'><img loading=\"lazy\" decoding=\"async\" width=\"150\" height=\"150\" src=\"https:\/\/goias.gov.br\/policiacivil\/wp-content\/uploads\/sites\/71\/2026\/04\/WhatsApp-Image-2026-04-16-at-15.48.37-150x150.jpeg\" class=\"attachment-thumbnail size-thumbnail\" alt=\"\" \/><\/a>\n\t\t\t<\/div><\/figure><figure class='gallery-item'>\n\t\t\t<div class='gallery-icon portrait'>\n\t\t\t\t<a href='https:\/\/goias.gov.br\/policiacivil\/wp-content\/uploads\/sites\/71\/2026\/04\/WhatsApp-Image-2026-04-16-at-15.48.35.jpeg'><img loading=\"lazy\" decoding=\"async\" width=\"150\" height=\"150\" src=\"https:\/\/goias.gov.br\/policiacivil\/wp-content\/uploads\/sites\/71\/2026\/04\/WhatsApp-Image-2026-04-16-at-15.48.35-150x150.jpeg\" class=\"attachment-thumbnail size-thumbnail\" alt=\"\" \/><\/a>\n\t\t\t<\/div><\/figure><figure class='gallery-item'>\n\t\t\t<div class='gallery-icon portrait'>\n\t\t\t\t<a href='https:\/\/goias.gov.br\/policiacivil\/wp-content\/uploads\/sites\/71\/2026\/04\/WhatsApp-Image-2026-04-16-at-15.48.32.jpeg'><img loading=\"lazy\" decoding=\"async\" width=\"150\" height=\"150\" src=\"https:\/\/goias.gov.br\/policiacivil\/wp-content\/uploads\/sites\/71\/2026\/04\/WhatsApp-Image-2026-04-16-at-15.48.32-150x150.jpeg\" class=\"attachment-thumbnail size-thumbnail\" alt=\"\" \/><\/a>\n\t\t\t<\/div><\/figure><figure class='gallery-item'>\n\t\t\t<div class='gallery-icon portrait'>\n\t\t\t\t<a href='https:\/\/goias.gov.br\/policiacivil\/wp-content\/uploads\/sites\/71\/2026\/04\/WhatsApp-Image-2026-04-16-at-15.48.28.jpeg'><img loading=\"lazy\" decoding=\"async\" width=\"150\" height=\"150\" src=\"https:\/\/goias.gov.br\/policiacivil\/wp-content\/uploads\/sites\/71\/2026\/04\/WhatsApp-Image-2026-04-16-at-15.48.28-150x150.jpeg\" class=\"attachment-thumbnail size-thumbnail\" alt=\"\" \/><\/a>\n\t\t\t<\/div><\/figure>\n\t\t<\/div>\n\n","protected":false},"excerpt":{"rendered":"<p>A Pol\u00edcia Civil de Goi\u00e1s, por meio da Dire\u00e7\u00e3o-Geral e da Superintend\u00eancia de Identifica\u00e7\u00e3o Humana (SIH), concluiu o processo de confec\u00e7\u00e3o das carteiras funcionais dos membros de todas as for\u00e7as de seguran\u00e7a. As carteiras s\u00e3o feitas pela SIH que, nos \u00faltimos anos, se empenhou, paulatinamente, para finalizar o processo de entrega a todos os policiais. [&hellip;]<\/p>\n","protected":false},"author":895,"featured_media":191846,"comment_status":"closed","ping_status":"open","sticky":false,"template":"","format":"standard","meta":{"footnotes":""},"categories":[3],"tags":[11583],"class_list":["post-191742","post","type-post","status-publish","format-standard","has-post-thumbnail","hentry","category-noticias","tag-entrega-de-funcionais"],"rttpg_featured_image_url":{"full":["https:\/\/goias.gov.br\/policiacivil\/wp-content\/uploads\/sites\/71\/2026\/04\/WhatsApp-Image-2026-04-16-at-15.50.35-1.jpeg",1280,960,false],"landscape":["https:\/\/goias.gov.br\/policiacivil\/wp-content\/uploads\/sites\/71\/2026\/04\/WhatsApp-Image-2026-04-16-at-15.50.35-1.jpeg",1280,960,false],"portraits":["https:\/\/goias.gov.br\/policiacivil\/wp-content\/uploads\/sites\/71\/2026\/04\/WhatsApp-Image-2026-04-16-at-15.50.35-1.jpeg",1280,960,false],"thumbnail":["https:\/\/goias.gov.br\/policiacivil\/wp-content\/uploads\/sites\/71\/2026\/04\/WhatsApp-Image-2026-04-16-at-15.50.35-1-150x150.jpeg",150,150,true],"medium":["https:\/\/goias.gov.br\/policiacivil\/wp-content\/uploads\/sites\/71\/2026\/04\/WhatsApp-Image-2026-04-16-at-15.50.35-1-300x225.jpeg",300,225,true],"large":["https:\/\/goias.gov.br\/policiacivil\/wp-content\/uploads\/sites\/71\/2026\/04\/WhatsApp-Image-2026-04-16-at-15.50.35-1-1024x768.jpeg",1024,768,true],"1536x1536":["https:\/\/goias.gov.br\/policiacivil\/wp-content\/uploads\/sites\/71\/2026\/04\/WhatsApp-Image-2026-04-16-at-15.50.35-1.jpeg",1280,960,false],"2048x2048":["https:\/\/goias.gov.br\/policiacivil\/wp-content\/uploads\/sites\/71\/2026\/04\/WhatsApp-Image-2026-04-16-at-15.50.35-1.jpeg",1280,960,false]},"rttpg_author":{"display_name":"thiagofreire","author_link":"https:\/\/goias.gov.br\/policiacivil\/author\/thiagofreire\/"},"rttpg_comment":0,"rttpg_category":"<a href=\"https:\/\/goias.gov.br\/policiacivil\/categoria\/noticias\/\" rel=\"category tag\">Not\u00edcias<\/a>","rttpg_excerpt":"A Pol\u00edcia Civil de Goi\u00e1s, por meio da Dire\u00e7\u00e3o-Geral e da Superintend\u00eancia de Identifica\u00e7\u00e3o Humana (SIH), concluiu o processo de confec\u00e7\u00e3o das carteiras funcionais dos membros de todas as for\u00e7as de seguran\u00e7a. As carteiras s\u00e3o feitas pela SIH que, nos \u00faltimos anos, se empenhou, paulatinamente, para finalizar o processo de entrega a todos os policiais.&hellip;","_links":{"self":[{"href":"https:\/\/goias.gov.br\/policiacivil\/wp-json\/wp\/v2\/posts\/191742","targetHints":{"allow":["GET"]}}],"collection":[{"href":"https:\/\/goias.gov.br\/policiacivil\/wp-json\/wp\/v2\/posts"}],"about":[{"href":"https:\/\/goias.gov.br\/policiacivil\/wp-json\/wp\/v2\/types\/post"}],"author":[{"embeddable":true,"href":"https:\/\/goias.gov.br\/policiacivil\/wp-json\/wp\/v2\/users\/895"}],"replies":[{"embeddable":true,"href":"https:\/\/goias.gov.br\/policiacivil\/wp-json\/wp\/v2\/comments?post=191742"}],"version-history":[{"count":1,"href":"https:\/\/goias.gov.br\/policiacivil\/wp-json\/wp\/v2\/posts\/191742\/revisions"}],"predecessor-version":[{"id":191851,"href":"https:\/\/goias.gov.br\/policiacivil\/wp-json\/wp\/v2\/posts\/191742\/revisions\/191851"}],"wp:featuredmedia":[{"embeddable":true,"href":"https:\/\/goias.gov.br\/policiacivil\/wp-json\/wp\/v2\/media\/191846"}],"wp:attachment":[{"href":"https:\/\/goias.gov.br\/policiacivil\/wp-json\/wp\/v2\/media?parent=191742"}],"wp:term":[{"taxonomy":"category","embeddable":true,"href":"https:\/\/goias.gov.br\/policiacivil\/wp-json\/wp\/v2\/categories?post=191742"},{"taxonomy":"post_tag","embeddable":true,"href":"https:\/\/goias.gov.br\/policiacivil\/wp-json\/wp\/v2\/tags?post=191742"}],"curies":[{"name":"wp","href":"https:\/\/api.w.org\/{rel}","templated":true}]}}