

{"id":18182,"date":"2013-04-02T07:34:14","date_gmt":"2013-04-02T10:34:14","guid":{"rendered":"https:\/\/goias.gov.br\/policiacivil\/?p=18182"},"modified":"2013-04-02T07:40:18","modified_gmt":"2013-04-02T10:40:18","slug":"familia-criminosa","status":"publish","type":"post","link":"https:\/\/goias.gov.br\/policiacivil\/familia-criminosa\/","title":{"rendered":"Fam\u00edlia criminosa"},"content":{"rendered":"<figure id=\"attachment_18183\" aria-describedby=\"caption-attachment-18183\" style=\"width: 200px\" class=\"wp-caption alignleft\"><a href=\" https:\/\/goias.gov.br\/policiacivil\/wp-content\/uploads\/sites\/71\/sites\/71\/2013\/04\/jesseir1.jpg\"><img decoding=\"async\" class=\"size-full wp-image-18183 \" title=\"jesseir1\" src=\" https:\/\/goias.gov.br\/policiacivil\/wp-content\/uploads\/sites\/71\/sites\/71\/2013\/04\/jesseir1.jpg\" alt=\"\" width=\"200\" height=\"220\" srcset=\"https:\/\/goias.gov.br\/policiacivil\/wp-content\/uploads\/sites\/71\/2013\/04\/jesseir1.jpg 200w, https:\/\/goias.gov.br\/policiacivil\/wp-content\/uploads\/sites\/71\/2013\/04\/jesseir1-182x200.jpg 182w\" sizes=\"(max-width: 200px) 100vw, 200px\" \/><\/a><figcaption id=\"caption-attachment-18183\" class=\"wp-caption-text\">Jesseir Coelho de Alc\u00e2ntara<\/figcaption><\/figure>\n<p>Fam\u00edlia Criminosa<\/p>\n<p style=\"text-align: justify;\">Atualmente fam\u00edlias inteiras encontram-se atr\u00e1s das grades cumprindo penas, entre crimes cometidos em conjunto ou praticados isoladamente. O encarceramento de fam\u00edlias \u00e9 t\u00e3o grande que n\u00e3o \u00e9 raro encontrar detentos dividindo celas com os pr\u00f3prios parentes. Lamentavelmente muitos continuam comandando delitos de dentro dos pres\u00eddios.<\/p>\n<p style=\"text-align: justify;\">Quase 60% das detentas que cumprem pena no pres\u00eddio feminino no complexo prisional de Aparecida de Goi\u00e2nia compartilham rotina com outros parentes tamb\u00e9m encarcerados. H\u00e1 o caso de uma fam\u00edlia que possui 11 integrantes presos, divididos entre a Casa de Pris\u00e3o Provis\u00f3ria, a Penitenci\u00e1ria Odenir Guimar\u00e3es e o pres\u00eddio Consuelo Nasser. Essa \u00e9 uma realidade muito triste.<\/p>\n<p style=\"text-align: justify;\">Constata-se que as mulheres est\u00e3o mais independentes at\u00e9 na pr\u00e1tica de crimes. Como consequ\u00eancia, a cria\u00e7\u00e3o dos filhos e a manuten\u00e7\u00e3o do lar sofrem um abalo estrondoso e um drama tremendo para toda a fam\u00edlia. Que tristeza!<\/p>\n<p style=\"text-align: justify;\">As fam\u00edlias de criminosos exibem uma din\u00e2mica disfuncional e tensa, estando na maior parte das vezes desestruturadas, e faltando os pais que vivem em uma situa\u00e7\u00e3o socioecon\u00f4mica miser\u00e1vel, ou s\u00e3o v\u00edtimas de v\u00edcios, ou convivem com a viol\u00eancia dom\u00e9stica, e em alguns casos, a combina\u00e7\u00e3o de todos esses elementos. Um dos fatores apontados como sociais s\u00e3o as condi\u00e7\u00f5es prec\u00e1rias em que as fam\u00edlias vivem, obrigando-as muitas vezes a viver em condi\u00e7\u00f5es de mis\u00e9ria.<\/p>\n<p style=\"text-align: justify;\">\u00c9 comum encontrar nesse contexto fam\u00edlias desestruturadas, com altos \u00edndices de desemprego, com problemas de relacionamento, alcoolismo e drogas. Ent\u00e3o, a fam\u00edlia \u00e9 a base de todo sujeito e ela mesma se mostra fragilizada diante das condi\u00e7\u00f5es sociais apresentadas, que geram viol\u00eancia, abuso e priva\u00e7\u00f5es, que v\u00e3o repercutir nas rela\u00e7\u00f5es sociais e estrutura\u00e7\u00e3o familiar, provocando uma inadequa\u00e7\u00e3o nas rela\u00e7\u00f5es saud\u00e1veis e na forma\u00e7\u00e3o moral e \u00e9tica, bem como na personalidade das pessoas, o que pode manter um comportamento social desvirtuado.<\/p>\n<p style=\"text-align: justify;\">A maior parte dos que cumpre pena hoje est\u00e1 voltada para o tr\u00e1fico de drogas. Infelizmente, em fun\u00e7\u00e3o das p\u00e9ssimas condi\u00e7\u00f5es financeiras muitos entram para a bandidagem almejando aumento de renda de uma maneira il\u00edcita e criminosa.<\/p>\n<p style=\"text-align: justify;\">Relembro-me de uma sess\u00e3o do Tribunal do J\u00fari que foi presidida por mim aqui na Comarca de Goi\u00e2nia em que um menor com 14 anos de idade foi v\u00edtima de homic\u00eddio porque comandava o tr\u00e1fico de drogas na regi\u00e3o da Favela do Vietn\u00e3 e come\u00e7ou a amea\u00e7ar o acusado que n\u00e3o lhe pagava. Esse infante assumiu o lugar do pai e da m\u00e3e porque ambos estavam presos cumprindo pena por terem sido condenados pela venda de entorpecentes. \u00c9 o t\u00edpico caso de uma fam\u00edlia criminosa, certamente atingida pelos fatores acima estabelecidos.<\/p>\n<p style=\"text-align: justify;\">Assim, embora seja uma causa social determinante, n\u00e3o se pode deixar de apontar tamb\u00e9m que \u00e9 uma condi\u00e7\u00e3o crimin\u00f3gena fam\u00edlias inteiras atuando na pr\u00e1tica delitiva. Isso \u00e9 motivo de preocupa\u00e7\u00e3o para todos, por\u00e9m carece de tomada de provid\u00eancias urgentes.<\/p>\n<p style=\"text-align: justify;\">\u00a0\u00a0\u00a0\u00a0\u00a0\u00a0\u00a0\u00a0\u00a0\u00a0\u00a0\u00a0\u00a0\u00a0\u00a0\u00a0\u00a0\u00a0\u00a0\u00a0\u00a0\u00a0\u00a0 Jesseir Coelho de Alc\u00e2ntara \u00e9 Juiz de Direito<\/p>\n<p style=\"text-align: justify;\">\n<p style=\"text-align: justify;\"><span style=\"color: #ff0000;\">Artigo publicado na edi\u00e7\u00e3o da \u00faltima segunda-feira,\u00a0 1\u00ba de Abril\/13, do Jornal O Popular<\/span><\/p>\n","protected":false},"excerpt":{"rendered":"<p>Jesseir Coelho de Alc\u00e2ntara \u00e9 Juiz de Direito<\/p>\n","protected":false},"author":4,"featured_media":18183,"comment_status":"closed","ping_status":"closed","sticky":false,"template":"","format":"standard","meta":{"footnotes":""},"categories":[29],"tags":[2219,2220,2218,1139],"class_list":["post-18182","post","type-post","status-publish","format-standard","has-post-thumbnail","hentry","category-artigos","tag-criminogena","tag-desvirtuado","tag-familia","tag-jesseir"],"rttpg_featured_image_url":{"full":["https:\/\/goias.gov.br\/policiacivil\/wp-content\/uploads\/sites\/71\/2013\/04\/jesseir1.jpg",200,220,false],"landscape":["https:\/\/goias.gov.br\/policiacivil\/wp-content\/uploads\/sites\/71\/2013\/04\/jesseir1.jpg",200,220,false],"portraits":["https:\/\/goias.gov.br\/policiacivil\/wp-content\/uploads\/sites\/71\/2013\/04\/jesseir1.jpg",200,220,false],"thumbnail":["https:\/\/goias.gov.br\/policiacivil\/wp-content\/uploads\/sites\/71\/2013\/04\/jesseir1-150x150.jpg",150,150,true],"medium":["https:\/\/goias.gov.br\/policiacivil\/wp-content\/uploads\/sites\/71\/2013\/04\/jesseir1-182x200.jpg",182,200,true],"large":["https:\/\/goias.gov.br\/policiacivil\/wp-content\/uploads\/sites\/71\/2013\/04\/jesseir1.jpg",200,220,false],"1536x1536":["https:\/\/goias.gov.br\/policiacivil\/wp-content\/uploads\/sites\/71\/2013\/04\/jesseir1.jpg",200,220,false],"2048x2048":["https:\/\/goias.gov.br\/policiacivil\/wp-content\/uploads\/sites\/71\/2013\/04\/jesseir1.jpg",200,220,false]},"rttpg_author":{"display_name":"","author_link":"https:\/\/goias.gov.br\/policiacivil\/author\/"},"rttpg_comment":0,"rttpg_category":"<a href=\"https:\/\/goias.gov.br\/policiacivil\/categoria\/artigos\/\" rel=\"category tag\">Artigos<\/a>","rttpg_excerpt":"Jesseir Coelho de Alc\u00e2ntara \u00e9 Juiz de Direito","_links":{"self":[{"href":"https:\/\/goias.gov.br\/policiacivil\/wp-json\/wp\/v2\/posts\/18182","targetHints":{"allow":["GET"]}}],"collection":[{"href":"https:\/\/goias.gov.br\/policiacivil\/wp-json\/wp\/v2\/posts"}],"about":[{"href":"https:\/\/goias.gov.br\/policiacivil\/wp-json\/wp\/v2\/types\/post"}],"author":[{"embeddable":true,"href":"https:\/\/goias.gov.br\/policiacivil\/wp-json\/wp\/v2\/users\/4"}],"replies":[{"embeddable":true,"href":"https:\/\/goias.gov.br\/policiacivil\/wp-json\/wp\/v2\/comments?post=18182"}],"version-history":[{"count":0,"href":"https:\/\/goias.gov.br\/policiacivil\/wp-json\/wp\/v2\/posts\/18182\/revisions"}],"wp:featuredmedia":[{"embeddable":true,"href":"https:\/\/goias.gov.br\/policiacivil\/wp-json\/wp\/v2\/media\/18183"}],"wp:attachment":[{"href":"https:\/\/goias.gov.br\/policiacivil\/wp-json\/wp\/v2\/media?parent=18182"}],"wp:term":[{"taxonomy":"category","embeddable":true,"href":"https:\/\/goias.gov.br\/policiacivil\/wp-json\/wp\/v2\/categories?post=18182"},{"taxonomy":"post_tag","embeddable":true,"href":"https:\/\/goias.gov.br\/policiacivil\/wp-json\/wp\/v2\/tags?post=18182"}],"curies":[{"name":"wp","href":"https:\/\/api.w.org\/{rel}","templated":true}]}}