

{"id":177834,"date":"2026-03-12T14:26:21","date_gmt":"2026-03-12T17:26:21","guid":{"rendered":"https:\/\/goias.gov.br\/policiacivil\/?p=177834"},"modified":"2026-03-12T14:26:21","modified_gmt":"2026-03-12T17:26:21","slug":"convenios-concedidos-doc","status":"publish","type":"post","link":"https:\/\/goias.gov.br\/policiacivil\/convenios-concedidos-doc\/","title":{"rendered":"Conv\u00eanios Concedidos"},"content":{"rendered":"<p>A Delegacia-Geral da Pol\u00edcia Civil, por interm\u00e9dio da autoridade de monitoramento de aplica\u00e7\u00e3o da Lei de Acesso \u00e0 Informa\u00e7\u00e3o, com fulcro no artigo 37, da Lei Estadual n.\u00ba 18.025\/2013, declara que a Pol\u00edcia Civil <strong>n\u00e3o celebra<\/strong>, at\u00e9 o momento, <strong>Conv\u00eanios, <\/strong>vez que s\u00e3o firmados pela Secretaria de Estado da Seguran\u00e7a P\u00fablica, com fulcro na delega\u00e7\u00e3o prevista no Decreto estadual n.\u00ba 9.898\/2021, atuando esta Institui\u00e7\u00e3o apenas como part\u00edcipe nos ajustes que lhe s\u00e3o pertinentes.<\/p>\n<p>Declaramos assim, que n\u00e3o h\u00e1, no per\u00edodo de tr\u00eas anos, <strong>conv\u00eanios concedidos <\/strong>por esta Delegacia-Geral da Pol\u00edcia Civil.<\/p>\n<p><strong>\u00cdSIS SANTANA LEAL PASSERINI<\/strong><br \/>\nDelegada de Pol\u00edcia<br \/>\nAutoridade de Monitoramento da Pol\u00edcia Civil Portaria n.\u00ba 75\/2023 &#8211; PC<\/p>\n","protected":false},"excerpt":{"rendered":"<p>A Delegacia-Geral da Pol\u00edcia Civil, por interm\u00e9dio da autoridade de monitoramento de aplica\u00e7\u00e3o da Lei de Acesso \u00e0 Informa\u00e7\u00e3o, com fulcro no artigo 37, da Lei Estadual n.\u00ba 18.025\/2013, declara que a Pol\u00edcia Civil n\u00e3o celebra, at\u00e9 o momento, Conv\u00eanios, vez que s\u00e3o firmados pela Secretaria de Estado da Seguran\u00e7a P\u00fablica, com fulcro na delega\u00e7\u00e3o [&hellip;]<\/p>\n","protected":false},"author":718,"featured_media":0,"comment_status":"closed","ping_status":"open","sticky":false,"template":"","format":"standard","meta":{"footnotes":""},"categories":[11569],"tags":[],"class_list":["post-177834","post","type-post","status-publish","format-standard","hentry","category-institucional"],"rttpg_featured_image_url":null,"rttpg_author":{"display_name":"vicentepaulo","author_link":"https:\/\/goias.gov.br\/policiacivil\/author\/vicentepaulo\/"},"rttpg_comment":0,"rttpg_category":"<a href=\"https:\/\/goias.gov.br\/policiacivil\/categoria\/institucional\/\" rel=\"category tag\">Institucional<\/a>","rttpg_excerpt":"A Delegacia-Geral da Pol\u00edcia Civil, por interm\u00e9dio da autoridade de monitoramento de aplica\u00e7\u00e3o da Lei de Acesso \u00e0 Informa\u00e7\u00e3o, com fulcro no artigo 37, da Lei Estadual n.\u00ba 18.025\/2013, declara que a Pol\u00edcia Civil n\u00e3o celebra, at\u00e9 o momento, Conv\u00eanios, vez que s\u00e3o firmados pela Secretaria de Estado da Seguran\u00e7a P\u00fablica, com fulcro na delega\u00e7\u00e3o&hellip;","_links":{"self":[{"href":"https:\/\/goias.gov.br\/policiacivil\/wp-json\/wp\/v2\/posts\/177834","targetHints":{"allow":["GET"]}}],"collection":[{"href":"https:\/\/goias.gov.br\/policiacivil\/wp-json\/wp\/v2\/posts"}],"about":[{"href":"https:\/\/goias.gov.br\/policiacivil\/wp-json\/wp\/v2\/types\/post"}],"author":[{"embeddable":true,"href":"https:\/\/goias.gov.br\/policiacivil\/wp-json\/wp\/v2\/users\/718"}],"replies":[{"embeddable":true,"href":"https:\/\/goias.gov.br\/policiacivil\/wp-json\/wp\/v2\/comments?post=177834"}],"version-history":[{"count":2,"href":"https:\/\/goias.gov.br\/policiacivil\/wp-json\/wp\/v2\/posts\/177834\/revisions"}],"predecessor-version":[{"id":179103,"href":"https:\/\/goias.gov.br\/policiacivil\/wp-json\/wp\/v2\/posts\/177834\/revisions\/179103"}],"wp:attachment":[{"href":"https:\/\/goias.gov.br\/policiacivil\/wp-json\/wp\/v2\/media?parent=177834"}],"wp:term":[{"taxonomy":"category","embeddable":true,"href":"https:\/\/goias.gov.br\/policiacivil\/wp-json\/wp\/v2\/categories?post=177834"},{"taxonomy":"post_tag","embeddable":true,"href":"https:\/\/goias.gov.br\/policiacivil\/wp-json\/wp\/v2\/tags?post=177834"}],"curies":[{"name":"wp","href":"https:\/\/api.w.org\/{rel}","templated":true}]}}