

{"id":173581,"date":"2026-02-12T17:23:07","date_gmt":"2026-02-12T20:23:07","guid":{"rendered":"https:\/\/goias.gov.br\/policiacivil\/operacao-dupla-safra-cumpre-buscas-e-investiga-o-uso-de-plantacao-de-hortalicas-para-operar-o-trafico-de-drogas\/"},"modified":"2026-02-23T15:25:58","modified_gmt":"2026-02-23T18:25:58","slug":"operacao-dupla-safra-cumpre-buscas-e-investiga-o-uso-de-plantacao-de-hortalicas-para-operar-o-trafico-de-drogas","status":"publish","type":"post","link":"https:\/\/goias.gov.br\/policiacivil\/operacao-dupla-safra-cumpre-buscas-e-investiga-o-uso-de-plantacao-de-hortalicas-para-operar-o-trafico-de-drogas\/","title":{"rendered":"Opera\u00e7\u00e3o Dupla Safra cumpre buscas e investiga o uso de planta\u00e7\u00e3o de hortali\u00e7as para operar o tr\u00e1fico de drogas"},"content":{"rendered":"<p><?xml encoding=\"utf-8\" ?><\/p>\n<p style=\"text-align: justify;\">A Pol&iacute;cia Civil de Goi&aacute;s, por meio da Delegacia de Pol&iacute;cia de Leopoldo de Bulh&otilde;es &ndash; 3&ordf; DRP, deflagrou hoje (12) a Opera&ccedil;&atilde;o Dupla Safra, ocasi&atilde;o em que foram cumpridos tr&ecirc;s mandados de busca e apreens&atilde;o no munic&iacute;pio expedidos pelo Poder Judici&aacute;rio local.<\/p>\n<p style=\"text-align: justify;\">A a&ccedil;&atilde;o contou com o apoio integrado do Grupo Especial de Investiga&ccedil;&otilde;es Criminais (Geic) de An&aacute;polis, do Grupo de Investiga&ccedil;&atilde;o de Homic&iacute;dios (GIH), bem como das Delegacias de Pol&iacute;cia de Silv&acirc;nia e de Goian&aacute;polis, evidenciando a atua&ccedil;&atilde;o conjunta e coordenada das unidades da Pol&iacute;cia Civil e tamb&eacute;m da Pol&iacute;cia Militar, atrav&eacute;s da 47&ordf; CIPM, que colaborou com o levantamento de informa&ccedil;&otilde;es.<\/p>\n<p style=\"text-align: justify;\">O nome da opera&ccedil;&atilde;o, &ldquo;Dupla Safra&rdquo;, remete ao fato de que todos os alvos s&atilde;o formalmente dedicados ao cultivo de hortas e hortali&ccedil;as, havendo suspeita de que, paralelamente &agrave; atividade l&iacute;cita rural, estariam mantendo e operando neg&oacute;cios il&iacute;citos.&nbsp;Os investigados s&atilde;o suspeitos da pr&aacute;tica dos crimes de tr&aacute;fico de drogas e porte ilegal de arma de fogo. Durante o cumprimento das ordens judiciais, foram apreendidos diversos objetos, a fim de subsidiar o inqu&eacute;rito policial em andamento.<\/p>\n<p style=\"text-align: justify;\"><strong>PCGO: investigar para proteger<\/strong>&#128660;<\/p>\n<p>&nbsp;<\/p>\n<div id=\"gallery-3\" class=\"gallery galleryid-157348 gallery-columns-3 gallery-size-thumbnail\">\n<figure class=\"gallery-item\">\n<div class=\"gallery-icon portrait\">\n\t\t\t\t<a href=\"https:\/\/goias.gov.br\/policiacivil\/wp-content\/uploads\/sites\/71\/2026\/02\/WhatsApp-Image-2026-02-12-at-17.11.02-2.jpeg\"><img loading=\"lazy\" loading=\"lazy\" decoding=\"async\" width=\"300\" height=\"300\" src=\"https:\/\/goias.gov.br\/policiacivil\/wp-content\/uploads\/sites\/71\/2026\/02\/WhatsApp-Image-2026-02-12-at-17.11.02-300x300-1-1.jpeg\" class=\"attachment-thumbnail size-thumbnail\" alt=\"\"><\/a>\n\t\t\t<\/div>\n<\/figure>\n<figure class=\"gallery-item\">\n<div class=\"gallery-icon portrait\">\n\t\t\t\t<a href=\"https:\/\/goias.gov.br\/policiacivil\/wp-content\/uploads\/sites\/71\/2026\/02\/WhatsApp-Image-2026-02-12-at-17.11.04-1-2.jpeg\"><img loading=\"lazy\" loading=\"lazy\" decoding=\"async\" width=\"300\" height=\"300\" src=\"https:\/\/goias.gov.br\/policiacivil\/wp-content\/uploads\/sites\/71\/2026\/02\/WhatsApp-Image-2026-02-12-at-17.11.04-1-300x300-1-1.jpeg\" class=\"attachment-thumbnail size-thumbnail\" alt=\"\"><\/a>\n\t\t\t<\/div>\n<\/figure>\n<figure class=\"gallery-item\">\n<div class=\"gallery-icon portrait\">\n\t\t\t\t<a href=\"https:\/\/goias.gov.br\/policiacivil\/wp-content\/uploads\/sites\/71\/2026\/02\/WhatsApp-Image-2026-02-12-at-17.11.04-3.jpeg\"><img loading=\"lazy\" loading=\"lazy\" decoding=\"async\" width=\"300\" height=\"300\" src=\"https:\/\/goias.gov.br\/policiacivil\/wp-content\/uploads\/sites\/71\/2026\/02\/WhatsApp-Image-2026-02-12-at-17.11.04-300x300-1-1.jpeg\" class=\"attachment-thumbnail size-thumbnail\" alt=\"\"><\/a>\n\t\t\t<\/div>\n<\/figure>\n<figure class=\"gallery-item\">\n<div class=\"gallery-icon portrait\">\n\t\t\t\t<a href=\"https:\/\/goias.gov.br\/policiacivil\/wp-content\/uploads\/sites\/71\/2026\/02\/WhatsApp-Image-2026-02-12-at-17.11.03-1-2.jpeg\"><img loading=\"lazy\" loading=\"lazy\" decoding=\"async\" width=\"300\" height=\"300\" src=\"https:\/\/goias.gov.br\/policiacivil\/wp-content\/uploads\/sites\/71\/2026\/02\/WhatsApp-Image-2026-02-12-at-17.11.03-1-300x300-1-1.jpeg\" class=\"attachment-thumbnail size-thumbnail\" alt=\"\"><\/a>\n\t\t\t<\/div>\n<\/figure>\n<figure class=\"gallery-item\">\n<div class=\"gallery-icon portrait\">\n\t\t\t\t<a href=\"https:\/\/goias.gov.br\/policiacivil\/wp-content\/uploads\/sites\/71\/2026\/02\/WhatsApp-Image-2026-02-12-at-17.11.03-5.jpeg\"><img loading=\"lazy\" loading=\"lazy\" decoding=\"async\" width=\"300\" height=\"300\" src=\"https:\/\/goias.gov.br\/policiacivil\/wp-content\/uploads\/sites\/71\/2026\/02\/WhatsApp-Image-2026-02-12-at-17.11.03-300x300-1-1.jpeg\" class=\"attachment-thumbnail size-thumbnail\" alt=\"\"><\/a>\n\t\t\t<\/div>\n<\/figure><\/div>\n","protected":false},"excerpt":{"rendered":"<p>A Pol\u00edcia Civil de Goi\u00e1s, por meio da Delegacia de Pol\u00edcia de Leopoldo de Bulh\u00f5es &#8211; 3\u00aa DRP, deflagrou hoje (12) a Opera\u00e7\u00e3o Dupla Safra, ocasi\u00e3o em que foram cumpridos tr\u00eas mandados de busca e apreens\u00e3o no munic\u00edpio expedidos pelo Poder Judici\u00e1rio local. A a\u00e7\u00e3o contou com o apoio integrado do Grupo Especial de Investiga\u00e7\u00f5es &hellip;<\/p>\n","protected":false},"author":77,"featured_media":5075,"comment_status":"closed","ping_status":"open","sticky":false,"template":"","format":"standard","meta":{"footnotes":""},"categories":[3190,2538,6069,89],"tags":[11522,5509],"class_list":["post-173581","post","type-post","status-publish","format-standard","has-post-thumbnail","hentry","category-3a-regional","category-delegacias","category-noticias-da-policia-civil","category-regionais","tag-operacao-dupla-safra","tag-trafico-de-drogas"],"rttpg_featured_image_url":{"full":["https:\/\/goias.gov.br\/policiacivil\/wp-content\/uploads\/sites\/71\/2026\/02\/WhatsApp-Image-2026-02-12-at-17.11.03-5.jpeg",900,1200,false],"landscape":["https:\/\/goias.gov.br\/policiacivil\/wp-content\/uploads\/sites\/71\/2026\/02\/WhatsApp-Image-2026-02-12-at-17.11.03-5.jpeg",900,1200,false],"portraits":["https:\/\/goias.gov.br\/policiacivil\/wp-content\/uploads\/sites\/71\/2026\/02\/WhatsApp-Image-2026-02-12-at-17.11.03-5.jpeg",900,1200,false],"thumbnail":["https:\/\/goias.gov.br\/policiacivil\/wp-content\/uploads\/sites\/71\/2026\/02\/WhatsApp-Image-2026-02-12-at-17.11.03-5-150x150.jpeg",150,150,true],"medium":["https:\/\/goias.gov.br\/policiacivil\/wp-content\/uploads\/sites\/71\/2026\/02\/WhatsApp-Image-2026-02-12-at-17.11.03-5-225x300.jpeg",225,300,true],"large":["https:\/\/goias.gov.br\/policiacivil\/wp-content\/uploads\/sites\/71\/2026\/02\/WhatsApp-Image-2026-02-12-at-17.11.03-5-768x1024.jpeg",768,1024,true],"1536x1536":["https:\/\/goias.gov.br\/policiacivil\/wp-content\/uploads\/sites\/71\/2026\/02\/WhatsApp-Image-2026-02-12-at-17.11.03-5.jpeg",900,1200,false],"2048x2048":["https:\/\/goias.gov.br\/policiacivil\/wp-content\/uploads\/sites\/71\/2026\/02\/WhatsApp-Image-2026-02-12-at-17.11.03-5.jpeg",900,1200,false]},"rttpg_author":{"display_name":"barbaragodoy","author_link":"https:\/\/goias.gov.br\/policiacivil\/author\/barbaragodoy\/"},"rttpg_comment":0,"rttpg_category":"<a href=\"https:\/\/goias.gov.br\/policiacivil\/categoria\/drp\/3a-regional\/\" rel=\"category tag\">3\u00aa Regional<\/a> <a href=\"https:\/\/goias.gov.br\/policiacivil\/categoria\/delegacias\/\" rel=\"category tag\">Delegacias<\/a> <a href=\"https:\/\/goias.gov.br\/policiacivil\/categoria\/noticias\/noticias-da-policia-civil\/\" rel=\"category tag\">Not\u00edcias da Pol\u00edcia Civil<\/a> <a href=\"https:\/\/goias.gov.br\/policiacivil\/categoria\/delegacias\/regionais\/\" rel=\"category tag\">Regionais<\/a>","rttpg_excerpt":"A Pol\u00edcia Civil de Goi\u00e1s, por meio da Delegacia de Pol\u00edcia de Leopoldo de Bulh\u00f5es &#8211; 3\u00aa DRP, deflagrou hoje (12) a Opera\u00e7\u00e3o Dupla Safra, ocasi\u00e3o em que foram cumpridos tr\u00eas mandados de busca e apreens\u00e3o no munic\u00edpio expedidos pelo Poder Judici\u00e1rio local. A a\u00e7\u00e3o contou com o apoio integrado do Grupo Especial de Investiga\u00e7\u00f5es&hellip;","_links":{"self":[{"href":"https:\/\/goias.gov.br\/policiacivil\/wp-json\/wp\/v2\/posts\/173581","targetHints":{"allow":["GET"]}}],"collection":[{"href":"https:\/\/goias.gov.br\/policiacivil\/wp-json\/wp\/v2\/posts"}],"about":[{"href":"https:\/\/goias.gov.br\/policiacivil\/wp-json\/wp\/v2\/types\/post"}],"author":[{"embeddable":true,"href":"https:\/\/goias.gov.br\/policiacivil\/wp-json\/wp\/v2\/users\/77"}],"replies":[{"embeddable":true,"href":"https:\/\/goias.gov.br\/policiacivil\/wp-json\/wp\/v2\/comments?post=173581"}],"version-history":[{"count":1,"href":"https:\/\/goias.gov.br\/policiacivil\/wp-json\/wp\/v2\/posts\/173581\/revisions"}],"predecessor-version":[{"id":173582,"href":"https:\/\/goias.gov.br\/policiacivil\/wp-json\/wp\/v2\/posts\/173581\/revisions\/173582"}],"wp:featuredmedia":[{"embeddable":true,"href":"https:\/\/goias.gov.br\/policiacivil\/wp-json\/wp\/v2\/media\/5075"}],"wp:attachment":[{"href":"https:\/\/goias.gov.br\/policiacivil\/wp-json\/wp\/v2\/media?parent=173581"}],"wp:term":[{"taxonomy":"category","embeddable":true,"href":"https:\/\/goias.gov.br\/policiacivil\/wp-json\/wp\/v2\/categories?post=173581"},{"taxonomy":"post_tag","embeddable":true,"href":"https:\/\/goias.gov.br\/policiacivil\/wp-json\/wp\/v2\/tags?post=173581"}],"curies":[{"name":"wp","href":"https:\/\/api.w.org\/{rel}","templated":true}]}}