

{"id":173308,"date":"2026-01-23T11:48:30","date_gmt":"2026-01-23T14:48:30","guid":{"rendered":"https:\/\/goias.gov.br\/policiacivil\/pcgo-prende-condenado-por-homicidio-com-mandado-expedido-pela-justica-do-tocantins\/"},"modified":"2026-02-23T15:22:55","modified_gmt":"2026-02-23T18:22:55","slug":"pcgo-prende-condenado-por-homicidio-com-mandado-expedido-pela-justica-do-tocantins","status":"publish","type":"post","link":"https:\/\/goias.gov.br\/policiacivil\/pcgo-prende-condenado-por-homicidio-com-mandado-expedido-pela-justica-do-tocantins\/","title":{"rendered":"PCGO prende condenado por homic\u00eddio com mandado expedido pela Justi\u00e7a do Tocantins"},"content":{"rendered":"<p><?xml encoding=\"utf-8\" ?><\/p>\n<p style=\"text-align: justify;\">A Pol&iacute;cia Civil de Goi&aacute;s, por meio da Delegacia Estadual de Capturas (Decap), cumpriu, na &uacute;ltima quarta-feira (22), mandado de pris&atilde;o definitiva expedido pela Vara &Uacute;nica da Comarca de Peixe\/TO, em desfavor de um homem condenado pelo crime de homic&iacute;dio qualificado (art. 121, &sect; 2&ordm;, do C&oacute;digo Penal).<\/p>\n<p style=\"text-align: justify;\">A ordem judicial refere-se a condena&ccedil;&atilde;o definitiva &agrave; pena de 14 anos de reclus&atilde;o, a ser cumprida em regime fechado.<\/p>\n<p style=\"text-align: justify;\">Ap&oacute;s a pris&atilde;o, o condenado foi conduzido &agrave; sede da Delegacia Estadual de Capturas (Decap) e, posteriormente, ser&aacute; encaminhado ao Complexo Prisional de Aparecida de Goi&acirc;nia\/GO, onde permanecer&aacute; &agrave; disposi&ccedil;&atilde;o do Poder Judici&aacute;rio.<\/p>\n<p style=\"text-align: justify;\"><strong>PCGO: investigar para proteger &#128660;<\/strong><\/p>\n<div id=\"gallery-4\" class=\"gallery galleryid-156609 gallery-columns-3 gallery-size-thumbnail\">\n<figure class=\"gallery-item\">\n<div class=\"gallery-icon portrait\">\n\t\t\t\t<a href=\"https:\/\/www.policiacivil.go.gov.br\/delegacias\/especializadas\/pcgo-prende-condenado-por-homicidio-com-mandado-expedido-pela-justica-do-tocantins\/attachment\/pcgo-prende-condenado-por-homicidio-com-mandado-expedido-pela-justica-do-tocantins\/\"><img loading=\"lazy\" loading=\"lazy\" decoding=\"async\" width=\"300\" height=\"300\" src=\"https:\/\/goias.gov.br\/policiacivil\/wp-content\/uploads\/sites\/71\/2026\/01\/PCGO-prende-condenado-por-homicidio-com-mandado-expedido-pela-Justica-do-Tocantins-300x300-1.png\" class=\"attachment-thumbnail size-thumbnail\" alt=\"PCGO prende condenado por homic&iacute;dio com mandado expedido pela Justi&ccedil;a do Tocantins\"><\/a>\n\t\t\t<\/div>\n<\/figure><\/div>\n","protected":false},"excerpt":{"rendered":"<p>A Pol\u00edcia Civil de Goi\u00e1s, por meio da Delegacia Estadual de Capturas (Decap), cumpriu, na \u00faltima quarta-feira (22), mandado de pris\u00e3o definitiva expedido pela Vara \u00danica da Comarca de Peixe\/TO, em desfavor de um homem condenado pelo crime de homic\u00eddio qualificado (art. 121, \u00a7 2\u00ba, do C\u00f3digo Penal). A ordem judicial refere-se a condena\u00e7\u00e3o definitiva &hellip;<\/p>\n","protected":false},"author":77,"featured_media":4356,"comment_status":"closed","ping_status":"open","sticky":false,"template":"","format":"standard","meta":{"footnotes":""},"categories":[2538,92,6069],"tags":[2648],"class_list":["post-173308","post","type-post","status-publish","format-standard","has-post-thumbnail","hentry","category-delegacias","category-especializadas","category-noticias-da-policia-civil","tag-decap"],"rttpg_featured_image_url":{"full":["https:\/\/goias.gov.br\/policiacivil\/wp-content\/uploads\/sites\/71\/2026\/01\/PCGO-prende-condenado-por-homicidio-com-mandado-expedido-pela-Justica-do-Tocantins-1-1.png",1200,675,false],"landscape":["https:\/\/goias.gov.br\/policiacivil\/wp-content\/uploads\/sites\/71\/2026\/01\/PCGO-prende-condenado-por-homicidio-com-mandado-expedido-pela-Justica-do-Tocantins-1-1.png",1200,675,false],"portraits":["https:\/\/goias.gov.br\/policiacivil\/wp-content\/uploads\/sites\/71\/2026\/01\/PCGO-prende-condenado-por-homicidio-com-mandado-expedido-pela-Justica-do-Tocantins-1-1.png",1200,675,false],"thumbnail":["https:\/\/goias.gov.br\/policiacivil\/wp-content\/uploads\/sites\/71\/2026\/01\/PCGO-prende-condenado-por-homicidio-com-mandado-expedido-pela-Justica-do-Tocantins-1-1-150x150.png",150,150,true],"medium":["https:\/\/goias.gov.br\/policiacivil\/wp-content\/uploads\/sites\/71\/2026\/01\/PCGO-prende-condenado-por-homicidio-com-mandado-expedido-pela-Justica-do-Tocantins-1-1-300x169.png",300,169,true],"large":["https:\/\/goias.gov.br\/policiacivil\/wp-content\/uploads\/sites\/71\/2026\/01\/PCGO-prende-condenado-por-homicidio-com-mandado-expedido-pela-Justica-do-Tocantins-1-1-1024x576.png",1024,576,true],"1536x1536":["https:\/\/goias.gov.br\/policiacivil\/wp-content\/uploads\/sites\/71\/2026\/01\/PCGO-prende-condenado-por-homicidio-com-mandado-expedido-pela-Justica-do-Tocantins-1-1.png",1200,675,false],"2048x2048":["https:\/\/goias.gov.br\/policiacivil\/wp-content\/uploads\/sites\/71\/2026\/01\/PCGO-prende-condenado-por-homicidio-com-mandado-expedido-pela-Justica-do-Tocantins-1-1.png",1200,675,false]},"rttpg_author":{"display_name":"barbaragodoy","author_link":"https:\/\/goias.gov.br\/policiacivil\/author\/barbaragodoy\/"},"rttpg_comment":0,"rttpg_category":"<a href=\"https:\/\/goias.gov.br\/policiacivil\/categoria\/delegacias\/\" rel=\"category tag\">Delegacias<\/a> <a href=\"https:\/\/goias.gov.br\/policiacivil\/categoria\/delegacias\/especializadas\/\" rel=\"category tag\">Especializadas<\/a> <a href=\"https:\/\/goias.gov.br\/policiacivil\/categoria\/noticias\/noticias-da-policia-civil\/\" rel=\"category tag\">Not\u00edcias da Pol\u00edcia Civil<\/a>","rttpg_excerpt":"A Pol\u00edcia Civil de Goi\u00e1s, por meio da Delegacia Estadual de Capturas (Decap), cumpriu, na \u00faltima quarta-feira (22), mandado de pris\u00e3o definitiva expedido pela Vara \u00danica da Comarca de Peixe\/TO, em desfavor de um homem condenado pelo crime de homic\u00eddio qualificado (art. 121, \u00a7 2\u00ba, do C\u00f3digo Penal). A ordem judicial refere-se a condena\u00e7\u00e3o definitiva&hellip;","_links":{"self":[{"href":"https:\/\/goias.gov.br\/policiacivil\/wp-json\/wp\/v2\/posts\/173308","targetHints":{"allow":["GET"]}}],"collection":[{"href":"https:\/\/goias.gov.br\/policiacivil\/wp-json\/wp\/v2\/posts"}],"about":[{"href":"https:\/\/goias.gov.br\/policiacivil\/wp-json\/wp\/v2\/types\/post"}],"author":[{"embeddable":true,"href":"https:\/\/goias.gov.br\/policiacivil\/wp-json\/wp\/v2\/users\/77"}],"replies":[{"embeddable":true,"href":"https:\/\/goias.gov.br\/policiacivil\/wp-json\/wp\/v2\/comments?post=173308"}],"version-history":[{"count":1,"href":"https:\/\/goias.gov.br\/policiacivil\/wp-json\/wp\/v2\/posts\/173308\/revisions"}],"predecessor-version":[{"id":173309,"href":"https:\/\/goias.gov.br\/policiacivil\/wp-json\/wp\/v2\/posts\/173308\/revisions\/173309"}],"wp:featuredmedia":[{"embeddable":true,"href":"https:\/\/goias.gov.br\/policiacivil\/wp-json\/wp\/v2\/media\/4356"}],"wp:attachment":[{"href":"https:\/\/goias.gov.br\/policiacivil\/wp-json\/wp\/v2\/media?parent=173308"}],"wp:term":[{"taxonomy":"category","embeddable":true,"href":"https:\/\/goias.gov.br\/policiacivil\/wp-json\/wp\/v2\/categories?post=173308"},{"taxonomy":"post_tag","embeddable":true,"href":"https:\/\/goias.gov.br\/policiacivil\/wp-json\/wp\/v2\/tags?post=173308"}],"curies":[{"name":"wp","href":"https:\/\/api.w.org\/{rel}","templated":true}]}}