

{"id":172133,"date":"2025-12-04T14:24:46","date_gmt":"2025-12-04T17:24:46","guid":{"rendered":"https:\/\/goias.gov.br\/policiacivil\/pcgo-cumpre-mandado-de-prisao-definitivo-por-homicidio-qualificado-em-aparecida-de-goiania\/"},"modified":"2026-02-23T15:05:02","modified_gmt":"2026-02-23T18:05:02","slug":"pcgo-cumpre-mandado-de-prisao-definitivo-por-homicidio-qualificado-em-aparecida-de-goiania","status":"publish","type":"post","link":"https:\/\/goias.gov.br\/policiacivil\/pcgo-cumpre-mandado-de-prisao-definitivo-por-homicidio-qualificado-em-aparecida-de-goiania\/","title":{"rendered":"PCGO cumpre mandado de pris\u00e3o definitivo por homic\u00eddio qualificado em Aparecida de Goi\u00e2nia"},"content":{"rendered":"<p><?xml encoding=\"utf-8\" ?><\/p>\n<p style=\"text-align: justify;\">A Pol&iacute;cia Civil de Goi&aacute;s, por meio da Delegacia Estadual de Capturas (Decap), cumpriu, na manh&atilde; desta quinta-feira (04), em Aparecida de Goi&acirc;nia, um mandado de pris&atilde;o definitivo expedido pela 1&ordf; Vara Criminal da Comarca de Tocantin&oacute;polis\/TO.<\/p>\n<p style=\"text-align: justify;\">A a&ccedil;&atilde;o resultou na captura de um indiv&iacute;duo condenado a 15 anos de reclus&atilde;o pela pr&aacute;tica do crime de homic&iacute;dio qualificado (art. 121, &sect;2&ordm;, do C&oacute;digo Penal).<\/p>\n<p style=\"text-align: justify;\">O preso foi encaminhado &agrave; carceragem da especializada, onde permanece custodiado, e ser&aacute;, em breve, transferido para a Central de Triagem do Complexo Prisional de Aparecida de Goi&acirc;nia\/GO, ficando &agrave; disposi&ccedil;&atilde;o do Poder Judici&aacute;rio.<\/p>\n<p><strong>PCGO: investigar para proteger &#128660;<\/strong><\/p>\n<div id=\"gallery-11\" class=\"gallery galleryid-154968 gallery-columns-3 gallery-size-thumbnail\">\n<figure class=\"gallery-item\">\n<div class=\"gallery-icon portrait\">\n\t\t\t\t<a href=\"https:\/\/www.policiacivil.go.gov.br\/delegacias\/especializadas\/pcgo-cumpre-mandado-de-prisao-definitivo-por-homicidio-qualificado-em-aparecida-de-goiania\/attachment\/pcgo-cumpre-mandado-de-prisao-definitivo-por-homicidio-qualificado-em-aparecida-de-goiania\/\"><img loading=\"lazy\" loading=\"lazy\" decoding=\"async\" width=\"300\" height=\"300\" src=\"https:\/\/goias.gov.br\/policiacivil\/wp-content\/uploads\/sites\/71\/2025\/12\/PCGO-cumpre-mandado-de-prisao-definitivo-por-homicidio-qualificado-em-Aparecida-de-Goiania-300x300.png\" class=\"attachment-thumbnail size-thumbnail\" alt=\"PCGO cumpre mandado de pris&atilde;o definitivo por homic&iacute;dio qualificado em Aparecida de Goi&acirc;nia\"><\/a>\n\t\t\t<\/div>\n<\/figure><\/div>\n","protected":false},"excerpt":{"rendered":"<p>A Pol\u00edcia Civil de Goi\u00e1s, por meio da Delegacia Estadual de Capturas (Decap), cumpriu, na manh\u00e3 desta quinta-feira (04), em Aparecida de Goi\u00e2nia, um mandado de pris\u00e3o definitivo expedido pela 1\u00aa Vara Criminal da Comarca de Tocantin\u00f3polis\/TO. A a\u00e7\u00e3o resultou na captura de um indiv\u00edduo condenado a 15 anos de reclus\u00e3o pela pr\u00e1tica do crime &hellip;<\/p>\n","protected":false},"author":77,"featured_media":172134,"comment_status":"closed","ping_status":"open","sticky":false,"template":"","format":"standard","meta":{"footnotes":""},"categories":[2538,92,6069],"tags":[2648],"class_list":["post-172133","post","type-post","status-publish","format-standard","has-post-thumbnail","hentry","category-delegacias","category-especializadas","category-noticias-da-policia-civil","tag-decap"],"rttpg_featured_image_url":{"full":["https:\/\/goias.gov.br\/policiacivil\/wp-content\/uploads\/sites\/71\/2025\/12\/PCGO-cumpre-mandado-de-prisao-definitivo-por-homicidio-qualificado-em-Aparecida-de-Goiania.jpeg",675,1200,false],"landscape":["https:\/\/goias.gov.br\/policiacivil\/wp-content\/uploads\/sites\/71\/2025\/12\/PCGO-cumpre-mandado-de-prisao-definitivo-por-homicidio-qualificado-em-Aparecida-de-Goiania.jpeg",675,1200,false],"portraits":["https:\/\/goias.gov.br\/policiacivil\/wp-content\/uploads\/sites\/71\/2025\/12\/PCGO-cumpre-mandado-de-prisao-definitivo-por-homicidio-qualificado-em-Aparecida-de-Goiania.jpeg",675,1200,false],"thumbnail":["https:\/\/goias.gov.br\/policiacivil\/wp-content\/uploads\/sites\/71\/2025\/12\/PCGO-cumpre-mandado-de-prisao-definitivo-por-homicidio-qualificado-em-Aparecida-de-Goiania-150x150.jpeg",150,150,true],"medium":["https:\/\/goias.gov.br\/policiacivil\/wp-content\/uploads\/sites\/71\/2025\/12\/PCGO-cumpre-mandado-de-prisao-definitivo-por-homicidio-qualificado-em-Aparecida-de-Goiania-169x300.jpeg",169,300,true],"large":["https:\/\/goias.gov.br\/policiacivil\/wp-content\/uploads\/sites\/71\/2025\/12\/PCGO-cumpre-mandado-de-prisao-definitivo-por-homicidio-qualificado-em-Aparecida-de-Goiania-576x1024.jpeg",576,1024,true],"1536x1536":["https:\/\/goias.gov.br\/policiacivil\/wp-content\/uploads\/sites\/71\/2025\/12\/PCGO-cumpre-mandado-de-prisao-definitivo-por-homicidio-qualificado-em-Aparecida-de-Goiania.jpeg",675,1200,false],"2048x2048":["https:\/\/goias.gov.br\/policiacivil\/wp-content\/uploads\/sites\/71\/2025\/12\/PCGO-cumpre-mandado-de-prisao-definitivo-por-homicidio-qualificado-em-Aparecida-de-Goiania.jpeg",675,1200,false]},"rttpg_author":{"display_name":"barbaragodoy","author_link":"https:\/\/goias.gov.br\/policiacivil\/author\/barbaragodoy\/"},"rttpg_comment":0,"rttpg_category":"<a href=\"https:\/\/goias.gov.br\/policiacivil\/categoria\/delegacias\/\" rel=\"category tag\">Delegacias<\/a> <a href=\"https:\/\/goias.gov.br\/policiacivil\/categoria\/delegacias\/especializadas\/\" rel=\"category tag\">Especializadas<\/a> <a href=\"https:\/\/goias.gov.br\/policiacivil\/categoria\/noticias\/noticias-da-policia-civil\/\" rel=\"category tag\">Not\u00edcias da Pol\u00edcia Civil<\/a>","rttpg_excerpt":"A Pol\u00edcia Civil de Goi\u00e1s, por meio da Delegacia Estadual de Capturas (Decap), cumpriu, na manh\u00e3 desta quinta-feira (04), em Aparecida de Goi\u00e2nia, um mandado de pris\u00e3o definitivo expedido pela 1\u00aa Vara Criminal da Comarca de Tocantin\u00f3polis\/TO. A a\u00e7\u00e3o resultou na captura de um indiv\u00edduo condenado a 15 anos de reclus\u00e3o pela pr\u00e1tica do crime&hellip;","_links":{"self":[{"href":"https:\/\/goias.gov.br\/policiacivil\/wp-json\/wp\/v2\/posts\/172133","targetHints":{"allow":["GET"]}}],"collection":[{"href":"https:\/\/goias.gov.br\/policiacivil\/wp-json\/wp\/v2\/posts"}],"about":[{"href":"https:\/\/goias.gov.br\/policiacivil\/wp-json\/wp\/v2\/types\/post"}],"author":[{"embeddable":true,"href":"https:\/\/goias.gov.br\/policiacivil\/wp-json\/wp\/v2\/users\/77"}],"replies":[{"embeddable":true,"href":"https:\/\/goias.gov.br\/policiacivil\/wp-json\/wp\/v2\/comments?post=172133"}],"version-history":[{"count":1,"href":"https:\/\/goias.gov.br\/policiacivil\/wp-json\/wp\/v2\/posts\/172133\/revisions"}],"predecessor-version":[{"id":172138,"href":"https:\/\/goias.gov.br\/policiacivil\/wp-json\/wp\/v2\/posts\/172133\/revisions\/172138"}],"wp:featuredmedia":[{"embeddable":true,"href":"https:\/\/goias.gov.br\/policiacivil\/wp-json\/wp\/v2\/media\/172134"}],"wp:attachment":[{"href":"https:\/\/goias.gov.br\/policiacivil\/wp-json\/wp\/v2\/media?parent=172133"}],"wp:term":[{"taxonomy":"category","embeddable":true,"href":"https:\/\/goias.gov.br\/policiacivil\/wp-json\/wp\/v2\/categories?post=172133"},{"taxonomy":"post_tag","embeddable":true,"href":"https:\/\/goias.gov.br\/policiacivil\/wp-json\/wp\/v2\/tags?post=172133"}],"curies":[{"name":"wp","href":"https:\/\/api.w.org\/{rel}","templated":true}]}}