

{"id":171625,"date":"2025-11-24T08:27:05","date_gmt":"2025-11-24T11:27:05","guid":{"rendered":"https:\/\/goias.gov.br\/policiacivil\/pcgo-prende-suspeito-de-tentativa-de-homicidio-motivada-por-divida-de-r-5000-2\/"},"modified":"2026-02-23T14:55:11","modified_gmt":"2026-02-23T17:55:11","slug":"pcgo-prende-suspeito-de-tentativa-de-homicidio-motivada-por-divida-de-r-5000-2","status":"publish","type":"post","link":"https:\/\/goias.gov.br\/policiacivil\/pcgo-prende-suspeito-de-tentativa-de-homicidio-motivada-por-divida-de-r-5000-2\/","title":{"rendered":"PCGO prende suspeito de tentativa de homic\u00eddio motivada por d\u00edvida de R$ 50,00"},"content":{"rendered":"<p><?xml encoding=\"utf-8\" ?><\/p>\n<p data-start=\"194\" data-end=\"488\">A Pol&iacute;cia Civil de Goi&aacute;s (PCGO), por meio da Subdelegacia de Pol&iacute;cia de Senador Canedo &ndash; 2&ordf; DRP, prendeu em flagrante, na tarde deste s&aacute;bado (23), um homem de 50 anos suspeito de tentativa de homic&iacute;dio ocorrida no dia anterior. A a&ccedil;&atilde;o foi realizada ap&oacute;s dilig&ecirc;ncias ininterruptas das equipes de plant&atilde;o.<\/p>\n<p data-start=\"490\" data-end=\"895\">De acordo com a investiga&ccedil;&atilde;o, a v&iacute;tima, de 53 anos, foi atingida por um golpe de faca no pesco&ccedil;o durante discuss&atilde;o motivada por uma d&iacute;vida de <strong data-start=\"632\" data-end=\"644\">R$ 50,00<\/strong> referente a servi&ccedil;o de frete. O crime ocorreu no setor Col&ocirc;nia Santa Marta, onde o autor teria perseguido as v&iacute;timas pelas ruas da regi&atilde;o. A v&iacute;tima foi socorrida em estado grave e permanece internada.<\/p>\n<p data-start=\"897\" data-end=\"1140\">Com informa&ccedil;&otilde;es de que o autor tamb&eacute;m teria se ferido, a equipe concentrou buscas em unidades de sa&uacute;de, local onde o suspeito foi encontrado recebendo atendimento m&eacute;dico. Ele confessou a pr&aacute;tica delitiva e possui passagens por diversos crimes.<\/p>\n<p data-start=\"1142\" data-end=\"1403\">O indiv&iacute;duo foi autuado em flagrante por tentativa de homic&iacute;dio (art. 121, caput, c\/c art. 14, II, do C&oacute;digo Penal), com pris&atilde;o ratificada pela autoridade policial.<\/p>\n<p data-start=\"1561\" data-end=\"1598\" data-is-last-node=\"\" data-is-only-node=\"\"><strong data-start=\"1561\" data-end=\"1598\" data-is-last-node=\"\">PCGO: investigar para proteger &#128660;<\/strong><\/p>\n","protected":false},"excerpt":{"rendered":"<p>A Pol\u00edcia Civil de Goi\u00e1s (PCGO), por meio da Subdelegacia de Pol\u00edcia de Senador Canedo &#8211; 2\u00aa DRP, prendeu em flagrante, na tarde deste s\u00e1bado (23), um homem de 50 anos suspeito de tentativa de homic\u00eddio ocorrida no dia anterior. A a\u00e7\u00e3o foi realizada ap\u00f3s dilig\u00eancias ininterruptas das equipes de plant\u00e3o. De acordo com a &hellip;<\/p>\n","protected":false},"author":77,"featured_media":2283,"comment_status":"closed","ping_status":"open","sticky":false,"template":"","format":"standard","meta":{"footnotes":""},"categories":[3189,2538,89,537],"tags":[2018,1241],"class_list":["post-171625","post","type-post","status-publish","format-standard","has-post-thumbnail","hentry","category-2a-regional","category-delegacias","category-regionais","category-ultimo-segundo","tag-2a-drp","tag-senador-canedo"],"rttpg_featured_image_url":{"full":["https:\/\/goias.gov.br\/policiacivil\/wp-content\/uploads\/sites\/71\/2025\/11\/PCGO-prende-suspeito-de-tentativa-de-homicidio-motivada-por-divida-de-R-5000-1.jpeg",900,1200,false],"landscape":["https:\/\/goias.gov.br\/policiacivil\/wp-content\/uploads\/sites\/71\/2025\/11\/PCGO-prende-suspeito-de-tentativa-de-homicidio-motivada-por-divida-de-R-5000-1.jpeg",900,1200,false],"portraits":["https:\/\/goias.gov.br\/policiacivil\/wp-content\/uploads\/sites\/71\/2025\/11\/PCGO-prende-suspeito-de-tentativa-de-homicidio-motivada-por-divida-de-R-5000-1.jpeg",900,1200,false],"thumbnail":["https:\/\/goias.gov.br\/policiacivil\/wp-content\/uploads\/sites\/71\/2025\/11\/PCGO-prende-suspeito-de-tentativa-de-homicidio-motivada-por-divida-de-R-5000-1-150x150.jpeg",150,150,true],"medium":["https:\/\/goias.gov.br\/policiacivil\/wp-content\/uploads\/sites\/71\/2025\/11\/PCGO-prende-suspeito-de-tentativa-de-homicidio-motivada-por-divida-de-R-5000-1-225x300.jpeg",225,300,true],"large":["https:\/\/goias.gov.br\/policiacivil\/wp-content\/uploads\/sites\/71\/2025\/11\/PCGO-prende-suspeito-de-tentativa-de-homicidio-motivada-por-divida-de-R-5000-1-768x1024.jpeg",768,1024,true],"1536x1536":["https:\/\/goias.gov.br\/policiacivil\/wp-content\/uploads\/sites\/71\/2025\/11\/PCGO-prende-suspeito-de-tentativa-de-homicidio-motivada-por-divida-de-R-5000-1.jpeg",900,1200,false],"2048x2048":["https:\/\/goias.gov.br\/policiacivil\/wp-content\/uploads\/sites\/71\/2025\/11\/PCGO-prende-suspeito-de-tentativa-de-homicidio-motivada-por-divida-de-R-5000-1.jpeg",900,1200,false]},"rttpg_author":{"display_name":"barbaragodoy","author_link":"https:\/\/goias.gov.br\/policiacivil\/author\/barbaragodoy\/"},"rttpg_comment":0,"rttpg_category":"<a href=\"https:\/\/goias.gov.br\/policiacivil\/categoria\/drp\/2a-regional\/\" rel=\"category tag\">2\u00aa Regional<\/a> <a href=\"https:\/\/goias.gov.br\/policiacivil\/categoria\/delegacias\/\" rel=\"category tag\">Delegacias<\/a> <a href=\"https:\/\/goias.gov.br\/policiacivil\/categoria\/delegacias\/regionais\/\" rel=\"category tag\">Regionais<\/a> <a href=\"https:\/\/goias.gov.br\/policiacivil\/categoria\/ultimo-segundo\/\" rel=\"category tag\">\u00daltimo Segundo<\/a>","rttpg_excerpt":"A Pol\u00edcia Civil de Goi\u00e1s (PCGO), por meio da Subdelegacia de Pol\u00edcia de Senador Canedo &#8211; 2\u00aa DRP, prendeu em flagrante, na tarde deste s\u00e1bado (23), um homem de 50 anos suspeito de tentativa de homic\u00eddio ocorrida no dia anterior. A a\u00e7\u00e3o foi realizada ap\u00f3s dilig\u00eancias ininterruptas das equipes de plant\u00e3o. De acordo com a&hellip;","_links":{"self":[{"href":"https:\/\/goias.gov.br\/policiacivil\/wp-json\/wp\/v2\/posts\/171625","targetHints":{"allow":["GET"]}}],"collection":[{"href":"https:\/\/goias.gov.br\/policiacivil\/wp-json\/wp\/v2\/posts"}],"about":[{"href":"https:\/\/goias.gov.br\/policiacivil\/wp-json\/wp\/v2\/types\/post"}],"author":[{"embeddable":true,"href":"https:\/\/goias.gov.br\/policiacivil\/wp-json\/wp\/v2\/users\/77"}],"replies":[{"embeddable":true,"href":"https:\/\/goias.gov.br\/policiacivil\/wp-json\/wp\/v2\/comments?post=171625"}],"version-history":[{"count":1,"href":"https:\/\/goias.gov.br\/policiacivil\/wp-json\/wp\/v2\/posts\/171625\/revisions"}],"predecessor-version":[{"id":171626,"href":"https:\/\/goias.gov.br\/policiacivil\/wp-json\/wp\/v2\/posts\/171625\/revisions\/171626"}],"wp:featuredmedia":[{"embeddable":true,"href":"https:\/\/goias.gov.br\/policiacivil\/wp-json\/wp\/v2\/media\/2283"}],"wp:attachment":[{"href":"https:\/\/goias.gov.br\/policiacivil\/wp-json\/wp\/v2\/media?parent=171625"}],"wp:term":[{"taxonomy":"category","embeddable":true,"href":"https:\/\/goias.gov.br\/policiacivil\/wp-json\/wp\/v2\/categories?post=171625"},{"taxonomy":"post_tag","embeddable":true,"href":"https:\/\/goias.gov.br\/policiacivil\/wp-json\/wp\/v2\/tags?post=171625"}],"curies":[{"name":"wp","href":"https:\/\/api.w.org\/{rel}","templated":true}]}}