

{"id":171163,"date":"2025-11-14T14:21:03","date_gmt":"2025-11-14T17:21:03","guid":{"rendered":"https:\/\/goias.gov.br\/policiacivil\/operacao-protetora-leva-a-prisao-investigado-por-feminicidio-corpo-foi-carbonizado-na-residencia-em-anapolis\/"},"modified":"2026-02-23T14:44:38","modified_gmt":"2026-02-23T17:44:38","slug":"operacao-protetora-leva-a-prisao-investigado-por-feminicidio-corpo-foi-carbonizado-na-residencia-em-anapolis","status":"publish","type":"post","link":"https:\/\/goias.gov.br\/policiacivil\/operacao-protetora-leva-a-prisao-investigado-por-feminicidio-corpo-foi-carbonizado-na-residencia-em-anapolis\/","title":{"rendered":"Opera\u00e7\u00e3o Protetora leva \u00e0 pris\u00e3o investigado por feminic\u00eddio; corpo foi carbonizado na resid\u00eancia, em An\u00e1polis"},"content":{"rendered":"<p><?xml encoding=\"utf-8\" ?><\/p>\n<p><!--?xml encoding=\"utf-8\" ?--><\/p>\n<p>A Pol&iacute;cia Civil de Goi&aacute;s, por meio do Grupo de Investiga&ccedil;&atilde;o de Homic&iacute;dios (GIH) de An&aacute;polis &ndash; 3&ordf; DRP, realizou hoje (14) a Opera&ccedil;&atilde;o Protetora para cumprir um&nbsp;mandado de pris&atilde;o tempor&aacute;ria em desfavor de investigado pela pr&aacute;tica do crime de feminic&iacute;dio.<\/p>\n<p>O caso<br \/>\nNo dia 08 de agosto de 2025, populares que transitavam pela Avenida Benvindo Machado, por volta das 00h30min, visualizaram labaredas de fogo em uma resid&ecirc;ncia. Ap&oacute;s chamarem pelos moradores, e ningu&eacute;m atender, resolveram arrombar o port&atilde;o e ent&atilde;o visualizaram uma cama em chamas com um corpo sendo carbonizado no quintal da resid&ecirc;ncia. Em seguida, fizeram contato com a Pol&iacute;cia.<\/p>\n<p>Ap&oacute;s tomar conhecimento do fato, policiais civis do Grupo de Investiga&ccedil;&atilde;o de Homic&iacute;dios de An&aacute;polis realizaram dilig&ecirc;ncias investigativas com o objetivo de descobrir as circunst&acirc;ncias do fato. Ap&oacute;s intenso trabalho investigativo, os policiais conseguiram identificar o autor do crime, que fugiu logo depois de praticar o feminic&iacute;dio. Foi poss&iacute;vel verificar no IML que a v&iacute;tima &eacute; uma mulher, a despeito do corpo estar totalmente carbonizado. At&eacute; o presente momento, n&atilde;o foi poss&iacute;vel revelar a identidade da v&iacute;tima.<\/p>\n<p>Um fato merece destaque: o autor do crime tem passagens criminais por crimes de estupro. Ele estava preso na Unidade Prisional de An&aacute;polis e foi posto em liberdade no m&ecirc;s de julho deste ano.&nbsp;A a&ccedil;&atilde;o r&aacute;pida e exitosa reflete o compromisso da Pol&iacute;cia Civil com a seguran&ccedil;a p&uacute;blica do Estado de Goi&aacute;s.<\/p>\n<p><strong>PCGO: investigar para proteger &#128660;<\/strong><\/p>\n<p>&nbsp;<\/p>\n<p><img loading=\"lazy\" loading=\"lazy\" decoding=\"async\" class=\"alignnone size-medium wp-image-153957\" src=\"https:\/\/goias.gov.br\/policiacivil\/wp-content\/uploads\/sites\/71\/2025\/11\/Operacao-Protetora-leva-a-prisao-investigado-por-feminicidio-corpo-foi-carbonizado-na-residencia-em-Anapolis-1-375x500-1.jpeg\" alt=\"Opera&ccedil;&atilde;o Protetora leva &agrave; pris&atilde;o investigado por feminic&iacute;dio; corpo foi carbonizado na resid&ecirc;ncia, em An&aacute;polis\" width=\"375\" height=\"500\" srcset=\"https:\/\/goias.gov.br\/policiacivil\/wp-content\/uploads\/sites\/71\/2025\/11\/Operacao-Protetora-leva-a-prisao-investigado-por-feminicidio-corpo-foi-carbonizado-na-residencia-em-Anapolis-1-375x500-1.jpeg 375w, https:\/\/goias.gov.br\/policiacivil\/wp-content\/uploads\/sites\/71\/2025\/11\/Operacao-Protetora-leva-a-prisao-investigado-por-feminicidio-corpo-foi-carbonizado-na-residencia-em-Anapolis-1-801x1068-1.jpeg 801w, https:\/\/goias.gov.br\/policiacivil\/wp-content\/uploads\/sites\/71\/2025\/11\/Operacao-Protetora-leva-a-prisao-investigado-por-feminicidio-corpo-foi-carbonizado-na-residencia-em-Anapolis-1-768x1024-1.jpeg 768w, https:\/\/goias.gov.br\/policiacivil\/wp-content\/uploads\/sites\/71\/2025\/11\/Operacao-Protetora-leva-a-prisao-investigado-por-feminicidio-corpo-foi-carbonizado-na-residencia-em-Anapolis-1.jpeg 900w\" sizes=\"auto, (max-width: 375px) 100vw, 375px\"><\/p>\n","protected":false},"excerpt":{"rendered":"<p>A Pol\u00edcia Civil de Goi\u00e1s, por meio do Grupo de Investiga\u00e7\u00e3o de Homic\u00eddios (GIH) de An\u00e1polis &#8211; 3\u00aa DRP, realizou hoje (14) a Opera\u00e7\u00e3o Protetora para cumprir um\u00a0mandado de pris\u00e3o tempor\u00e1ria em desfavor de investigado pela pr\u00e1tica do crime de feminic\u00eddio. O caso No dia 08 de agosto de 2025, populares que transitavam pela Avenida &hellip;<\/p>\n","protected":false},"author":1511,"featured_media":1878,"comment_status":"closed","ping_status":"open","sticky":false,"template":"","format":"standard","meta":{"footnotes":""},"categories":[3190,2538,89,537],"tags":[31,3889,11371],"class_list":["post-171163","post","type-post","status-publish","format-standard","has-post-thumbnail","hentry","category-3a-regional","category-delegacias","category-regionais","category-ultimo-segundo","tag-anapolis","tag-feminicidio","tag-operacao-protetora"],"rttpg_featured_image_url":{"full":["https:\/\/goias.gov.br\/policiacivil\/wp-content\/uploads\/sites\/71\/2025\/11\/Policia-Civil-prende-em-flagrante-dois-homens-por-furto-qualificado-em-Goianapolis-3.jpeg",900,1200,false],"landscape":["https:\/\/goias.gov.br\/policiacivil\/wp-content\/uploads\/sites\/71\/2025\/11\/Policia-Civil-prende-em-flagrante-dois-homens-por-furto-qualificado-em-Goianapolis-3.jpeg",900,1200,false],"portraits":["https:\/\/goias.gov.br\/policiacivil\/wp-content\/uploads\/sites\/71\/2025\/11\/Policia-Civil-prende-em-flagrante-dois-homens-por-furto-qualificado-em-Goianapolis-3.jpeg",900,1200,false],"thumbnail":["https:\/\/goias.gov.br\/policiacivil\/wp-content\/uploads\/sites\/71\/2025\/11\/Policia-Civil-prende-em-flagrante-dois-homens-por-furto-qualificado-em-Goianapolis-3-150x150.jpeg",150,150,true],"medium":["https:\/\/goias.gov.br\/policiacivil\/wp-content\/uploads\/sites\/71\/2025\/11\/Policia-Civil-prende-em-flagrante-dois-homens-por-furto-qualificado-em-Goianapolis-3-225x300.jpeg",225,300,true],"large":["https:\/\/goias.gov.br\/policiacivil\/wp-content\/uploads\/sites\/71\/2025\/11\/Policia-Civil-prende-em-flagrante-dois-homens-por-furto-qualificado-em-Goianapolis-3-768x1024.jpeg",768,1024,true],"1536x1536":["https:\/\/goias.gov.br\/policiacivil\/wp-content\/uploads\/sites\/71\/2025\/11\/Policia-Civil-prende-em-flagrante-dois-homens-por-furto-qualificado-em-Goianapolis-3.jpeg",900,1200,false],"2048x2048":["https:\/\/goias.gov.br\/policiacivil\/wp-content\/uploads\/sites\/71\/2025\/11\/Policia-Civil-prende-em-flagrante-dois-homens-por-furto-qualificado-em-Goianapolis-3.jpeg",900,1200,false]},"rttpg_author":{"display_name":"","author_link":"https:\/\/goias.gov.br\/policiacivil\/author\/"},"rttpg_comment":0,"rttpg_category":"<a href=\"https:\/\/goias.gov.br\/policiacivil\/categoria\/drp\/3a-regional\/\" rel=\"category tag\">3\u00aa Regional<\/a> <a href=\"https:\/\/goias.gov.br\/policiacivil\/categoria\/delegacias\/\" rel=\"category tag\">Delegacias<\/a> <a href=\"https:\/\/goias.gov.br\/policiacivil\/categoria\/delegacias\/regionais\/\" rel=\"category tag\">Regionais<\/a> <a href=\"https:\/\/goias.gov.br\/policiacivil\/categoria\/ultimo-segundo\/\" rel=\"category tag\">\u00daltimo Segundo<\/a>","rttpg_excerpt":"A Pol\u00edcia Civil de Goi\u00e1s, por meio do Grupo de Investiga\u00e7\u00e3o de Homic\u00eddios (GIH) de An\u00e1polis &#8211; 3\u00aa DRP, realizou hoje (14) a Opera\u00e7\u00e3o Protetora para cumprir um\u00a0mandado de pris\u00e3o tempor\u00e1ria em desfavor de investigado pela pr\u00e1tica do crime de feminic\u00eddio. O caso No dia 08 de agosto de 2025, populares que transitavam pela Avenida&hellip;","_links":{"self":[{"href":"https:\/\/goias.gov.br\/policiacivil\/wp-json\/wp\/v2\/posts\/171163","targetHints":{"allow":["GET"]}}],"collection":[{"href":"https:\/\/goias.gov.br\/policiacivil\/wp-json\/wp\/v2\/posts"}],"about":[{"href":"https:\/\/goias.gov.br\/policiacivil\/wp-json\/wp\/v2\/types\/post"}],"author":[{"embeddable":true,"href":"https:\/\/goias.gov.br\/policiacivil\/wp-json\/wp\/v2\/users\/1511"}],"replies":[{"embeddable":true,"href":"https:\/\/goias.gov.br\/policiacivil\/wp-json\/wp\/v2\/comments?post=171163"}],"version-history":[{"count":1,"href":"https:\/\/goias.gov.br\/policiacivil\/wp-json\/wp\/v2\/posts\/171163\/revisions"}],"predecessor-version":[{"id":171165,"href":"https:\/\/goias.gov.br\/policiacivil\/wp-json\/wp\/v2\/posts\/171163\/revisions\/171165"}],"wp:featuredmedia":[{"embeddable":true,"href":"https:\/\/goias.gov.br\/policiacivil\/wp-json\/wp\/v2\/media\/1878"}],"wp:attachment":[{"href":"https:\/\/goias.gov.br\/policiacivil\/wp-json\/wp\/v2\/media?parent=171163"}],"wp:term":[{"taxonomy":"category","embeddable":true,"href":"https:\/\/goias.gov.br\/policiacivil\/wp-json\/wp\/v2\/categories?post=171163"},{"taxonomy":"post_tag","embeddable":true,"href":"https:\/\/goias.gov.br\/policiacivil\/wp-json\/wp\/v2\/tags?post=171163"}],"curies":[{"name":"wp","href":"https:\/\/api.w.org\/{rel}","templated":true}]}}