

{"id":171102,"date":"2025-11-13T11:23:47","date_gmt":"2025-11-13T14:23:47","guid":{"rendered":"https:\/\/goias.gov.br\/policiacivil\/pcgo-prende-investigados-por-roubo-a-residencia-em-que-familia-foi-rendida-e-veiculo-levado-pelos-criminosos\/"},"modified":"2026-02-23T14:42:20","modified_gmt":"2026-02-23T17:42:20","slug":"pcgo-prende-investigados-por-roubo-a-residencia-em-que-familia-foi-rendida-e-veiculo-levado-pelos-criminosos","status":"publish","type":"post","link":"https:\/\/goias.gov.br\/policiacivil\/pcgo-prende-investigados-por-roubo-a-residencia-em-que-familia-foi-rendida-e-veiculo-levado-pelos-criminosos\/","title":{"rendered":"PCGO prende investigados por roubo a resid\u00eancia em que fam\u00edlia foi rendida e ve\u00edculo levado pelos criminosos"},"content":{"rendered":"<p><?xml encoding=\"utf-8\" ?><\/p>\n<p><!--?xml encoding=\"utf-8\" ?--><\/p>\n<p style=\"text-align: justify;\">A Pol&iacute;cia Civil de Goi&aacute;s, atrav&eacute;s da Delegacia Estadual de Investiga&ccedil;&otilde;es Criminais,via Grupo de Repress&atilde;o a Roubos (Deic\/Garra), deflagrou opera&ccedil;&atilde;o policial nesta quinta-feira (13) e cumpriu dois mandados de pris&atilde;o tempor&aacute;ria, al&eacute;m de mandados de busca e apreens&atilde;o, em desfavor de dois suspeitos da pr&aacute;tica do crime de roubo a resid&ecirc;ncia ocorrido em mar&ccedil;o de 2024, em Goi&acirc;nia.<\/p>\n<p style=\"text-align: justify;\">De acordo com a investiga&ccedil;&atilde;o, os suspeitos invadiram uma resid&ecirc;ncia e renderam os tr&ecirc;s moradores, mediante o emprego de grave amea&ccedil;a com arma de fogo e subtra&iacute;ram diversos objetos que estavam no local, al&eacute;m do ve&iacute;culo automotor de uma das v&iacute;timas que estava na garagem. As v&iacute;timas foram obrigadas a ficar de joelhos enquanto os criminosos carregavam o carro com os bens subtra&iacute;dos. Logo ap&oacute;s o crime, os criminosos evadiram-se para Trindade-GO.<\/p>\n<p style=\"text-align: justify;\">Na data de hoje (13), os suspeitos foram localizados e presos em Trindade-GO.<\/p>\n<p><b>PCGO: investigar para proteger &#128660;<\/b><\/p>\n<div id=\"gallery-1\" class=\"gallery galleryid-153860 gallery-columns-3 gallery-size-thumbnail\">\n<figure class=\"gallery-item\">\n<div class=\"gallery-icon portrait\">\n\t\t\t\t<a href=\"https:\/\/www.policiacivil.go.gov.br\/delegacias\/especializadas\/pcgo-prende-investigados-por-roubo-a-residencia-em-que-familia-foi-rendida-e-veiculo-levado-pelos-criminosos\/attachment\/pcgo-prende-investigados-por-roubo-a-residencia-em-que-familia-foi-rendida-e-veiculo-levado-pelos-criminosos\/\"><img loading=\"lazy\" loading=\"lazy\" decoding=\"async\" width=\"300\" height=\"300\" src=\"https:\/\/goias.gov.br\/policiacivil\/wp-content\/uploads\/sites\/71\/2025\/11\/PCGO-prende-investigados-por-roubo-a-residencia-em-que-familia-foi-rendida-e-veiculo-levado-pelos-criminosos-300x300-1.jpeg\" class=\"attachment-thumbnail size-thumbnail\" alt=\"PCGO prende investigados por roubo a resid&ecirc;ncia em que fam&iacute;lia foi rendida e ve&iacute;culo levado pelos criminosos\"><\/a>\n\t\t\t<\/div>\n<\/figure>\n<figure class=\"gallery-item\">\n<div class=\"gallery-icon landscape\">\n\t\t\t\t<a href=\"https:\/\/www.policiacivil.go.gov.br\/delegacias\/especializadas\/pcgo-prende-investigados-por-roubo-a-residencia-em-que-familia-foi-rendida-e-veiculo-levado-pelos-criminosos\/attachment\/pcgo-prende-investigados-por-roubo-a-residencia-em-que-familia-foi-rendida-e-veiculo-levado-pelos-criminosos-2\/\"><img loading=\"lazy\" loading=\"lazy\" decoding=\"async\" width=\"300\" height=\"300\" src=\"https:\/\/goias.gov.br\/policiacivil\/wp-content\/uploads\/sites\/71\/2025\/11\/PCGO-prende-investigados-por-roubo-a-residencia-em-que-familia-foi-rendida-e-veiculo-levado-pelos-criminosos-1-300x300-1.jpeg\" class=\"attachment-thumbnail size-thumbnail\" alt=\"PCGO prende investigados por roubo a resid&ecirc;ncia em que fam&iacute;lia foi rendida e ve&iacute;culo levado pelos criminosos\"><\/a>\n\t\t\t<\/div>\n<\/figure>\n<\/div>\n","protected":false},"excerpt":{"rendered":"<p>A Pol\u00edcia Civil de Goi\u00e1s, atrav\u00e9s da Delegacia Estadual de Investiga\u00e7\u00f5es Criminais,via Grupo de Repress\u00e3o a Roubos (Deic\/Garra), deflagrou opera\u00e7\u00e3o policial nesta quinta-feira (13) e cumpriu dois mandados de pris\u00e3o tempor\u00e1ria, al\u00e9m de mandados de busca e apreens\u00e3o, em desfavor de dois suspeitos da pr\u00e1tica do crime de roubo a resid\u00eancia ocorrido em mar\u00e7o de &hellip;<\/p>\n","protected":false},"author":1511,"featured_media":171103,"comment_status":"closed","ping_status":"open","sticky":false,"template":"","format":"standard","meta":{"footnotes":""},"categories":[2538,92,6069],"tags":[759,4502],"class_list":["post-171102","post","type-post","status-publish","format-standard","has-post-thumbnail","hentry","category-delegacias","category-especializadas","category-noticias-da-policia-civil","tag-deic","tag-garra"],"rttpg_featured_image_url":{"full":["https:\/\/goias.gov.br\/policiacivil\/wp-content\/uploads\/sites\/71\/2025\/11\/PCGO-prende-investigados-por-roubo-a-residencia-em-que-familia-foi-rendida-e-veiculo-levado-pelos-criminosos.png",1200,675,false],"landscape":["https:\/\/goias.gov.br\/policiacivil\/wp-content\/uploads\/sites\/71\/2025\/11\/PCGO-prende-investigados-por-roubo-a-residencia-em-que-familia-foi-rendida-e-veiculo-levado-pelos-criminosos.png",1200,675,false],"portraits":["https:\/\/goias.gov.br\/policiacivil\/wp-content\/uploads\/sites\/71\/2025\/11\/PCGO-prende-investigados-por-roubo-a-residencia-em-que-familia-foi-rendida-e-veiculo-levado-pelos-criminosos.png",1200,675,false],"thumbnail":["https:\/\/goias.gov.br\/policiacivil\/wp-content\/uploads\/sites\/71\/2025\/11\/PCGO-prende-investigados-por-roubo-a-residencia-em-que-familia-foi-rendida-e-veiculo-levado-pelos-criminosos-150x150.png",150,150,true],"medium":["https:\/\/goias.gov.br\/policiacivil\/wp-content\/uploads\/sites\/71\/2025\/11\/PCGO-prende-investigados-por-roubo-a-residencia-em-que-familia-foi-rendida-e-veiculo-levado-pelos-criminosos-300x169.png",300,169,true],"large":["https:\/\/goias.gov.br\/policiacivil\/wp-content\/uploads\/sites\/71\/2025\/11\/PCGO-prende-investigados-por-roubo-a-residencia-em-que-familia-foi-rendida-e-veiculo-levado-pelos-criminosos-1024x576.png",1024,576,true],"1536x1536":["https:\/\/goias.gov.br\/policiacivil\/wp-content\/uploads\/sites\/71\/2025\/11\/PCGO-prende-investigados-por-roubo-a-residencia-em-que-familia-foi-rendida-e-veiculo-levado-pelos-criminosos.png",1200,675,false],"2048x2048":["https:\/\/goias.gov.br\/policiacivil\/wp-content\/uploads\/sites\/71\/2025\/11\/PCGO-prende-investigados-por-roubo-a-residencia-em-que-familia-foi-rendida-e-veiculo-levado-pelos-criminosos.png",1200,675,false]},"rttpg_author":{"display_name":"","author_link":"https:\/\/goias.gov.br\/policiacivil\/author\/"},"rttpg_comment":0,"rttpg_category":"<a href=\"https:\/\/goias.gov.br\/policiacivil\/categoria\/delegacias\/\" rel=\"category tag\">Delegacias<\/a> <a href=\"https:\/\/goias.gov.br\/policiacivil\/categoria\/delegacias\/especializadas\/\" rel=\"category tag\">Especializadas<\/a> <a href=\"https:\/\/goias.gov.br\/policiacivil\/categoria\/noticias\/noticias-da-policia-civil\/\" rel=\"category tag\">Not\u00edcias da Pol\u00edcia Civil<\/a>","rttpg_excerpt":"A Pol\u00edcia Civil de Goi\u00e1s, atrav\u00e9s da Delegacia Estadual de Investiga\u00e7\u00f5es Criminais,via Grupo de Repress\u00e3o a Roubos (Deic\/Garra), deflagrou opera\u00e7\u00e3o policial nesta quinta-feira (13) e cumpriu dois mandados de pris\u00e3o tempor\u00e1ria, al\u00e9m de mandados de busca e apreens\u00e3o, em desfavor de dois suspeitos da pr\u00e1tica do crime de roubo a resid\u00eancia ocorrido em mar\u00e7o de&hellip;","_links":{"self":[{"href":"https:\/\/goias.gov.br\/policiacivil\/wp-json\/wp\/v2\/posts\/171102","targetHints":{"allow":["GET"]}}],"collection":[{"href":"https:\/\/goias.gov.br\/policiacivil\/wp-json\/wp\/v2\/posts"}],"about":[{"href":"https:\/\/goias.gov.br\/policiacivil\/wp-json\/wp\/v2\/types\/post"}],"author":[{"embeddable":true,"href":"https:\/\/goias.gov.br\/policiacivil\/wp-json\/wp\/v2\/users\/1511"}],"replies":[{"embeddable":true,"href":"https:\/\/goias.gov.br\/policiacivil\/wp-json\/wp\/v2\/comments?post=171102"}],"version-history":[{"count":1,"href":"https:\/\/goias.gov.br\/policiacivil\/wp-json\/wp\/v2\/posts\/171102\/revisions"}],"predecessor-version":[{"id":171104,"href":"https:\/\/goias.gov.br\/policiacivil\/wp-json\/wp\/v2\/posts\/171102\/revisions\/171104"}],"wp:featuredmedia":[{"embeddable":true,"href":"https:\/\/goias.gov.br\/policiacivil\/wp-json\/wp\/v2\/media\/171103"}],"wp:attachment":[{"href":"https:\/\/goias.gov.br\/policiacivil\/wp-json\/wp\/v2\/media?parent=171102"}],"wp:term":[{"taxonomy":"category","embeddable":true,"href":"https:\/\/goias.gov.br\/policiacivil\/wp-json\/wp\/v2\/categories?post=171102"},{"taxonomy":"post_tag","embeddable":true,"href":"https:\/\/goias.gov.br\/policiacivil\/wp-json\/wp\/v2\/tags?post=171102"}],"curies":[{"name":"wp","href":"https:\/\/api.w.org\/{rel}","templated":true}]}}