

{"id":171020,"date":"2025-11-12T08:25:47","date_gmt":"2025-11-12T11:25:47","guid":{"rendered":"https:\/\/goias.gov.br\/policiacivil\/pcgo-e-pmgo-prendem-autor-de-tentativa-de-homicidio-em-menos-de-20-minutos-apos-o-crime\/"},"modified":"2026-02-23T14:32:11","modified_gmt":"2026-02-23T17:32:11","slug":"pcgo-e-pmgo-prendem-autor-de-tentativa-de-homicidio-em-menos-de-20-minutos-apos-o-crime","status":"publish","type":"post","link":"https:\/\/goias.gov.br\/policiacivil\/pcgo-e-pmgo-prendem-autor-de-tentativa-de-homicidio-em-menos-de-20-minutos-apos-o-crime\/","title":{"rendered":"PCGO e PMGO prendem autor de tentativa de homic\u00eddio em menos de 20 minutos ap\u00f3s o crime"},"content":{"rendered":"<p><?xml encoding=\"utf-8\" ?><\/p>\n<p><!--?xml encoding=\"utf-8\" ?--><\/p>\n<p style=\"text-align: justify;\">A Pol&iacute;cia Civil de Goi&aacute;s, por meio da Delegacia de Goian&aacute;polis &ndash; 3&ordf; DRP, em a&ccedil;&atilde;o conjunta com a Pol&iacute;cia Militar de Goi&aacute;s, prendeu em flagrante, nesta ter&ccedil;a-feira (11), o autor de uma tentativa de homic&iacute;dio praticada com arma branca. A pris&atilde;o ocorreu menos de 20 minutos ap&oacute;s o cometimento do crime.<\/p>\n<p>O fato aconteceu na manh&atilde; desta ter&ccedil;a-feira, no Bairro Jardim Primavera II, em Goian&aacute;polis, onde um homem foi esfaqueado e socorrido ao hospital da cidade.<\/p>\n<p>Diante da gravidade da ocorr&ecirc;ncia, as equipes policiais deslocaram-se imediatamente at&eacute; o endere&ccedil;o informado. Ap&oacute;s troca de informa&ccedil;&otilde;es e buscas na regi&atilde;o, os policiais localizaram o suspeito homiziado em uma resid&ecirc;ncia pr&oacute;xima.<\/p>\n<p>Durante a abordagem, o homem foi encontrado deitado em um sof&aacute;, na garagem do im&oacute;vel. Ao seu lado, havia uma arma branca com manchas de sangue, uma po&ccedil;a de sangue e um frasco de cacha&ccedil;a. Questionado sobre o ocorrido, o suspeito, visivelmente embriagado, afirmou n&atilde;o se recordar dos fatos.<\/p>\n<p>Diante das evid&ecirc;ncias encontradas, o indiv&iacute;duo foi preso em flagrante e conduzido &agrave; Delegacia de Pol&iacute;cia de Goian&aacute;polis, onde foi lavrado o Auto de Pris&atilde;o em Flagrante pela pr&aacute;tica do crime de homic&iacute;dio tentado.<\/p>\n<p><strong>PCGO: investigar para proteger &#128660;<\/strong><\/p>\n<div id=\"gallery-4\" class=\"gallery galleryid-153737 gallery-columns-3 gallery-size-thumbnail\">\n<figure class=\"gallery-item\">\n<div class=\"gallery-icon portrait\">\n\t\t\t\t<a href=\"https:\/\/www.policiacivil.go.gov.br\/delegacias\/regionais\/pcgo-e-pmgo-prendem-autor-de-tentativa-de-homicidio-em-menos-de-20-minutos-apos-o-crime\/attachment\/pcgo-e-pmgo-prendem-autor-de-tentativa-de-homicidio-em-menos-de-20-minutos-apos-o-crime\/\"><img loading=\"lazy\" loading=\"lazy\" decoding=\"async\" width=\"300\" height=\"300\" src=\"https:\/\/goias.gov.br\/policiacivil\/wp-content\/uploads\/sites\/71\/2025\/11\/PCGO-e-PMGO-prendem-autor-de-tentativa-de-homicidio-em-menos-de-20-minutos-apos-o-crime-300x300-1.jpg\" class=\"attachment-thumbnail size-thumbnail\" alt=\"PCGO e PMGO prendem autor de tentativa de homic&iacute;dio em menos de 20 minutos ap&oacute;s o crime\"><\/a>\n\t\t\t<\/div>\n<\/figure>\n<figure class=\"gallery-item\">\n<div class=\"gallery-icon portrait\">\n\t\t\t\t<a href=\"https:\/\/www.policiacivil.go.gov.br\/delegacias\/regionais\/pcgo-e-pmgo-prendem-autor-de-tentativa-de-homicidio-em-menos-de-20-minutos-apos-o-crime\/attachment\/pcgo-e-pmgo-prendem-autor-de-tentativa-de-homicidio-em-menos-de-20-minutos-apos-o-crime-2\/\"><img loading=\"lazy\" loading=\"lazy\" decoding=\"async\" width=\"300\" height=\"300\" src=\"https:\/\/goias.gov.br\/policiacivil\/wp-content\/uploads\/sites\/71\/2025\/11\/PCGO-e-PMGO-prendem-autor-de-tentativa-de-homicidio-em-menos-de-20-minutos-apos-o-crime-300x300-1.jpeg\" class=\"attachment-thumbnail size-thumbnail\" alt=\"PCGO e PMGO prendem autor de tentativa de homic&iacute;dio em menos de 20 minutos ap&oacute;s o crime\"><\/a>\n\t\t\t<\/div>\n<\/figure>\n<\/div>\n","protected":false},"excerpt":{"rendered":"<p>A Pol\u00edcia Civil de Goi\u00e1s, por meio da Delegacia de Goian\u00e1polis &#8211; 3\u00aa DRP, em a\u00e7\u00e3o conjunta com a Pol\u00edcia Militar de Goi\u00e1s, prendeu em flagrante, nesta ter\u00e7a-feira (11), o autor de uma tentativa de homic\u00eddio praticada com arma branca. A pris\u00e3o ocorreu menos de 20 minutos ap\u00f3s o cometimento do crime. O fato aconteceu &hellip;<\/p>\n","protected":false},"author":1511,"featured_media":165140,"comment_status":"closed","ping_status":"open","sticky":false,"template":"","format":"standard","meta":{"footnotes":""},"categories":[3190,2538,89,537],"tags":[1477,3522],"class_list":["post-171020","post","type-post","status-publish","format-standard","has-post-thumbnail","hentry","category-3a-regional","category-delegacias","category-regionais","category-ultimo-segundo","tag-3a-drp","tag-goianapolis"],"rttpg_featured_image_url":{"full":["https:\/\/goias.gov.br\/policiacivil\/wp-content\/uploads\/sites\/71\/2025\/11\/PCGO-prende-homem-por-crimes-sexuais-contra-crianca-de-8-anos-em-Goianapolis.png",1200,675,false],"landscape":["https:\/\/goias.gov.br\/policiacivil\/wp-content\/uploads\/sites\/71\/2025\/11\/PCGO-prende-homem-por-crimes-sexuais-contra-crianca-de-8-anos-em-Goianapolis.png",1200,675,false],"portraits":["https:\/\/goias.gov.br\/policiacivil\/wp-content\/uploads\/sites\/71\/2025\/11\/PCGO-prende-homem-por-crimes-sexuais-contra-crianca-de-8-anos-em-Goianapolis.png",1200,675,false],"thumbnail":["https:\/\/goias.gov.br\/policiacivil\/wp-content\/uploads\/sites\/71\/2025\/11\/PCGO-prende-homem-por-crimes-sexuais-contra-crianca-de-8-anos-em-Goianapolis-150x150.png",150,150,true],"medium":["https:\/\/goias.gov.br\/policiacivil\/wp-content\/uploads\/sites\/71\/2025\/11\/PCGO-prende-homem-por-crimes-sexuais-contra-crianca-de-8-anos-em-Goianapolis-300x169.png",300,169,true],"large":["https:\/\/goias.gov.br\/policiacivil\/wp-content\/uploads\/sites\/71\/2025\/11\/PCGO-prende-homem-por-crimes-sexuais-contra-crianca-de-8-anos-em-Goianapolis-1024x576.png",1024,576,true],"1536x1536":["https:\/\/goias.gov.br\/policiacivil\/wp-content\/uploads\/sites\/71\/2025\/11\/PCGO-prende-homem-por-crimes-sexuais-contra-crianca-de-8-anos-em-Goianapolis.png",1200,675,false],"2048x2048":["https:\/\/goias.gov.br\/policiacivil\/wp-content\/uploads\/sites\/71\/2025\/11\/PCGO-prende-homem-por-crimes-sexuais-contra-crianca-de-8-anos-em-Goianapolis.png",1200,675,false]},"rttpg_author":{"display_name":"","author_link":"https:\/\/goias.gov.br\/policiacivil\/author\/"},"rttpg_comment":0,"rttpg_category":"<a href=\"https:\/\/goias.gov.br\/policiacivil\/categoria\/drp\/3a-regional\/\" rel=\"category tag\">3\u00aa Regional<\/a> <a href=\"https:\/\/goias.gov.br\/policiacivil\/categoria\/delegacias\/\" rel=\"category tag\">Delegacias<\/a> <a href=\"https:\/\/goias.gov.br\/policiacivil\/categoria\/delegacias\/regionais\/\" rel=\"category tag\">Regionais<\/a> <a href=\"https:\/\/goias.gov.br\/policiacivil\/categoria\/ultimo-segundo\/\" rel=\"category tag\">\u00daltimo Segundo<\/a>","rttpg_excerpt":"A Pol\u00edcia Civil de Goi\u00e1s, por meio da Delegacia de Goian\u00e1polis &#8211; 3\u00aa DRP, em a\u00e7\u00e3o conjunta com a Pol\u00edcia Militar de Goi\u00e1s, prendeu em flagrante, nesta ter\u00e7a-feira (11), o autor de uma tentativa de homic\u00eddio praticada com arma branca. A pris\u00e3o ocorreu menos de 20 minutos ap\u00f3s o cometimento do crime. O fato aconteceu&hellip;","_links":{"self":[{"href":"https:\/\/goias.gov.br\/policiacivil\/wp-json\/wp\/v2\/posts\/171020","targetHints":{"allow":["GET"]}}],"collection":[{"href":"https:\/\/goias.gov.br\/policiacivil\/wp-json\/wp\/v2\/posts"}],"about":[{"href":"https:\/\/goias.gov.br\/policiacivil\/wp-json\/wp\/v2\/types\/post"}],"author":[{"embeddable":true,"href":"https:\/\/goias.gov.br\/policiacivil\/wp-json\/wp\/v2\/users\/1511"}],"replies":[{"embeddable":true,"href":"https:\/\/goias.gov.br\/policiacivil\/wp-json\/wp\/v2\/comments?post=171020"}],"version-history":[{"count":1,"href":"https:\/\/goias.gov.br\/policiacivil\/wp-json\/wp\/v2\/posts\/171020\/revisions"}],"predecessor-version":[{"id":171022,"href":"https:\/\/goias.gov.br\/policiacivil\/wp-json\/wp\/v2\/posts\/171020\/revisions\/171022"}],"wp:featuredmedia":[{"embeddable":true,"href":"https:\/\/goias.gov.br\/policiacivil\/wp-json\/wp\/v2\/media\/165140"}],"wp:attachment":[{"href":"https:\/\/goias.gov.br\/policiacivil\/wp-json\/wp\/v2\/media?parent=171020"}],"wp:term":[{"taxonomy":"category","embeddable":true,"href":"https:\/\/goias.gov.br\/policiacivil\/wp-json\/wp\/v2\/categories?post=171020"},{"taxonomy":"post_tag","embeddable":true,"href":"https:\/\/goias.gov.br\/policiacivil\/wp-json\/wp\/v2\/tags?post=171020"}],"curies":[{"name":"wp","href":"https:\/\/api.w.org\/{rel}","templated":true}]}}