

{"id":17036,"date":"2013-01-11T14:43:44","date_gmt":"2013-01-11T16:43:44","guid":{"rendered":"https:\/\/goias.gov.br\/policiacivil\/?p=17036"},"modified":"2013-01-18T08:16:26","modified_gmt":"2013-01-18T10:16:26","slug":"17036","status":"publish","type":"post","link":"https:\/\/goias.gov.br\/policiacivil\/17036\/","title":{"rendered":"Genarc de Itumbiara prende dois traficantes com drogas para comercializar em Caldas Novas"},"content":{"rendered":"<figure id=\"attachment_17037\" aria-describedby=\"caption-attachment-17037\" style=\"width: 220px\" class=\"wp-caption alignleft\"><a href=\" https:\/\/goias.gov.br\/policiacivil\/wp-content\/uploads\/sites\/71\/sites\/71\/2013\/01\/samy-006.jpg\"><img decoding=\"async\" class=\"size-medium wp-image-17037\" title=\"samy 006\" src=\" https:\/\/goias.gov.br\/policiacivil\/wp-content\/uploads\/sites\/71\/sites\/71\/2013\/01\/samy-006-220x165.jpg\" alt=\"\" width=\"220\" height=\"165\" srcset=\"https:\/\/goias.gov.br\/policiacivil\/wp-content\/uploads\/sites\/71\/2013\/01\/samy-006-220x165.jpg 220w, https:\/\/goias.gov.br\/policiacivil\/wp-content\/uploads\/sites\/71\/2013\/01\/samy-006-300x225.jpg 300w, https:\/\/goias.gov.br\/policiacivil\/wp-content\/uploads\/sites\/71\/2013\/01\/samy-006-350x263.jpg 350w, https:\/\/goias.gov.br\/policiacivil\/wp-content\/uploads\/sites\/71\/2013\/01\/samy-006-600x450.jpg 600w, https:\/\/goias.gov.br\/policiacivil\/wp-content\/uploads\/sites\/71\/2013\/01\/samy-006-80x60.jpg 80w, https:\/\/goias.gov.br\/policiacivil\/wp-content\/uploads\/sites\/71\/2013\/01\/samy-006-160x120.jpg 160w, https:\/\/goias.gov.br\/policiacivil\/wp-content\/uploads\/sites\/71\/2013\/01\/samy-006-265x198.jpg 265w, https:\/\/goias.gov.br\/policiacivil\/wp-content\/uploads\/sites\/71\/2013\/01\/samy-006-530x396.jpg 530w, https:\/\/goias.gov.br\/policiacivil\/wp-content\/uploads\/sites\/71\/2013\/01\/samy-006-560x420.jpg 560w, https:\/\/goias.gov.br\/policiacivil\/wp-content\/uploads\/sites\/71\/2013\/01\/samy-006.jpg 620w\" sizes=\"(max-width: 220px) 100vw, 220px\" \/><\/a><figcaption id=\"caption-attachment-17037\" class=\"wp-caption-text\">Samy<\/figcaption><\/figure>\n<p style=\"text-align: justify;\"><span style=\"text-align: justify;\">Policiais Civis do Grupo Especial de Repress\u00e3o a Narc\u00f3ticos &#8211; Genarc, da 6\u00aa Delegacia Regional de Pol\u00edcia (DRP), de Itumbiara, prenderam dois rapazes que portavam 2 kilos de maconha e 600 gramas de pasta base de coca\u00edna. Os dois desciam de um \u00f4nibus que fazia a linha Foz do Igua\u00e7u-PR\/ Bras\u00edlia-DF, na rodovi\u00e1ria de Itumbiara, quando foram abordados pela equiipe de policicias.\u00a0<\/span><\/p>\n<p style=\"text-align: justify;\">Samy Ara\u00fajo Zael, de 26 anos, e Ad\u00e3o Martins Soares J\u00fanior, de 24 anos, traficava drogas em Caldas Novas, cidade em que j\u00e1 eram conhecidos da Pol\u00edcia Civil como traficantes de droga e por isso, j\u00e1 estavam sendo investigados pelo GENARC a dois meses. Eles foram presos em Itumbiara, quando desciam de um \u00f4nibus para entrar em outro com destino \u00e0 Caldas Novas. A coca\u00edna foi encontrada junto as bagagens e a maconha, estava escondido no toalete do ve\u00edculo, possivelmente dispensados pelos traficantes quando perceberam a chegada da pol\u00edcia ao terminal rodovi\u00e1rio. Os presos atuavam no tr\u00e1fico exclusivamente em Caldas Novas, onde vendiam droga em bairros como Santa Efig\u00eania e Nova Vila. Os traficantes foram a Foz do Igua\u00e7u, a fim de adquirir a droga e revend\u00ea-la na cidade das \u00e1guas quentes.<\/p>\n<figure id=\"attachment_17042\" aria-describedby=\"caption-attachment-17042\" style=\"width: 220px\" class=\"wp-caption alignright\"><a href=\" https:\/\/goias.gov.br\/policiacivil\/wp-content\/uploads\/sites\/71\/sites\/71\/2013\/01\/samy-0071.jpg\"><img decoding=\"async\" class=\"size-medium wp-image-17042\" title=\"samy 007\" src=\" https:\/\/goias.gov.br\/policiacivil\/wp-content\/uploads\/sites\/71\/sites\/71\/2013\/01\/samy-0071-220x165.jpg\" alt=\"\" width=\"220\" height=\"165\" \/><\/a><figcaption id=\"caption-attachment-17042\" class=\"wp-caption-text\">Ad\u00e3o<\/figcaption><\/figure>\n<p style=\"text-align: justify;\"><span style=\"text-align: justify;\">De acordo com o delegado Ricardo Chueire, Delegado Regional de Itumbiara, os dois foram autuados pelos crimes de tr\u00e1fico de drogas e associa\u00e7\u00e3o para o tr\u00e1fico de drogas, ambos com causa de aumento de pena, por se tratar de tr\u00e1fico de drogas interestadual e ficar\u00e3o presos em Itumbiara \u00e0 disposi\u00e7\u00e3o do Poder Judici\u00e1rio Local, j\u00e1 que foi naquela cidade, que aconteceu a apreens\u00e3o, mesmo os traficantes atuando em Caldas Novas.<\/span><\/p>\n<p>Geralda Ferraz &#8211; Escriv\u00e3 de Pol\u00edcia<\/p>\n","protected":false},"excerpt":{"rendered":"<p>Policiais Civis do Grupo Especial de Repress\u00e3o a Narc\u00f3ticos &#8211; Genarc, da 6\u00aa Delegacia Regional de Pol\u00edcia (DRP), de Itumbiara, prenderam dois rapazes que portavam 2 kilos de maconha e 600 gramas de pasta base de coca\u00edna. Os dois desciam de um \u00f4nibus que fazia a linha Foz do Igua\u00e7u-PR\/ Bras\u00edlia-DF, na rodovi\u00e1ria de Itumbiara, [&hellip;]<\/p>\n","protected":false},"author":4,"featured_media":17037,"comment_status":"closed","ping_status":"closed","sticky":false,"template":"","format":"standard","meta":{"footnotes":""},"categories":[3],"tags":[1100,16,20,12],"class_list":["post-17036","post","type-post","status-publish","format-standard","has-post-thumbnail","hentry","category-noticias","tag-caldas-novas","tag-itumbiara","tag-presos","tag-trafico"],"rttpg_featured_image_url":{"full":["https:\/\/goias.gov.br\/policiacivil\/wp-content\/uploads\/sites\/71\/2013\/01\/samy-006.jpg",620,465,false],"landscape":["https:\/\/goias.gov.br\/policiacivil\/wp-content\/uploads\/sites\/71\/2013\/01\/samy-006.jpg",620,465,false],"portraits":["https:\/\/goias.gov.br\/policiacivil\/wp-content\/uploads\/sites\/71\/2013\/01\/samy-006.jpg",620,465,false],"thumbnail":["https:\/\/goias.gov.br\/policiacivil\/wp-content\/uploads\/sites\/71\/2013\/01\/samy-006-150x150.jpg",150,150,true],"medium":["https:\/\/goias.gov.br\/policiacivil\/wp-content\/uploads\/sites\/71\/2013\/01\/samy-006-300x225.jpg",300,225,true],"large":["https:\/\/goias.gov.br\/policiacivil\/wp-content\/uploads\/sites\/71\/2013\/01\/samy-006-350x263.jpg",350,263,true],"1536x1536":["https:\/\/goias.gov.br\/policiacivil\/wp-content\/uploads\/sites\/71\/2013\/01\/samy-006.jpg",620,465,false],"2048x2048":["https:\/\/goias.gov.br\/policiacivil\/wp-content\/uploads\/sites\/71\/2013\/01\/samy-006.jpg",620,465,false]},"rttpg_author":{"display_name":"","author_link":"https:\/\/goias.gov.br\/policiacivil\/author\/"},"rttpg_comment":0,"rttpg_category":"<a href=\"https:\/\/goias.gov.br\/policiacivil\/categoria\/noticias\/\" rel=\"category tag\">Not\u00edcias<\/a>","rttpg_excerpt":"Policiais Civis do Grupo Especial de Repress\u00e3o a Narc\u00f3ticos &#8211; Genarc, da 6\u00aa Delegacia Regional de Pol\u00edcia (DRP), de Itumbiara, prenderam dois rapazes que portavam 2 kilos de maconha e 600 gramas de pasta base de coca\u00edna. Os dois desciam de um \u00f4nibus que fazia a linha Foz do Igua\u00e7u-PR\/ Bras\u00edlia-DF, na rodovi\u00e1ria de Itumbiara,&hellip;","_links":{"self":[{"href":"https:\/\/goias.gov.br\/policiacivil\/wp-json\/wp\/v2\/posts\/17036","targetHints":{"allow":["GET"]}}],"collection":[{"href":"https:\/\/goias.gov.br\/policiacivil\/wp-json\/wp\/v2\/posts"}],"about":[{"href":"https:\/\/goias.gov.br\/policiacivil\/wp-json\/wp\/v2\/types\/post"}],"author":[{"embeddable":true,"href":"https:\/\/goias.gov.br\/policiacivil\/wp-json\/wp\/v2\/users\/4"}],"replies":[{"embeddable":true,"href":"https:\/\/goias.gov.br\/policiacivil\/wp-json\/wp\/v2\/comments?post=17036"}],"version-history":[{"count":0,"href":"https:\/\/goias.gov.br\/policiacivil\/wp-json\/wp\/v2\/posts\/17036\/revisions"}],"wp:featuredmedia":[{"embeddable":true,"href":"https:\/\/goias.gov.br\/policiacivil\/wp-json\/wp\/v2\/media\/17037"}],"wp:attachment":[{"href":"https:\/\/goias.gov.br\/policiacivil\/wp-json\/wp\/v2\/media?parent=17036"}],"wp:term":[{"taxonomy":"category","embeddable":true,"href":"https:\/\/goias.gov.br\/policiacivil\/wp-json\/wp\/v2\/categories?post=17036"},{"taxonomy":"post_tag","embeddable":true,"href":"https:\/\/goias.gov.br\/policiacivil\/wp-json\/wp\/v2\/tags?post=17036"}],"curies":[{"name":"wp","href":"https:\/\/api.w.org\/{rel}","templated":true}]}}