

{"id":16512,"date":"2012-12-14T11:46:13","date_gmt":"2012-12-14T13:46:13","guid":{"rendered":"https:\/\/goias.gov.br\/policiacivil\/?p=16512"},"modified":"2012-12-19T07:09:43","modified_gmt":"2012-12-19T09:09:43","slug":"joao-geraldo-santana-fleury-elogia-o-delegado-ricardo-pereira-negry-de-pina-e-sua-equipe","status":"publish","type":"post","link":"https:\/\/goias.gov.br\/policiacivil\/joao-geraldo-santana-fleury-elogia-o-delegado-ricardo-pereira-negry-de-pina-e-sua-equipe\/","title":{"rendered":"Jo\u00e3o Geraldo Fleury elogia o Delegado Ricardo Pereira Pina e sua equipe de policiais"},"content":{"rendered":"<p style=\"text-align: justify;\">De: Jo\u00e3o Geraldo Santana Fleury<br \/>\nE-mail: geraldofleury@geraldofleury.com.br<br \/>\nElogiado:<strong><span style=\"color: #800000;\"> Ricardo Pereira Negry de Pina e Equipe<\/span><\/strong><br \/>\nElogio: Quero aqu\u00ed deixar registrado meus sinceros agradecimentos ao Delegado de Pol\u00edcia Ricardo Pereira Negry de Pina, sob a matr\u00edcula n\u00famero 9829, respons\u00e1vel pelo 7\u00ba Distrito Policial, de Aparecida de Goi\u00e2nia, e toda sua equipe, com destaque, sobretudo, \u00e0s competentes Escriv\u00e3s de Pol\u00edcia Ester e Vanuza e \u00e0 igualmente competente Agente de Pol\u00edcia Marjorie, que muito me auxiliaram em um dado momento em que me v\u00ed absolutamente ferido em meus direitos de cidad\u00e3o, por uma s\u00e9rie de a\u00e7\u00f5es criminosas de cal\u00fania e difama\u00e7\u00e3o, proferidas por uma senhora que se acampou do condom\u00ednio onde resido e de forma irregular, exerce o mandato de s\u00edndica.<\/p>\n<p style=\"text-align: justify;\">Profissionais do gabarito do Delegado Ricardo e equipe nos fazem crer que a lei existe e que a ordem sempre prevalecer\u00e1 sobre a selvageria. Fui extremamente bem orientado pelo Dr. Rog\u00e9rio e equipe e venho de p\u00fablico agradec\u00ea- lo e \u00e0 Deus tamb\u00e9m, que me deu sobriedade suficiente para me conduzir em busca de sempre continuar no caminho correto da sociedade, que sempre deve se basear na lei e na ordem, sobretudo na justi\u00e7a.<\/p>\n<p style=\"text-align: justify;\">\n","protected":false},"excerpt":{"rendered":"<p style=\"text-align: justify;\">De: Jo\u00e3o Geraldo Santana Fleury &lt;geraldofleury@geraldofleury.com.br&gt; E-mail: geraldofleury@geraldofleury.com.br Elogiado:<span style=\"color: #800000;\"><strong> Dr. Ricardo Pereira Negry de Pina e Equipe<\/strong><\/span> Elogio: Quero aqu\u00ed, deixar registrado meus sinceros agradecimentos ao Dr. Ricardo Pereira Negry de Pina, que \u00e9 Delegado de Pol\u00edcia, matr\u00edcula n\u00famero 9829, respons\u00e1vel pelo 7\u00ba DP de Aparecida de Goi\u00e2nia e toda sua equipe, com destaque sobretudo \u00e0s competentes escriv\u00e3s: Ester e Vanuza e \u00e0 igualmente competente agente Marjorie, que muito me auxiliaram em um dado momento em que me v\u00ed absolutamente ferido em meus direitos de cidad\u00e3o, por uma s\u00e9rie de a\u00e7\u00f5es criminosas de cal\u00fania e difama\u00e7\u00e3o, proferidas por uma senhora que se acampou do condom\u00ednio onde resido e de forma irregular, exerce o mandato de s\u00edndica. Profissionais do gabarito do Dr. Rog\u00e9rio e equipe, \u00e9 que nos fazem crer que a lei existe e que a ordem sempre prevalecer\u00e1 sobre a selvageria. Fui extremamente bem orientado pelo Dr. Rog\u00e9rio e equipe e venho de p\u00fablico agradec\u00ea- lo e \u00e0 Deus tamb\u00e9m, que me deu sobriedade suficien te para me conduzir em busca de sempre continuar no caminho correto da sociedade, que sempre deve se basear na lei e na ordem, sobretudo na justi\u00e7a. Jo\u00e3o Geraldo Santana Fleury-Condom\u00ednio Residencial Parque Flamboyant<\/p>\n","protected":false},"author":4,"featured_media":0,"comment_status":"closed","ping_status":"closed","sticky":false,"template":"","format":"standard","meta":{"footnotes":""},"categories":[42],"tags":[1268],"class_list":["post-16512","post","type-post","status-publish","format-standard","hentry","category-elogios","tag-elogio"],"rttpg_featured_image_url":null,"rttpg_author":{"display_name":"","author_link":"https:\/\/goias.gov.br\/policiacivil\/author\/"},"rttpg_comment":0,"rttpg_category":"<a href=\"https:\/\/goias.gov.br\/policiacivil\/categoria\/elogios\/\" rel=\"category tag\">Elogios<\/a>","rttpg_excerpt":"De: Jo\u00e3o Geraldo Santana Fleury &lt;geraldofleury@geraldofleury.com.br&gt; E-mail: geraldofleury@geraldofleury.com.br Elogiado: Dr. Ricardo Pereira Negry de Pina e Equipe Elogio: Quero aqu\u00ed, deixar registrado meus sinceros agradecimentos ao Dr. Ricardo Pereira Negry de Pina, que \u00e9 Delegado de Pol\u00edcia, matr\u00edcula n\u00famero 9829, respons\u00e1vel pelo 7\u00ba DP de Aparecida de Goi\u00e2nia e toda sua equipe, com destaque sobretudo&hellip;","_links":{"self":[{"href":"https:\/\/goias.gov.br\/policiacivil\/wp-json\/wp\/v2\/posts\/16512","targetHints":{"allow":["GET"]}}],"collection":[{"href":"https:\/\/goias.gov.br\/policiacivil\/wp-json\/wp\/v2\/posts"}],"about":[{"href":"https:\/\/goias.gov.br\/policiacivil\/wp-json\/wp\/v2\/types\/post"}],"author":[{"embeddable":true,"href":"https:\/\/goias.gov.br\/policiacivil\/wp-json\/wp\/v2\/users\/4"}],"replies":[{"embeddable":true,"href":"https:\/\/goias.gov.br\/policiacivil\/wp-json\/wp\/v2\/comments?post=16512"}],"version-history":[{"count":0,"href":"https:\/\/goias.gov.br\/policiacivil\/wp-json\/wp\/v2\/posts\/16512\/revisions"}],"wp:attachment":[{"href":"https:\/\/goias.gov.br\/policiacivil\/wp-json\/wp\/v2\/media?parent=16512"}],"wp:term":[{"taxonomy":"category","embeddable":true,"href":"https:\/\/goias.gov.br\/policiacivil\/wp-json\/wp\/v2\/categories?post=16512"},{"taxonomy":"post_tag","embeddable":true,"href":"https:\/\/goias.gov.br\/policiacivil\/wp-json\/wp\/v2\/tags?post=16512"}],"curies":[{"name":"wp","href":"https:\/\/api.w.org\/{rel}","templated":true}]}}