

{"id":15481,"date":"2012-11-05T17:55:58","date_gmt":"2012-11-05T19:55:58","guid":{"rendered":"https:\/\/goias.gov.br\/policiacivil\/?p=15481"},"modified":"2025-11-28T11:07:40","modified_gmt":"2025-11-28T14:07:40","slug":"midia-consumo-e-violencia","status":"publish","type":"post","link":"https:\/\/goias.gov.br\/policiacivil\/midia-consumo-e-violencia\/","title":{"rendered":"M\u00eddia, consumo e viol\u00eancia"},"content":{"rendered":"<figure id=\"attachment_15482\" aria-describedby=\"caption-attachment-15482\" style=\"width: 180px\" class=\"wp-caption alignright\"><a href=\" https:\/\/goias.gov.br\/policiacivil\/wp-content\/uploads\/sites\/71\/sites\/71\/2012\/11\/geralda1000.jpg\"><img decoding=\"async\" class=\"size-full wp-image-15482\" title=\"geralda1000\" src=\" https:\/\/goias.gov.br\/policiacivil\/wp-content\/uploads\/sites\/71\/sites\/71\/2012\/11\/geralda1000.jpg\" alt=\"\" width=\"180\" height=\"180\" srcset=\"https:\/\/goias.gov.br\/policiacivil\/wp-content\/uploads\/sites\/71\/2012\/11\/geralda1000.jpg 180w, https:\/\/goias.gov.br\/policiacivil\/wp-content\/uploads\/sites\/71\/2012\/11\/geralda1000-150x150.jpg 150w\" sizes=\"(max-width: 180px) 100vw, 180px\" \/><\/a><figcaption id=\"caption-attachment-15482\" class=\"wp-caption-text\">Geralda faz uma reflex\u00e3o sobre os meios de comunica\u00e7\u00e3o de massa<\/figcaption><\/figure>\n<p style=\"text-align: justify;\">Tempos dif\u00edceis. A confus\u00e3o social est\u00e1 em todos os lugares. S\u00e3o trag\u00e9dias, dando lugar a outras trag\u00e9dias. Pessoas agitadas, enervadas, em uma busca incessante por algo que nem sabem identificar o que \u00e9. Uma insatisfa\u00e7\u00e3o permanente. Estas s\u00e3o algumas das caracter\u00edsticas da nossa sociedade, \u00a0tamb\u00e9m identificada por estudiosos\u00a0 da comunica\u00e7\u00e3o como sociedade p\u00f3s-moderna, sociedade da informa\u00e7\u00e3o \u00a0e ainda sociedade de consumo.<\/p>\n<div style=\"text-align: justify;\"><\/div>\n<div style=\"text-align: justify;\">E de fato, podemos afirmar sem muito esfor\u00e7o, que\u00a0 na nossa sociedade a informa\u00e7\u00e3o e o consumo est\u00e3o atrelados um ao outro. Esta \u00e9 a l\u00f3gica que fundamenta a comunica\u00e7\u00e3o de massa. Toda a informa\u00e7\u00e3o vem recheada de mensagens subliminares, criando necessidades, \u00a0antes inexistentes. E o que \u00e9 ainda mais assustador, \u00a0nos deparamos com um modelo que vende e reproduz aquilo que execramos e que paradoxalmente est\u00e1 presente no imenso \u201cBig Brother\u201d que tornou nossas vidas. Convivemos com ela, cada dia mais naturalmente: a viol\u00eancia.<\/div>\n<div style=\"text-align: justify;\"><\/div>\n<div style=\"text-align: justify;\">A mercadoria \u201cviol\u00eancia\u201d\u00a0 \u00e9 apresentada com outras do tipo aparelhos celulares, produtos de beleza, medicamentos naturais, tudo num pacote s\u00f3. Ao mesmo tempo em que se fala da vida ceifada, muda \u2013se o \u00e2ngulo, substitui-se o semblante consternado por um grande sorriso e anuncia-se a \u00faltima novidade em assunto de beleza. Naturalmente! Um modelo de comunica\u00e7\u00e3o muito perigoso, que segundo Horkheimer, nos traz o risco da padroniza\u00e7\u00e3o com apenas dois fins: a rentabilidade econ\u00f4mica e o controle social.<\/div>\n<div style=\"text-align: justify;\"><\/div>\n<div style=\"text-align: justify;\">Entretanto, \u00e9 diante de um quadro social doente como nosso,\u00a0 que os profissionais de comunica\u00e7\u00e3o devem,\u00a0 estar atentos a \u00e9tica da informa\u00e7\u00e3o. Do contr\u00e1rio, correm o risco de tornarem-se marionetes, joguetes especializados em informa\u00e7\u00f5es superficiais, alienantes e que passam a agir com a falsa sensa\u00e7\u00e3o de \u201csuper-herois\u201d. Aqueles que tudo podem, est\u00e3o acima do bem e do mal. Amea\u00e7am, chantageiam, agem com emo\u00e7\u00e3o e parcialidade, manipulando a todo o momento\u00a0 a grande massa humana.<\/div>\n<div style=\"text-align: justify;\"><\/div>\n<div style=\"text-align: justify;\">Profissionais desta \u201cestirpe\u201d ignoram dentre outros, \u00a0princ\u00edpios como a\u00a0 responsabilidade social\u00a0 que \u00e9 fazer o seu trabalho com consci\u00eancia \u00e9tica, \u00a0responsabilizando-se pela informa\u00e7\u00e3o transmitida ao grande p\u00fablico, e tendo claro os v\u00e1rios interesses sociais. Ignoram o respeito \u00e0 privacidade e \u00e0 dignidade humana, deixando de lado a prote\u00e7\u00e3o aos direitos e a reputa\u00e7\u00e3o dos outros, promovendo a cal\u00fania e a difama\u00e7\u00e3o e ainda ignoram o respeito ao interesse p\u00fablico quando passam por cima dos interesses da comunidade, das institui\u00e7\u00f5es democr\u00e1ticas e da moral p\u00fablica, em favor dos\u00a0 interesses econ\u00f4micos, e de seus interesses pessoais de ascens\u00e3o profissional.<\/div>\n<div style=\"text-align: justify;\"><\/div>\n<div style=\"text-align: justify;\">Pensar a sociedade da informa\u00e7\u00e3o requer cuidado, compromisso e responsabilidade. \u00c9 pensar no bem comum, pensar uma sociedade de direitos e deveres, que a cada dia avan\u00e7a e busca se organizar nas suas reivindica\u00e7\u00f5es por uma vida digna, em que o direito \u00e0 comunica\u00e7\u00e3o significa o direito de buscar a informa\u00e7\u00e3o, de opinar e o direito de criticar . \u00a0A m\u00eddia que tem como princ\u00edpio \u00fanico a quest\u00e3o econ\u00f4mica, que passa por cima da dignidade humana, que aliena, que vende, desconhece valores. Pode inclusive, na l\u00f3gica da mercadoria, substituir do dia para noite, a sua estrela, se o brilho desta j\u00e1 n\u00e3o mais representar os anseios da sociedade de consumo.<\/p>\n<p>Publicado no jornal &#8220;O Popular&#8221;, edi\u00e7\u00e3o do dia 03\/11\/2012, na coluna Opini\u00e3o<br \/>\nIlustra\u00e7\u00e3o: Google<\/p><\/div>\n<p style=\"text-align: justify;\"><abbr title=\"2012-10-28T09:02:00-07:00\"><br style=\"text-align: justify;\" \/><\/abbr><\/p>\n","protected":false},"excerpt":{"rendered":"<p>Geralda da Cunha Teixeira Ferraz \u00e9 escriv\u00e3 de pol\u00edcia e especialista em Comunica\u00e7\u00e3o P\u00fablica<\/p>\n","protected":false},"author":4,"featured_media":15482,"comment_status":"closed","ping_status":"closed","sticky":false,"template":"","format":"standard","meta":{"footnotes":""},"categories":[29],"tags":[1861,1749,1860,183],"class_list":["post-15481","post","type-post","status-publish","format-standard","has-post-thumbnail","hentry","category-artigos","tag-consumo","tag-mercadorias","tag-midia","tag-violencia"],"rttpg_featured_image_url":{"full":["https:\/\/goias.gov.br\/policiacivil\/wp-content\/uploads\/sites\/71\/2012\/11\/geralda1000.jpg",180,180,false],"landscape":["https:\/\/goias.gov.br\/policiacivil\/wp-content\/uploads\/sites\/71\/2012\/11\/geralda1000.jpg",180,180,false],"portraits":["https:\/\/goias.gov.br\/policiacivil\/wp-content\/uploads\/sites\/71\/2012\/11\/geralda1000.jpg",180,180,false],"thumbnail":["https:\/\/goias.gov.br\/policiacivil\/wp-content\/uploads\/sites\/71\/2012\/11\/geralda1000-150x150.jpg",150,150,true],"medium":["https:\/\/goias.gov.br\/policiacivil\/wp-content\/uploads\/sites\/71\/2012\/11\/geralda1000.jpg",180,180,false],"large":["https:\/\/goias.gov.br\/policiacivil\/wp-content\/uploads\/sites\/71\/2012\/11\/geralda1000.jpg",180,180,false],"1536x1536":["https:\/\/goias.gov.br\/policiacivil\/wp-content\/uploads\/sites\/71\/2012\/11\/geralda1000.jpg",180,180,false],"2048x2048":["https:\/\/goias.gov.br\/policiacivil\/wp-content\/uploads\/sites\/71\/2012\/11\/geralda1000.jpg",180,180,false]},"rttpg_author":{"display_name":"","author_link":"https:\/\/goias.gov.br\/policiacivil\/author\/"},"rttpg_comment":0,"rttpg_category":"<a href=\"https:\/\/goias.gov.br\/policiacivil\/categoria\/artigos\/\" rel=\"category tag\">Artigos<\/a>","rttpg_excerpt":"Geralda da Cunha Teixeira Ferraz \u00e9 escriv\u00e3 de pol\u00edcia e especialista em Comunica\u00e7\u00e3o P\u00fablica","_links":{"self":[{"href":"https:\/\/goias.gov.br\/policiacivil\/wp-json\/wp\/v2\/posts\/15481","targetHints":{"allow":["GET"]}}],"collection":[{"href":"https:\/\/goias.gov.br\/policiacivil\/wp-json\/wp\/v2\/posts"}],"about":[{"href":"https:\/\/goias.gov.br\/policiacivil\/wp-json\/wp\/v2\/types\/post"}],"author":[{"embeddable":true,"href":"https:\/\/goias.gov.br\/policiacivil\/wp-json\/wp\/v2\/users\/4"}],"replies":[{"embeddable":true,"href":"https:\/\/goias.gov.br\/policiacivil\/wp-json\/wp\/v2\/comments?post=15481"}],"version-history":[{"count":1,"href":"https:\/\/goias.gov.br\/policiacivil\/wp-json\/wp\/v2\/posts\/15481\/revisions"}],"predecessor-version":[{"id":153784,"href":"https:\/\/goias.gov.br\/policiacivil\/wp-json\/wp\/v2\/posts\/15481\/revisions\/153784"}],"wp:featuredmedia":[{"embeddable":true,"href":"https:\/\/goias.gov.br\/policiacivil\/wp-json\/wp\/v2\/media\/15482"}],"wp:attachment":[{"href":"https:\/\/goias.gov.br\/policiacivil\/wp-json\/wp\/v2\/media?parent=15481"}],"wp:term":[{"taxonomy":"category","embeddable":true,"href":"https:\/\/goias.gov.br\/policiacivil\/wp-json\/wp\/v2\/categories?post=15481"},{"taxonomy":"post_tag","embeddable":true,"href":"https:\/\/goias.gov.br\/policiacivil\/wp-json\/wp\/v2\/tags?post=15481"}],"curies":[{"name":"wp","href":"https:\/\/api.w.org\/{rel}","templated":true}]}}