

{"id":153443,"date":"2025-11-05T11:58:58","date_gmt":"2025-11-05T14:58:58","guid":{"rendered":" https:\/\/goias.gov.br\/policiacivil\/?p=153443"},"modified":"2025-11-05T11:58:58","modified_gmt":"2025-11-05T14:58:58","slug":"pcgo-prende-homem-em-flagrante-por-ameacas-e-perseguicao-contra-companheira","status":"publish","type":"post","link":"https:\/\/goias.gov.br\/policiacivil\/pcgo-prende-homem-em-flagrante-por-ameacas-e-perseguicao-contra-companheira\/","title":{"rendered":"PCGO prende homem em flagrante por amea\u00e7as e persegui\u00e7\u00e3o contra companheira"},"content":{"rendered":"<p style=\"text-align: justify;\">A Pol\u00edcia Civil de Goi\u00e1s, atrav\u00e9s da Delegacia Especializada no Atendimento \u00e0 Mulher (Deam) de Planaltina &#8211; 11\u00aa DRP,\u00a0prendeu em flagrante, nesta ter\u00e7a-feira (4), um homem de 40 anos de idade por amea\u00e7as, inj\u00faria e persegui\u00e7\u00e3o contra sua companheira.<\/p>\n<p style=\"text-align: justify;\" data-start=\"753\" data-end=\"1048\">A v\u00edtima procurou a Deam para registrar a ocorr\u00eancia e, enquanto relatava os fatos, o suspeito continuou enviando \u00e1udios com novas amea\u00e7as e xingamentos. Em determinado momento, ele passou em frente \u00e0 unidade policial e fez gestos com as m\u00e3os simulando uma arma de fogo apontada para a v\u00edtima.<\/p>\n<p style=\"text-align: justify;\" data-start=\"1050\" data-end=\"1207\">Diante da situa\u00e7\u00e3o, a equipe policial iniciou imediatamente dilig\u00eancias e localizou o autor em sua resid\u00eancia, no Setor Leste, onde foi preso em flagrante.<\/p>\n<p style=\"text-align: justify;\" data-start=\"1209\" data-end=\"1345\">Ressalta-se que o suspeito possui antecedentes criminais por posse ilegal de arma de fogo, j\u00e1 tendo sido preso em outras ocasi\u00f5es.<\/p>\n<p><b>PCGO: investigar para proteger \ud83d\ude94<\/b><\/p>\n<div id='gallery-1' class='gallery galleryid-153443 gallery-columns-3 gallery-size-thumbnail'><figure class='gallery-item'>\n\t\t\t<div class='gallery-icon portrait'>\n\t\t\t\t<a href='https:\/\/goias.gov.br\/policiacivil\/pcgo-prende-homem-em-flagrante-por-ameacas-e-perseguicao-contra-companheira\/pcgo-prende-em-flagrante-homem-que-ameacou-matar-perseguiu-e-injuriou-a-companheira\/'><img decoding=\"async\" width=\"150\" height=\"150\" src=\"https:\/\/goias.gov.br\/policiacivil\/wp-content\/uploads\/sites\/71\/2025\/11\/PCGO-prende-em-flagrante-homem-que-ameacou-matar-perseguiu-e-injuriou-a-companheira-300x300.jpg\" class=\"attachment-thumbnail size-thumbnail\" alt=\"PCGO prende em flagrante homem que amea\u00e7ou matar, perseguiu e injuriou a companheira\" \/><\/a>\n\t\t\t<\/div><\/figure>\n\t\t<\/div>\n\n","protected":false},"excerpt":{"rendered":"<p>A Pol\u00edcia Civil de Goi\u00e1s, atrav\u00e9s da Delegacia Especializada no Atendimento \u00e0 Mulher (Deam) de Planaltina &#8211; 11\u00aa DRP,\u00a0prendeu em flagrante, nesta ter\u00e7a-feira (4), um homem de 40 anos de idade por amea\u00e7as, inj\u00faria e persegui\u00e7\u00e3o contra sua companheira. A v\u00edtima procurou a Deam para registrar a ocorr\u00eancia e, enquanto relatava os fatos, o suspeito [&hellip;]<\/p>\n","protected":false},"author":42,"featured_media":141167,"comment_status":"closed","ping_status":"closed","sticky":false,"template":"","format":"standard","meta":{"footnotes":""},"categories":[3198,2538,89,537],"tags":[2366,754],"class_list":["post-153443","post","type-post","status-publish","format-standard","has-post-thumbnail","hentry","category-11a-regional","category-delegacias","category-regionais","category-ultimo-segundo","tag-11a-drp","tag-planaltina"],"rttpg_featured_image_url":{"full":["https:\/\/goias.gov.br\/policiacivil\/wp-content\/uploads\/sites\/71\/2025\/02\/site-pcgo-2025-02-26t111139.629.png",1200,675,false],"landscape":["https:\/\/goias.gov.br\/policiacivil\/wp-content\/uploads\/sites\/71\/2025\/02\/site-pcgo-2025-02-26t111139.629.png",1200,675,false],"portraits":["https:\/\/goias.gov.br\/policiacivil\/wp-content\/uploads\/sites\/71\/2025\/02\/site-pcgo-2025-02-26t111139.629.png",1200,675,false],"thumbnail":["https:\/\/goias.gov.br\/policiacivil\/wp-content\/uploads\/sites\/71\/2025\/02\/site-pcgo-2025-02-26t111139.629-300x300.png",150,150,true],"medium":["https:\/\/goias.gov.br\/policiacivil\/wp-content\/uploads\/sites\/71\/2025\/02\/site-pcgo-2025-02-26t111139.629.png",300,169,false],"large":["https:\/\/goias.gov.br\/policiacivil\/wp-content\/uploads\/sites\/71\/2025\/02\/site-pcgo-2025-02-26t111139.629.png",1024,576,false],"1536x1536":["https:\/\/goias.gov.br\/policiacivil\/wp-content\/uploads\/sites\/71\/2025\/02\/site-pcgo-2025-02-26t111139.629.png",1200,675,false],"2048x2048":["https:\/\/goias.gov.br\/policiacivil\/wp-content\/uploads\/sites\/71\/2025\/02\/site-pcgo-2025-02-26t111139.629.png",1200,675,false]},"rttpg_author":{"display_name":"carolinalima","author_link":"https:\/\/goias.gov.br\/policiacivil\/author\/carolinalima\/"},"rttpg_comment":0,"rttpg_category":"<a href=\"https:\/\/goias.gov.br\/policiacivil\/categoria\/drp\/11a-regional\/\" rel=\"category tag\">11\u00aa Regional<\/a> <a href=\"https:\/\/goias.gov.br\/policiacivil\/categoria\/delegacias\/\" rel=\"category tag\">Delegacias<\/a> <a href=\"https:\/\/goias.gov.br\/policiacivil\/categoria\/delegacias\/regionais\/\" rel=\"category tag\">Regionais<\/a> <a href=\"https:\/\/goias.gov.br\/policiacivil\/categoria\/ultimo-segundo\/\" rel=\"category tag\">\u00daltimo Segundo<\/a>","rttpg_excerpt":"A Pol\u00edcia Civil de Goi\u00e1s, atrav\u00e9s da Delegacia Especializada no Atendimento \u00e0 Mulher (Deam) de Planaltina &#8211; 11\u00aa DRP,\u00a0prendeu em flagrante, nesta ter\u00e7a-feira (4), um homem de 40 anos de idade por amea\u00e7as, inj\u00faria e persegui\u00e7\u00e3o contra sua companheira. A v\u00edtima procurou a Deam para registrar a ocorr\u00eancia e, enquanto relatava os fatos, o suspeito&hellip;","_links":{"self":[{"href":"https:\/\/goias.gov.br\/policiacivil\/wp-json\/wp\/v2\/posts\/153443","targetHints":{"allow":["GET"]}}],"collection":[{"href":"https:\/\/goias.gov.br\/policiacivil\/wp-json\/wp\/v2\/posts"}],"about":[{"href":"https:\/\/goias.gov.br\/policiacivil\/wp-json\/wp\/v2\/types\/post"}],"author":[{"embeddable":true,"href":"https:\/\/goias.gov.br\/policiacivil\/wp-json\/wp\/v2\/users\/42"}],"replies":[{"embeddable":true,"href":"https:\/\/goias.gov.br\/policiacivil\/wp-json\/wp\/v2\/comments?post=153443"}],"version-history":[{"count":1,"href":"https:\/\/goias.gov.br\/policiacivil\/wp-json\/wp\/v2\/posts\/153443\/revisions"}],"predecessor-version":[{"id":153445,"href":"https:\/\/goias.gov.br\/policiacivil\/wp-json\/wp\/v2\/posts\/153443\/revisions\/153445"}],"wp:featuredmedia":[{"embeddable":true,"href":"https:\/\/goias.gov.br\/policiacivil\/wp-json\/wp\/v2\/media\/141167"}],"wp:attachment":[{"href":"https:\/\/goias.gov.br\/policiacivil\/wp-json\/wp\/v2\/media?parent=153443"}],"wp:term":[{"taxonomy":"category","embeddable":true,"href":"https:\/\/goias.gov.br\/policiacivil\/wp-json\/wp\/v2\/categories?post=153443"},{"taxonomy":"post_tag","embeddable":true,"href":"https:\/\/goias.gov.br\/policiacivil\/wp-json\/wp\/v2\/tags?post=153443"}],"curies":[{"name":"wp","href":"https:\/\/api.w.org\/{rel}","templated":true}]}}