

{"id":153295,"date":"2025-10-31T13:23:39","date_gmt":"2025-10-31T16:23:39","guid":{"rendered":" https:\/\/goias.gov.br\/policiacivil\/?p=153295"},"modified":"2025-10-31T13:23:39","modified_gmt":"2025-10-31T16:23:39","slug":"pcgo-prende-homem-em-flagrante-por-ameaca-injuria-e-dano-qualificado-em-morrinhos","status":"publish","type":"post","link":"https:\/\/goias.gov.br\/policiacivil\/pcgo-prende-homem-em-flagrante-por-ameaca-injuria-e-dano-qualificado-em-morrinhos\/","title":{"rendered":"PCGO prende homem em flagrante por amea\u00e7a, inj\u00faria e dano qualificado em Morrinhos"},"content":{"rendered":"<p style=\"text-align: justify;\">A Pol\u00edcia Civil de Goi\u00e1s, por meio da Delegacia de Pol\u00edcia de Morrinhos \u2013 19\u00aa DRP, prendeu em flagrante, na tarde da \u00faltima quinta-feira (30), um homem pela pr\u00e1tica dos delitos de amea\u00e7a, inj\u00faria e dano qualificado.<\/p>\n<p style=\"text-align: justify;\">As dilig\u00eancias tiveram in\u00edcio ap\u00f3s a v\u00edtima comparecer \u00e0 unidade policial e relatar que estava em seu local de trabalho quando o indiv\u00edduo chegou portando um fac\u00e3o, passou a xing\u00e1-la e a amea\u00e7\u00e1-la, afirmando que, caso ela retornasse para casa, a mataria.<\/p>\n<p style=\"text-align: justify;\">A v\u00edtima tentou voltar para a resid\u00eancia a fim de buscar seus pertences, quando o investigado, novamente na posse do fac\u00e3o, quebrou o celular da v\u00edtima e a impediu de entrar no im\u00f3vel. Em ato cont\u00ednuo, o autor lan\u00e7ou parte das roupas da v\u00edtima em via p\u00fablica.<\/p>\n<p style=\"text-align: justify;\">Diante da situa\u00e7\u00e3o, uma equipe da Pol\u00edcia Civil deslocou-se at\u00e9 o local e efetuou a pris\u00e3o do suspeito. No endere\u00e7o, foram apreendidos o fac\u00e3o e o aparelho celular danificado da v\u00edtima.<\/p>\n<p style=\"text-align: justify;\"><strong>PCGO: investigar para proteger <span style=\"color: #000000;\">\ud83d\ude94<\/span><\/strong><\/p>\n<div id='gallery-1' class='gallery galleryid-153295 gallery-columns-3 gallery-size-thumbnail'><figure class='gallery-item'>\n\t\t\t<div class='gallery-icon portrait'>\n\t\t\t\t<a href='https:\/\/goias.gov.br\/policiacivil\/pcgo-prende-homem-em-flagrante-por-ameaca-injuria-e-dano-qualificado-em-morrinhos\/png-5\/'><img decoding=\"async\" width=\"150\" height=\"150\" src=\"https:\/\/goias.gov.br\/policiacivil\/wp-content\/uploads\/sites\/71\/2025\/10\/unnamed-file-3-300x300.png\" class=\"attachment-thumbnail size-thumbnail\" alt=\".png\" \/><\/a>\n\t\t\t<\/div><\/figure><figure class='gallery-item'>\n\t\t\t<div class='gallery-icon portrait'>\n\t\t\t\t<a href='https:\/\/goias.gov.br\/policiacivil\/pcgo-prende-homem-em-flagrante-por-ameaca-injuria-e-dano-qualificado-em-morrinhos\/jpeg-277\/'><img decoding=\"async\" width=\"150\" height=\"150\" src=\"https:\/\/goias.gov.br\/policiacivil\/wp-content\/uploads\/sites\/71\/2025\/10\/unnamed-file-34-300x300.jpeg\" class=\"attachment-thumbnail size-thumbnail\" alt=\".jpeg\" \/><\/a>\n\t\t\t<\/div><\/figure><figure class='gallery-item'>\n\t\t\t<div class='gallery-icon portrait'>\n\t\t\t\t<a href='https:\/\/goias.gov.br\/policiacivil\/pcgo-prende-homem-em-flagrante-por-ameaca-injuria-e-dano-qualificado-em-morrinhos\/jpeg-276\/'><img decoding=\"async\" width=\"150\" height=\"150\" src=\"https:\/\/goias.gov.br\/policiacivil\/wp-content\/uploads\/sites\/71\/2025\/10\/unnamed-file-33-300x300.jpeg\" class=\"attachment-thumbnail size-thumbnail\" alt=\".jpeg\" \/><\/a>\n\t\t\t<\/div><\/figure>\n\t\t<\/div>\n\n","protected":false},"excerpt":{"rendered":"<p>A Pol\u00edcia Civil de Goi\u00e1s, por meio da Delegacia de Pol\u00edcia de Morrinhos \u2013 19\u00aa DRP, prendeu em flagrante, na tarde da \u00faltima quinta-feira (30), um homem pela pr\u00e1tica dos delitos de amea\u00e7a, inj\u00faria e dano qualificado. As dilig\u00eancias tiveram in\u00edcio ap\u00f3s a v\u00edtima comparecer \u00e0 unidade policial e relatar que estava em seu local [&hellip;]<\/p>\n","protected":false},"author":52,"featured_media":153299,"comment_status":"closed","ping_status":"closed","sticky":false,"template":"","format":"standard","meta":{"footnotes":""},"categories":[8706,2538,89,537],"tags":[10474,8232],"class_list":["post-153295","post","type-post","status-publish","format-standard","has-post-thumbnail","hentry","category-19a-regional","category-delegacias","category-regionais","category-ultimo-segundo","tag-19a-drp","tag-delegacia-de-morrinhos"],"rttpg_featured_image_url":{"full":["https:\/\/goias.gov.br\/policiacivil\/wp-content\/uploads\/sites\/71\/2025\/10\/PCGO-prende-homem-em-flagrante-por-ameaca-injuria-e-dano-qualificado-em-Morrinhos.jpeg",1200,900,false],"landscape":["https:\/\/goias.gov.br\/policiacivil\/wp-content\/uploads\/sites\/71\/2025\/10\/PCGO-prende-homem-em-flagrante-por-ameaca-injuria-e-dano-qualificado-em-Morrinhos.jpeg",1200,900,false],"portraits":["https:\/\/goias.gov.br\/policiacivil\/wp-content\/uploads\/sites\/71\/2025\/10\/PCGO-prende-homem-em-flagrante-por-ameaca-injuria-e-dano-qualificado-em-Morrinhos.jpeg",1200,900,false],"thumbnail":["https:\/\/goias.gov.br\/policiacivil\/wp-content\/uploads\/sites\/71\/2025\/10\/PCGO-prende-homem-em-flagrante-por-ameaca-injuria-e-dano-qualificado-em-Morrinhos-300x300.jpeg",150,150,true],"medium":["https:\/\/goias.gov.br\/policiacivil\/wp-content\/uploads\/sites\/71\/2025\/10\/PCGO-prende-homem-em-flagrante-por-ameaca-injuria-e-dano-qualificado-em-Morrinhos-500x375.jpeg",300,225,true],"large":["https:\/\/goias.gov.br\/policiacivil\/wp-content\/uploads\/sites\/71\/2025\/10\/PCGO-prende-homem-em-flagrante-por-ameaca-injuria-e-dano-qualificado-em-Morrinhos-1068x801.jpeg",1024,768,true],"1536x1536":["https:\/\/goias.gov.br\/policiacivil\/wp-content\/uploads\/sites\/71\/2025\/10\/PCGO-prende-homem-em-flagrante-por-ameaca-injuria-e-dano-qualificado-em-Morrinhos.jpeg",1200,900,false],"2048x2048":["https:\/\/goias.gov.br\/policiacivil\/wp-content\/uploads\/sites\/71\/2025\/10\/PCGO-prende-homem-em-flagrante-por-ameaca-injuria-e-dano-qualificado-em-Morrinhos.jpeg",1200,900,false]},"rttpg_author":{"display_name":"","author_link":"https:\/\/goias.gov.br\/policiacivil\/author\/"},"rttpg_comment":0,"rttpg_category":"<a href=\"https:\/\/goias.gov.br\/policiacivil\/categoria\/drp\/19a-regional\/\" rel=\"category tag\">19\u00aa Regional<\/a> <a href=\"https:\/\/goias.gov.br\/policiacivil\/categoria\/delegacias\/\" rel=\"category tag\">Delegacias<\/a> <a href=\"https:\/\/goias.gov.br\/policiacivil\/categoria\/delegacias\/regionais\/\" rel=\"category tag\">Regionais<\/a> <a href=\"https:\/\/goias.gov.br\/policiacivil\/categoria\/ultimo-segundo\/\" rel=\"category tag\">\u00daltimo Segundo<\/a>","rttpg_excerpt":"A Pol\u00edcia Civil de Goi\u00e1s, por meio da Delegacia de Pol\u00edcia de Morrinhos \u2013 19\u00aa DRP, prendeu em flagrante, na tarde da \u00faltima quinta-feira (30), um homem pela pr\u00e1tica dos delitos de amea\u00e7a, inj\u00faria e dano qualificado. As dilig\u00eancias tiveram in\u00edcio ap\u00f3s a v\u00edtima comparecer \u00e0 unidade policial e relatar que estava em seu local&hellip;","_links":{"self":[{"href":"https:\/\/goias.gov.br\/policiacivil\/wp-json\/wp\/v2\/posts\/153295","targetHints":{"allow":["GET"]}}],"collection":[{"href":"https:\/\/goias.gov.br\/policiacivil\/wp-json\/wp\/v2\/posts"}],"about":[{"href":"https:\/\/goias.gov.br\/policiacivil\/wp-json\/wp\/v2\/types\/post"}],"author":[{"embeddable":true,"href":"https:\/\/goias.gov.br\/policiacivil\/wp-json\/wp\/v2\/users\/52"}],"replies":[{"embeddable":true,"href":"https:\/\/goias.gov.br\/policiacivil\/wp-json\/wp\/v2\/comments?post=153295"}],"version-history":[{"count":1,"href":"https:\/\/goias.gov.br\/policiacivil\/wp-json\/wp\/v2\/posts\/153295\/revisions"}],"predecessor-version":[{"id":153300,"href":"https:\/\/goias.gov.br\/policiacivil\/wp-json\/wp\/v2\/posts\/153295\/revisions\/153300"}],"wp:featuredmedia":[{"embeddable":true,"href":"https:\/\/goias.gov.br\/policiacivil\/wp-json\/wp\/v2\/media\/153299"}],"wp:attachment":[{"href":"https:\/\/goias.gov.br\/policiacivil\/wp-json\/wp\/v2\/media?parent=153295"}],"wp:term":[{"taxonomy":"category","embeddable":true,"href":"https:\/\/goias.gov.br\/policiacivil\/wp-json\/wp\/v2\/categories?post=153295"},{"taxonomy":"post_tag","embeddable":true,"href":"https:\/\/goias.gov.br\/policiacivil\/wp-json\/wp\/v2\/tags?post=153295"}],"curies":[{"name":"wp","href":"https:\/\/api.w.org\/{rel}","templated":true}]}}