

{"id":153288,"date":"2025-10-31T10:08:34","date_gmt":"2025-10-31T13:08:34","guid":{"rendered":" https:\/\/goias.gov.br\/policiacivil\/?p=153288"},"modified":"2025-10-31T10:10:50","modified_gmt":"2025-10-31T13:10:50","slug":"pcgo-prende-foragido-por-homicidio-qualificado-por-motivo-futil-em-niquelandia","status":"publish","type":"post","link":"https:\/\/goias.gov.br\/policiacivil\/pcgo-prende-foragido-por-homicidio-qualificado-por-motivo-futil-em-niquelandia\/","title":{"rendered":"PCGO prende foragido por homic\u00eddio qualificado por motivo f\u00fatil em Niquel\u00e2ndia"},"content":{"rendered":"<p style=\"text-align: justify;\" data-start=\"396\" data-end=\"694\">A Pol\u00edcia Civil\u00a0 de Goi\u00e1s, por meio da Delegacia Municipal de Niquel\u00e2ndia &#8211; 18\u00aa DRP, prendeu um homem foragido da Justi\u00e7a pelo crime de homic\u00eddio qualificado por motivo f\u00fatil, na tarde desta quinta-feira (30), durante dilig\u00eancias realizadas na zona rural do munic\u00edpio.<\/p>\n<p style=\"text-align: justify;\" data-start=\"696\" data-end=\"949\">O mandado de pris\u00e3o preventiva foi expedido pelo Poder Judici\u00e1rio da Comarca de Cocalzinho de Goi\u00e1s, onde o crime causou grande como\u00e7\u00e3o, j\u00e1 que a v\u00edtima foi golpeada na cabe\u00e7a com uma foice.<\/p>\n<p style=\"text-align: justify;\" data-start=\"951\" data-end=\"1185\">Durante levantamentos e a\u00e7\u00f5es investigativas, os policiais civis localizaram o suspeito trafegando pela BR-414. Ap\u00f3s a confirma\u00e7\u00e3o da identidade, foi realizada abordagem, resultando na captura do foragido.<\/p>\n<p style=\"text-align: justify;\" data-start=\"1187\" data-end=\"1361\">Em entrevista no local, o homem reconheceu que \u201cdevia para a Justi\u00e7a\u201d, sendo conduzido \u00e0 Delegacia para confirma\u00e7\u00e3o dos dados e cumprimento formal do mandado de pris\u00e3o.<\/p>\n<p data-start=\"1504\" data-end=\"1545\"><strong data-start=\"1504\" data-end=\"1543\">PCGO: investigar para proteger \ud83d\ude94<\/strong><\/p>\n<div id='gallery-1' class='gallery galleryid-153288 gallery-columns-3 gallery-size-thumbnail'><figure class='gallery-item'>\n\t\t\t<div class='gallery-icon portrait'>\n\t\t\t\t<a href='https:\/\/goias.gov.br\/policiacivil\/pcgo-prende-foragido-por-homicidio-qualificado-por-motivo-futil-em-niquelandia\/pcgo-prende-foragido-por-homicidio-qualificado-por-motivo-futil-em-niquelandia\/'><img decoding=\"async\" width=\"150\" height=\"150\" src=\"https:\/\/goias.gov.br\/policiacivil\/wp-content\/uploads\/sites\/71\/2025\/10\/PCGO-prende-foragido-por-homicidio-qualificado-por-motivo-futil-em-Niquelandia-300x300.jpeg\" class=\"attachment-thumbnail size-thumbnail\" alt=\"PCGO prende foragido por homic\u00eddio qualificado por motivo f\u00fatil em Niquel\u00e2ndia\" \/><\/a>\n\t\t\t<\/div><\/figure><figure class='gallery-item'>\n\t\t\t<div class='gallery-icon portrait'>\n\t\t\t\t<a href='https:\/\/goias.gov.br\/policiacivil\/pcgo-prende-foragido-por-homicidio-qualificado-por-motivo-futil-em-niquelandia\/pcgo-prende-foragido-por-homicidio-qualificado-por-motivo-futil-em-niquelandia-2\/'><img decoding=\"async\" width=\"150\" height=\"150\" src=\"https:\/\/goias.gov.br\/policiacivil\/wp-content\/uploads\/sites\/71\/2025\/10\/PCGO-prende-foragido-por-homicidio-qualificado-por-motivo-futil-em-Niquelandia-1-300x300.jpeg\" class=\"attachment-thumbnail size-thumbnail\" alt=\"PCGO prende foragido por homic\u00eddio qualificado por motivo f\u00fatil em Niquel\u00e2ndia\" \/><\/a>\n\t\t\t<\/div><\/figure>\n\t\t<\/div>\n\n","protected":false},"excerpt":{"rendered":"<p>A Pol\u00edcia Civil\u00a0 de Goi\u00e1s, por meio da Delegacia Municipal de Niquel\u00e2ndia &#8211; 18\u00aa DRP, prendeu um homem foragido da Justi\u00e7a pelo crime de homic\u00eddio qualificado por motivo f\u00fatil, na tarde desta quinta-feira (30), durante dilig\u00eancias realizadas na zona rural do munic\u00edpio. O mandado de pris\u00e3o preventiva foi expedido pelo Poder Judici\u00e1rio da Comarca de [&hellip;]<\/p>\n","protected":false},"author":42,"featured_media":137986,"comment_status":"closed","ping_status":"closed","sticky":false,"template":"","format":"standard","meta":{"footnotes":""},"categories":[6760,2538,89,537],"tags":[10450,3223],"class_list":["post-153288","post","type-post","status-publish","format-standard","has-post-thumbnail","hentry","category-18a-regional","category-delegacias","category-regionais","category-ultimo-segundo","tag-18a-drp","tag-niquelandia"],"rttpg_featured_image_url":{"full":["https:\/\/goias.gov.br\/policiacivil\/wp-content\/uploads\/sites\/71\/2024\/11\/whatsapp-image-2024-11-08-at-16.45.09.jpeg",1200,675,false],"landscape":["https:\/\/goias.gov.br\/policiacivil\/wp-content\/uploads\/sites\/71\/2024\/11\/whatsapp-image-2024-11-08-at-16.45.09.jpeg",1200,675,false],"portraits":["https:\/\/goias.gov.br\/policiacivil\/wp-content\/uploads\/sites\/71\/2024\/11\/whatsapp-image-2024-11-08-at-16.45.09.jpeg",1200,675,false],"thumbnail":["https:\/\/goias.gov.br\/policiacivil\/wp-content\/uploads\/sites\/71\/2024\/11\/whatsapp-image-2024-11-08-at-16.45.09-300x300.jpeg",150,150,true],"medium":["https:\/\/goias.gov.br\/policiacivil\/wp-content\/uploads\/sites\/71\/2024\/11\/whatsapp-image-2024-11-08-at-16.45.09.jpeg",300,169,false],"large":["https:\/\/goias.gov.br\/policiacivil\/wp-content\/uploads\/sites\/71\/2024\/11\/whatsapp-image-2024-11-08-at-16.45.09.jpeg",1024,576,false],"1536x1536":["https:\/\/goias.gov.br\/policiacivil\/wp-content\/uploads\/sites\/71\/2024\/11\/whatsapp-image-2024-11-08-at-16.45.09.jpeg",1200,675,false],"2048x2048":["https:\/\/goias.gov.br\/policiacivil\/wp-content\/uploads\/sites\/71\/2024\/11\/whatsapp-image-2024-11-08-at-16.45.09.jpeg",1200,675,false]},"rttpg_author":{"display_name":"carolinalima","author_link":"https:\/\/goias.gov.br\/policiacivil\/author\/carolinalima\/"},"rttpg_comment":0,"rttpg_category":"<a href=\"https:\/\/goias.gov.br\/policiacivil\/categoria\/drp\/18a-regional\/\" rel=\"category tag\">18\u00aa Regional<\/a> <a href=\"https:\/\/goias.gov.br\/policiacivil\/categoria\/delegacias\/\" rel=\"category tag\">Delegacias<\/a> <a href=\"https:\/\/goias.gov.br\/policiacivil\/categoria\/delegacias\/regionais\/\" rel=\"category tag\">Regionais<\/a> <a href=\"https:\/\/goias.gov.br\/policiacivil\/categoria\/ultimo-segundo\/\" rel=\"category tag\">\u00daltimo Segundo<\/a>","rttpg_excerpt":"A Pol\u00edcia Civil\u00a0 de Goi\u00e1s, por meio da Delegacia Municipal de Niquel\u00e2ndia &#8211; 18\u00aa DRP, prendeu um homem foragido da Justi\u00e7a pelo crime de homic\u00eddio qualificado por motivo f\u00fatil, na tarde desta quinta-feira (30), durante dilig\u00eancias realizadas na zona rural do munic\u00edpio. O mandado de pris\u00e3o preventiva foi expedido pelo Poder Judici\u00e1rio da Comarca de&hellip;","_links":{"self":[{"href":"https:\/\/goias.gov.br\/policiacivil\/wp-json\/wp\/v2\/posts\/153288","targetHints":{"allow":["GET"]}}],"collection":[{"href":"https:\/\/goias.gov.br\/policiacivil\/wp-json\/wp\/v2\/posts"}],"about":[{"href":"https:\/\/goias.gov.br\/policiacivil\/wp-json\/wp\/v2\/types\/post"}],"author":[{"embeddable":true,"href":"https:\/\/goias.gov.br\/policiacivil\/wp-json\/wp\/v2\/users\/42"}],"replies":[{"embeddable":true,"href":"https:\/\/goias.gov.br\/policiacivil\/wp-json\/wp\/v2\/comments?post=153288"}],"version-history":[{"count":3,"href":"https:\/\/goias.gov.br\/policiacivil\/wp-json\/wp\/v2\/posts\/153288\/revisions"}],"predecessor-version":[{"id":153293,"href":"https:\/\/goias.gov.br\/policiacivil\/wp-json\/wp\/v2\/posts\/153288\/revisions\/153293"}],"wp:featuredmedia":[{"embeddable":true,"href":"https:\/\/goias.gov.br\/policiacivil\/wp-json\/wp\/v2\/media\/137986"}],"wp:attachment":[{"href":"https:\/\/goias.gov.br\/policiacivil\/wp-json\/wp\/v2\/media?parent=153288"}],"wp:term":[{"taxonomy":"category","embeddable":true,"href":"https:\/\/goias.gov.br\/policiacivil\/wp-json\/wp\/v2\/categories?post=153288"},{"taxonomy":"post_tag","embeddable":true,"href":"https:\/\/goias.gov.br\/policiacivil\/wp-json\/wp\/v2\/tags?post=153288"}],"curies":[{"name":"wp","href":"https:\/\/api.w.org\/{rel}","templated":true}]}}