

{"id":152691,"date":"2025-10-16T10:17:26","date_gmt":"2025-10-16T13:17:26","guid":{"rendered":" https:\/\/goias.gov.br\/policiacivil\/?p=152691"},"modified":"2025-10-16T10:17:26","modified_gmt":"2025-10-16T13:17:26","slug":"policia-civil-cumpre-mandados-e-prende-suspeitos-de-carcere-privado-e-tortura-em-uruacu","status":"publish","type":"post","link":"https:\/\/goias.gov.br\/policiacivil\/policia-civil-cumpre-mandados-e-prende-suspeitos-de-carcere-privado-e-tortura-em-uruacu\/","title":{"rendered":"Pol\u00edcia Civil cumpre mandados e prende suspeitos de c\u00e1rcere privado e tortura em Urua\u00e7u"},"content":{"rendered":"<p style=\"text-align: justify;\">A Pol\u00edcia Civil de Goi\u00e1s, por meio do Grupo Especial de Investiga\u00e7\u00e3o Criminal (Geic) de Urua\u00e7u \u2013 18\u00aa DRP, com apoio da Delegacia Municipal de Urua\u00e7u, a Delegacia Especializada no Atendimento \u00e0 Mulher (DEAM) e a Unidade de Intelig\u00eancia (UNINT), todas vinculadas \u00e0 18\u00aa Delegacia Regional de Pol\u00edcia de Urua\u00e7u, cumpriu na manh\u00e3 desta quinta-feira (16), tr\u00eas mandados de pris\u00e3o preventiva e tr\u00eas mandados de busca e apreens\u00e3o expedidos pela 2\u00aa Vara Criminal da Comarca de Urua\u00e7u.<\/p>\n<p>As medidas judiciais s\u00e3o decorrentes de investiga\u00e7\u00e3o que apura os crimes de c\u00e1rcere privado e tortura praticados contra duas v\u00edtimas do sexo masculino, os quais teriam sido retirados \u00e0 for\u00e7a de suas resid\u00eancias e submetidos a agress\u00f5es f\u00edsicas e psicol\u00f3gicas intensas, com o objetivo de obter confiss\u00e3o sobre um suposto furto de aparelho celular ocorrido em um estabelecimento noturno da cidade.<\/p>\n<p>Durante o cumprimento das ordens judiciais, foram apreendidos aparelhos celulares, equipamentos eletr\u00f4nicos e outros objetos de interesse da investiga\u00e7\u00e3o, que auxiliar\u00e3o na an\u00e1lise pericial e na individualiza\u00e7\u00e3o das condutas.<\/p>\n<p><strong>PCGO: investigar para proteger <span style=\"color: #000000;\">\ud83d\ude94<\/span><\/strong><\/p>\n<div id='gallery-1' class='gallery galleryid-152691 gallery-columns-3 gallery-size-thumbnail'><figure class='gallery-item'>\n\t\t\t<div class='gallery-icon portrait'>\n\t\t\t\t<a href='https:\/\/goias.gov.br\/policiacivil\/policia-civil-cumpre-mandados-e-prende-suspeitos-de-carcere-privado-e-tortura-em-uruacu\/policia-civil-cumpre-mandados-e-prende-suspeitos-de-carcere-privado-e-tortura-em-uruacu-6\/'><img decoding=\"async\" width=\"150\" height=\"150\" src=\"https:\/\/goias.gov.br\/policiacivil\/wp-content\/uploads\/sites\/71\/2025\/10\/Policia-Civil-cumpre-mandados-e-prende-suspeitos-de-carcere-privado-e-tortura-em-Uruacu-1-300x300.jpeg\" class=\"attachment-thumbnail size-thumbnail\" alt=\"Pol\u00edcia Civil cumpre mandados e prende suspeitos de c\u00e1rcere privado e tortura em Urua\u00e7u\" \/><\/a>\n\t\t\t<\/div><\/figure><figure class='gallery-item'>\n\t\t\t<div class='gallery-icon portrait'>\n\t\t\t\t<a href='https:\/\/goias.gov.br\/policiacivil\/policia-civil-cumpre-mandados-e-prende-suspeitos-de-carcere-privado-e-tortura-em-uruacu\/policia-civil-cumpre-mandados-e-prende-suspeitos-de-carcere-privado-e-tortura-em-uruacu-4\/'><img decoding=\"async\" width=\"150\" height=\"150\" src=\"https:\/\/goias.gov.br\/policiacivil\/wp-content\/uploads\/sites\/71\/2025\/10\/Policia-Civil-cumpre-mandados-e-prende-suspeitos-de-carcere-privado-e-tortura-em-Uruacu-3-300x300.png\" class=\"attachment-thumbnail size-thumbnail\" alt=\"Pol\u00edcia Civil cumpre mandados e prende suspeitos de c\u00e1rcere privado e tortura em Urua\u00e7u\" \/><\/a>\n\t\t\t<\/div><\/figure><figure class='gallery-item'>\n\t\t\t<div class='gallery-icon landscape'>\n\t\t\t\t<a href='https:\/\/goias.gov.br\/policiacivil\/policia-civil-cumpre-mandados-e-prende-suspeitos-de-carcere-privado-e-tortura-em-uruacu\/policia-civil-cumpre-mandados-e-prende-suspeitos-de-carcere-privado-e-tortura-em-uruacu-5\/'><img decoding=\"async\" width=\"150\" height=\"150\" src=\"https:\/\/goias.gov.br\/policiacivil\/wp-content\/uploads\/sites\/71\/2025\/10\/Policia-Civil-cumpre-mandados-e-prende-suspeitos-de-carcere-privado-e-tortura-em-Uruacu-300x300.jpeg\" class=\"attachment-thumbnail size-thumbnail\" alt=\"Pol\u00edcia Civil cumpre mandados e prende suspeitos de c\u00e1rcere privado e tortura em Urua\u00e7u\" \/><\/a>\n\t\t\t<\/div><\/figure><figure class='gallery-item'>\n\t\t\t<div class='gallery-icon portrait'>\n\t\t\t\t<a href='https:\/\/goias.gov.br\/policiacivil\/policia-civil-cumpre-mandados-e-prende-suspeitos-de-carcere-privado-e-tortura-em-uruacu\/policia-civil-cumpre-mandados-e-prende-suspeitos-de-carcere-privado-e-tortura-em-uruacu\/'><img loading=\"lazy\" decoding=\"async\" width=\"150\" height=\"150\" src=\"https:\/\/goias.gov.br\/policiacivil\/wp-content\/uploads\/sites\/71\/2025\/10\/Policia-Civil-cumpre-mandados-e-prende-suspeitos-de-carcere-privado-e-tortura-em-Uruacu-300x300.png\" class=\"attachment-thumbnail size-thumbnail\" alt=\"Pol\u00edcia Civil cumpre mandados e prende suspeitos de c\u00e1rcere privado e tortura em Urua\u00e7u\" \/><\/a>\n\t\t\t<\/div><\/figure><figure class='gallery-item'>\n\t\t\t<div class='gallery-icon portrait'>\n\t\t\t\t<a href='https:\/\/goias.gov.br\/policiacivil\/policia-civil-cumpre-mandados-e-prende-suspeitos-de-carcere-privado-e-tortura-em-uruacu\/policia-civil-cumpre-mandados-e-prende-suspeitos-de-carcere-privado-e-tortura-em-uruacu-2\/'><img loading=\"lazy\" decoding=\"async\" width=\"150\" height=\"150\" src=\"https:\/\/goias.gov.br\/policiacivil\/wp-content\/uploads\/sites\/71\/2025\/10\/Policia-Civil-cumpre-mandados-e-prende-suspeitos-de-carcere-privado-e-tortura-em-Uruacu-1-300x300.png\" class=\"attachment-thumbnail size-thumbnail\" alt=\"Pol\u00edcia Civil cumpre mandados e prende suspeitos de c\u00e1rcere privado e tortura em Urua\u00e7u\" \/><\/a>\n\t\t\t<\/div><\/figure><figure class='gallery-item'>\n\t\t\t<div class='gallery-icon portrait'>\n\t\t\t\t<a href='https:\/\/goias.gov.br\/policiacivil\/policia-civil-cumpre-mandados-e-prende-suspeitos-de-carcere-privado-e-tortura-em-uruacu\/policia-civil-cumpre-mandados-e-prende-suspeitos-de-carcere-privado-e-tortura-em-uruacu-3\/'><img loading=\"lazy\" decoding=\"async\" width=\"150\" height=\"150\" src=\"https:\/\/goias.gov.br\/policiacivil\/wp-content\/uploads\/sites\/71\/2025\/10\/Policia-Civil-cumpre-mandados-e-prende-suspeitos-de-carcere-privado-e-tortura-em-Uruacu-2-300x300.png\" class=\"attachment-thumbnail size-thumbnail\" alt=\"Pol\u00edcia Civil cumpre mandados e prende suspeitos de c\u00e1rcere privado e tortura em Urua\u00e7u\" \/><\/a>\n\t\t\t<\/div><\/figure>\n\t\t<\/div>\n\n","protected":false},"excerpt":{"rendered":"<p>A Pol\u00edcia Civil de Goi\u00e1s, por meio do Grupo Especial de Investiga\u00e7\u00e3o Criminal (Geic) de Urua\u00e7u \u2013 18\u00aa DRP, com apoio da Delegacia Municipal de Urua\u00e7u, a Delegacia Especializada no Atendimento \u00e0 Mulher (DEAM) e a Unidade de Intelig\u00eancia (UNINT), todas vinculadas \u00e0 18\u00aa Delegacia Regional de Pol\u00edcia de Urua\u00e7u, cumpriu na manh\u00e3 desta quinta-feira [&hellip;]<\/p>\n","protected":false},"author":52,"featured_media":152698,"comment_status":"closed","ping_status":"closed","sticky":false,"template":"","format":"standard","meta":{"footnotes":""},"categories":[6760,2538,6069,89],"tags":[10450,11260],"class_list":["post-152691","post","type-post","status-publish","format-standard","has-post-thumbnail","hentry","category-18a-regional","category-delegacias","category-noticias-da-policia-civil","category-regionais","tag-18a-drp","tag-geic-uruacu"],"rttpg_featured_image_url":{"full":["https:\/\/goias.gov.br\/policiacivil\/wp-content\/uploads\/sites\/71\/2025\/10\/Policia-Civil-cumpre-mandados-e-prende-suspeitos-de-carcere-privado-e-tortura-em-Uruacu-2.jpeg",675,1200,false],"landscape":["https:\/\/goias.gov.br\/policiacivil\/wp-content\/uploads\/sites\/71\/2025\/10\/Policia-Civil-cumpre-mandados-e-prende-suspeitos-de-carcere-privado-e-tortura-em-Uruacu-2.jpeg",675,1200,false],"portraits":["https:\/\/goias.gov.br\/policiacivil\/wp-content\/uploads\/sites\/71\/2025\/10\/Policia-Civil-cumpre-mandados-e-prende-suspeitos-de-carcere-privado-e-tortura-em-Uruacu-2.jpeg",675,1200,false],"thumbnail":["https:\/\/goias.gov.br\/policiacivil\/wp-content\/uploads\/sites\/71\/2025\/10\/Policia-Civil-cumpre-mandados-e-prende-suspeitos-de-carcere-privado-e-tortura-em-Uruacu-2-300x300.jpeg",150,150,true],"medium":["https:\/\/goias.gov.br\/policiacivil\/wp-content\/uploads\/sites\/71\/2025\/10\/Policia-Civil-cumpre-mandados-e-prende-suspeitos-de-carcere-privado-e-tortura-em-Uruacu-2-281x500.jpeg",169,300,true],"large":["https:\/\/goias.gov.br\/policiacivil\/wp-content\/uploads\/sites\/71\/2025\/10\/Policia-Civil-cumpre-mandados-e-prende-suspeitos-de-carcere-privado-e-tortura-em-Uruacu-2-601x1068.jpeg",576,1024,true],"1536x1536":["https:\/\/goias.gov.br\/policiacivil\/wp-content\/uploads\/sites\/71\/2025\/10\/Policia-Civil-cumpre-mandados-e-prende-suspeitos-de-carcere-privado-e-tortura-em-Uruacu-2.jpeg",675,1200,false],"2048x2048":["https:\/\/goias.gov.br\/policiacivil\/wp-content\/uploads\/sites\/71\/2025\/10\/Policia-Civil-cumpre-mandados-e-prende-suspeitos-de-carcere-privado-e-tortura-em-Uruacu-2.jpeg",675,1200,false]},"rttpg_author":{"display_name":"","author_link":"https:\/\/goias.gov.br\/policiacivil\/author\/"},"rttpg_comment":0,"rttpg_category":"<a href=\"https:\/\/goias.gov.br\/policiacivil\/categoria\/drp\/18a-regional\/\" rel=\"category tag\">18\u00aa Regional<\/a> <a href=\"https:\/\/goias.gov.br\/policiacivil\/categoria\/delegacias\/\" rel=\"category tag\">Delegacias<\/a> <a href=\"https:\/\/goias.gov.br\/policiacivil\/categoria\/noticias\/noticias-da-policia-civil\/\" rel=\"category tag\">Not\u00edcias da Pol\u00edcia Civil<\/a> <a href=\"https:\/\/goias.gov.br\/policiacivil\/categoria\/delegacias\/regionais\/\" rel=\"category tag\">Regionais<\/a>","rttpg_excerpt":"A Pol\u00edcia Civil de Goi\u00e1s, por meio do Grupo Especial de Investiga\u00e7\u00e3o Criminal (Geic) de Urua\u00e7u \u2013 18\u00aa DRP, com apoio da Delegacia Municipal de Urua\u00e7u, a Delegacia Especializada no Atendimento \u00e0 Mulher (DEAM) e a Unidade de Intelig\u00eancia (UNINT), todas vinculadas \u00e0 18\u00aa Delegacia Regional de Pol\u00edcia de Urua\u00e7u, cumpriu na manh\u00e3 desta quinta-feira&hellip;","_links":{"self":[{"href":"https:\/\/goias.gov.br\/policiacivil\/wp-json\/wp\/v2\/posts\/152691","targetHints":{"allow":["GET"]}}],"collection":[{"href":"https:\/\/goias.gov.br\/policiacivil\/wp-json\/wp\/v2\/posts"}],"about":[{"href":"https:\/\/goias.gov.br\/policiacivil\/wp-json\/wp\/v2\/types\/post"}],"author":[{"embeddable":true,"href":"https:\/\/goias.gov.br\/policiacivil\/wp-json\/wp\/v2\/users\/52"}],"replies":[{"embeddable":true,"href":"https:\/\/goias.gov.br\/policiacivil\/wp-json\/wp\/v2\/comments?post=152691"}],"version-history":[{"count":1,"href":"https:\/\/goias.gov.br\/policiacivil\/wp-json\/wp\/v2\/posts\/152691\/revisions"}],"predecessor-version":[{"id":152699,"href":"https:\/\/goias.gov.br\/policiacivil\/wp-json\/wp\/v2\/posts\/152691\/revisions\/152699"}],"wp:featuredmedia":[{"embeddable":true,"href":"https:\/\/goias.gov.br\/policiacivil\/wp-json\/wp\/v2\/media\/152698"}],"wp:attachment":[{"href":"https:\/\/goias.gov.br\/policiacivil\/wp-json\/wp\/v2\/media?parent=152691"}],"wp:term":[{"taxonomy":"category","embeddable":true,"href":"https:\/\/goias.gov.br\/policiacivil\/wp-json\/wp\/v2\/categories?post=152691"},{"taxonomy":"post_tag","embeddable":true,"href":"https:\/\/goias.gov.br\/policiacivil\/wp-json\/wp\/v2\/tags?post=152691"}],"curies":[{"name":"wp","href":"https:\/\/api.w.org\/{rel}","templated":true}]}}