

{"id":152640,"date":"2025-10-15T15:32:27","date_gmt":"2025-10-15T18:32:27","guid":{"rendered":" https:\/\/goias.gov.br\/policiacivil\/?p=152640"},"modified":"2025-10-15T15:32:27","modified_gmt":"2025-10-15T18:32:27","slug":"pcgo-cumpre-mandado-de-busca-e-apreensao-e-prende-investigado-em-flagrante-com-arma-de-fogo-em-mozarlandia","status":"publish","type":"post","link":"https:\/\/goias.gov.br\/policiacivil\/pcgo-cumpre-mandado-de-busca-e-apreensao-e-prende-investigado-em-flagrante-com-arma-de-fogo-em-mozarlandia\/","title":{"rendered":"PCGO cumpre mandado de busca e apreens\u00e3o e prende investigado em flagrante com arma de fogo, em Mozarl\u00e2ndia"},"content":{"rendered":"<article class=\"text-token-text-primary w-full focus:outline-none [--shadow-height:45px] has-data-writing-block:pointer-events-none has-data-writing-block:-mt-(--shadow-height) has-data-writing-block:pt-(--shadow-height) [&amp;:has([data-writing-block])&gt;*]:pointer-events-auto scroll-mt-[calc(var(--header-height)+min(200px,max(70px,20svh)))]\" dir=\"auto\" data-turn-id=\"request-WEB:c7116d2a-430b-4542-a8df-82553326d83d-5\" data-testid=\"conversation-turn-12\" data-scroll-anchor=\"true\" data-turn=\"assistant\">\n<div class=\"text-base my-auto mx-auto pb-10 [--thread-content-margin:--spacing(4)] thread-sm:[--thread-content-margin:--spacing(6)] thread-lg:[--thread-content-margin:--spacing(16)] px-(--thread-content-margin)\">\n<div class=\"[--thread-content-max-width:40rem] thread-lg:[--thread-content-max-width:48rem] mx-auto max-w-(--thread-content-max-width) flex-1 group\/turn-messages focus-visible:outline-hidden relative flex w-full min-w-0 flex-col agent-turn\">\n<div class=\"flex max-w-full flex-col grow\">\n<div class=\"min-h-8 text-message relative flex w-full flex-col items-end gap-2 text-start break-words whitespace-normal [.text-message+&amp;]:mt-1\" dir=\"auto\" data-message-author-role=\"assistant\" data-message-id=\"08510adb-e7ae-4b59-b4a3-1350d995e3a1\" data-message-model-slug=\"gpt-5\">\n<div class=\"flex w-full flex-col gap-1 empty:hidden first:pt-[1px]\">\n<div class=\"markdown prose dark:prose-invert w-full break-words light markdown-new-styling\">\n<p style=\"text-align: justify;\" data-start=\"0\" data-end=\"832\" data-is-last-node=\"\" data-is-only-node=\"\">A Pol\u00edcia Civil de Goi\u00e1s, por meio da Delegacia de Pol\u00edcia de Mozarl\u00e2ndia &#8211; 21\u00aa DRP, cumpriu, na manh\u00e3 desta quarta-feira (15), mandado de busca e apreens\u00e3o domiciliar, expedido pelo Poder Judici\u00e1rio local, no curso de investiga\u00e7\u00e3o em tr\u00e2mite na unidade. A dilig\u00eancia foi cumprida em dois endere\u00e7os localizados na \u00e1rea central da cidade. Em um dos im\u00f3veis, o investigado indicou, de forma volunt\u00e1ria, a exist\u00eancia de um rev\u00f3lver calibre .32, guardado em um cofre, acompanhado de 16 muni\u00e7\u00f5es intactas, sem qualquer documenta\u00e7\u00e3o legal ou autoriza\u00e7\u00e3o para a posse do armamento.<\/p>\n<p style=\"text-align: justify;\" data-start=\"0\" data-end=\"832\" data-is-last-node=\"\" data-is-only-node=\"\">Diante da situa\u00e7\u00e3o, o homem foi preso em flagrante pelo crime de posse irregular de arma de fogo de uso permitido e conduzido \u00e0 delegacia para os procedimentos legais cab\u00edveis. A arma e as muni\u00e7\u00f5es foram apreendidas e ser\u00e3o submetidas \u00e0 per\u00edcia t\u00e9cnica.<\/p>\n<\/div>\n<\/div>\n<\/div>\n<\/div>\n<div class=\"z-0 flex min-h-[46px] justify-start\" style=\"text-align: justify;\"><b>PCGO: investigar para proteger \ud83d\ude94<\/b><\/div>\n<\/div>\n<\/div>\n<div><\/div>\n<div class=\"text-base my-auto mx-auto pb-10 [--thread-content-margin:--spacing(4)] thread-sm:[--thread-content-margin:--spacing(6)] thread-lg:[--thread-content-margin:--spacing(16)] px-(--thread-content-margin)\">\n<div class=\"[--thread-content-max-width:40rem] thread-lg:[--thread-content-max-width:48rem] mx-auto max-w-(--thread-content-max-width) flex-1 group\/turn-messages focus-visible:outline-hidden relative flex w-full min-w-0 flex-col agent-turn\">\n<div class=\"mt-3 w-full empty:hidden\">\n<div class=\"text-center\">\n<div id='gallery-1' class='gallery galleryid-152640 gallery-columns-2 gallery-size-thumbnail'><figure class='gallery-item'>\n\t\t\t<div class='gallery-icon portrait'>\n\t\t\t\t<a href='https:\/\/goias.gov.br\/policiacivil\/wp-content\/uploads\/sites\/71\/2025\/10\/PCGO-cumpre-mandado-de-busca-e-apreensao-e-prende-investigado-em-flagrante-com-arma-de-fogo-em-Mozarlandia.jpeg'><img decoding=\"async\" width=\"150\" height=\"150\" src=\"https:\/\/goias.gov.br\/policiacivil\/wp-content\/uploads\/sites\/71\/2025\/10\/PCGO-cumpre-mandado-de-busca-e-apreensao-e-prende-investigado-em-flagrante-com-arma-de-fogo-em-Mozarlandia-300x300.jpeg\" class=\"attachment-thumbnail size-thumbnail\" alt=\"PCGO cumpre mandado de busca e apreens\u00e3o e prende investigado em flagrante com arma de fogo em Mozarl\u00e2ndia\" \/><\/a>\n\t\t\t<\/div><\/figure><figure class='gallery-item'>\n\t\t\t<div class='gallery-icon portrait'>\n\t\t\t\t<a href='https:\/\/goias.gov.br\/policiacivil\/wp-content\/uploads\/sites\/71\/2025\/10\/PCGO-cumpre-mandado-de-busca-e-apreensao-e-prende-investigado-em-flagrante-com-arma-de-fogo-em-Mozarlandia-1.jpeg'><img decoding=\"async\" width=\"150\" height=\"150\" src=\"https:\/\/goias.gov.br\/policiacivil\/wp-content\/uploads\/sites\/71\/2025\/10\/PCGO-cumpre-mandado-de-busca-e-apreensao-e-prende-investigado-em-flagrante-com-arma-de-fogo-em-Mozarlandia-1-300x300.jpeg\" class=\"attachment-thumbnail size-thumbnail\" alt=\"PCGO cumpre mandado de busca e apreens\u00e3o e prende investigado em flagrante com arma de fogo em Mozarl\u00e2ndia\" \/><\/a>\n\t\t\t<\/div><\/figure>\n\t\t<\/div>\n\n<\/div>\n<\/div>\n<\/div>\n<\/div>\n<\/article>\n<div class=\"pointer-events-none h-px w-px\" aria-hidden=\"true\" data-edge=\"true\"><\/div>\n","protected":false},"excerpt":{"rendered":"<p>A Pol\u00edcia Civil de Goi\u00e1s, por meio da Delegacia de Pol\u00edcia de Mozarl\u00e2ndia &#8211; 21\u00aa DRP, cumpriu, na manh\u00e3 desta quarta-feira (15), mandado de busca e apreens\u00e3o domiciliar, expedido pelo Poder Judici\u00e1rio local, no curso de investiga\u00e7\u00e3o em tr\u00e2mite na unidade. A dilig\u00eancia foi cumprida em dois endere\u00e7os localizados na \u00e1rea central da cidade. Em [&hellip;]<\/p>\n","protected":false},"author":50,"featured_media":152643,"comment_status":"closed","ping_status":"closed","sticky":false,"template":"","format":"standard","meta":{"footnotes":""},"categories":[11116,2538,89,537],"tags":[834,6033],"class_list":["post-152640","post","type-post","status-publish","format-standard","has-post-thumbnail","hentry","category-21a-regional","category-delegacias","category-regionais","category-ultimo-segundo","tag-mozarlandia","tag-posse-irregular-de-arma-de-fogo"],"rttpg_featured_image_url":{"full":["https:\/\/goias.gov.br\/policiacivil\/wp-content\/uploads\/sites\/71\/2025\/10\/PCGO-cumpre-mandado-de-busca-e-apreensao-e-prende-investigado-em-flagrante-com-arma-de-fogo-em-Mozarlandia.jpeg",900,1200,false],"landscape":["https:\/\/goias.gov.br\/policiacivil\/wp-content\/uploads\/sites\/71\/2025\/10\/PCGO-cumpre-mandado-de-busca-e-apreensao-e-prende-investigado-em-flagrante-com-arma-de-fogo-em-Mozarlandia.jpeg",900,1200,false],"portraits":["https:\/\/goias.gov.br\/policiacivil\/wp-content\/uploads\/sites\/71\/2025\/10\/PCGO-cumpre-mandado-de-busca-e-apreensao-e-prende-investigado-em-flagrante-com-arma-de-fogo-em-Mozarlandia.jpeg",900,1200,false],"thumbnail":["https:\/\/goias.gov.br\/policiacivil\/wp-content\/uploads\/sites\/71\/2025\/10\/PCGO-cumpre-mandado-de-busca-e-apreensao-e-prende-investigado-em-flagrante-com-arma-de-fogo-em-Mozarlandia-300x300.jpeg",150,150,true],"medium":["https:\/\/goias.gov.br\/policiacivil\/wp-content\/uploads\/sites\/71\/2025\/10\/PCGO-cumpre-mandado-de-busca-e-apreensao-e-prende-investigado-em-flagrante-com-arma-de-fogo-em-Mozarlandia-375x500.jpeg",225,300,true],"large":["https:\/\/goias.gov.br\/policiacivil\/wp-content\/uploads\/sites\/71\/2025\/10\/PCGO-cumpre-mandado-de-busca-e-apreensao-e-prende-investigado-em-flagrante-com-arma-de-fogo-em-Mozarlandia-801x1068.jpeg",768,1024,true],"1536x1536":["https:\/\/goias.gov.br\/policiacivil\/wp-content\/uploads\/sites\/71\/2025\/10\/PCGO-cumpre-mandado-de-busca-e-apreensao-e-prende-investigado-em-flagrante-com-arma-de-fogo-em-Mozarlandia.jpeg",900,1200,false],"2048x2048":["https:\/\/goias.gov.br\/policiacivil\/wp-content\/uploads\/sites\/71\/2025\/10\/PCGO-cumpre-mandado-de-busca-e-apreensao-e-prende-investigado-em-flagrante-com-arma-de-fogo-em-Mozarlandia.jpeg",900,1200,false]},"rttpg_author":{"display_name":"julianacpereira","author_link":"https:\/\/goias.gov.br\/policiacivil\/author\/julianacpereira\/"},"rttpg_comment":0,"rttpg_category":"<a href=\"https:\/\/goias.gov.br\/policiacivil\/categoria\/21a-regional\/\" rel=\"category tag\">21\u00aa Regional<\/a> <a href=\"https:\/\/goias.gov.br\/policiacivil\/categoria\/delegacias\/\" rel=\"category tag\">Delegacias<\/a> <a href=\"https:\/\/goias.gov.br\/policiacivil\/categoria\/delegacias\/regionais\/\" rel=\"category tag\">Regionais<\/a> <a href=\"https:\/\/goias.gov.br\/policiacivil\/categoria\/ultimo-segundo\/\" rel=\"category tag\">\u00daltimo Segundo<\/a>","rttpg_excerpt":"A Pol\u00edcia Civil de Goi\u00e1s, por meio da Delegacia de Pol\u00edcia de Mozarl\u00e2ndia &#8211; 21\u00aa DRP, cumpriu, na manh\u00e3 desta quarta-feira (15), mandado de busca e apreens\u00e3o domiciliar, expedido pelo Poder Judici\u00e1rio local, no curso de investiga\u00e7\u00e3o em tr\u00e2mite na unidade. A dilig\u00eancia foi cumprida em dois endere\u00e7os localizados na \u00e1rea central da cidade. Em&hellip;","_links":{"self":[{"href":"https:\/\/goias.gov.br\/policiacivil\/wp-json\/wp\/v2\/posts\/152640","targetHints":{"allow":["GET"]}}],"collection":[{"href":"https:\/\/goias.gov.br\/policiacivil\/wp-json\/wp\/v2\/posts"}],"about":[{"href":"https:\/\/goias.gov.br\/policiacivil\/wp-json\/wp\/v2\/types\/post"}],"author":[{"embeddable":true,"href":"https:\/\/goias.gov.br\/policiacivil\/wp-json\/wp\/v2\/users\/50"}],"replies":[{"embeddable":true,"href":"https:\/\/goias.gov.br\/policiacivil\/wp-json\/wp\/v2\/comments?post=152640"}],"version-history":[{"count":3,"href":"https:\/\/goias.gov.br\/policiacivil\/wp-json\/wp\/v2\/posts\/152640\/revisions"}],"predecessor-version":[{"id":152645,"href":"https:\/\/goias.gov.br\/policiacivil\/wp-json\/wp\/v2\/posts\/152640\/revisions\/152645"}],"wp:featuredmedia":[{"embeddable":true,"href":"https:\/\/goias.gov.br\/policiacivil\/wp-json\/wp\/v2\/media\/152643"}],"wp:attachment":[{"href":"https:\/\/goias.gov.br\/policiacivil\/wp-json\/wp\/v2\/media?parent=152640"}],"wp:term":[{"taxonomy":"category","embeddable":true,"href":"https:\/\/goias.gov.br\/policiacivil\/wp-json\/wp\/v2\/categories?post=152640"},{"taxonomy":"post_tag","embeddable":true,"href":"https:\/\/goias.gov.br\/policiacivil\/wp-json\/wp\/v2\/tags?post=152640"}],"curies":[{"name":"wp","href":"https:\/\/api.w.org\/{rel}","templated":true}]}}