

{"id":152625,"date":"2025-10-15T12:09:25","date_gmt":"2025-10-15T15:09:25","guid":{"rendered":" https:\/\/goias.gov.br\/policiacivil\/?p=152625"},"modified":"2025-10-15T12:09:25","modified_gmt":"2025-10-15T15:09:25","slug":"policia-civil-prende-homem-por-porte-ilegal-de-arma-apos-ameacar-ex-companheira-em-valparaiso","status":"publish","type":"post","link":"https:\/\/goias.gov.br\/policiacivil\/policia-civil-prende-homem-por-porte-ilegal-de-arma-apos-ameacar-ex-companheira-em-valparaiso\/","title":{"rendered":"Pol\u00edcia Civil prende homem por porte ilegal de arma ap\u00f3s amea\u00e7ar ex-companheira em Valpara\u00edso"},"content":{"rendered":"<p style=\"text-align: justify;\">A Pol\u00edcia Civil de Goi\u00e1s, por meio da Delegacia Especializada de Atendimento \u00e0 Mulher (Deam) de Valpara\u00edso \u2013 5\u00aa DRP, cumpriu na manh\u00e3 desta quarta-feira (15), um mandado de busca e apreens\u00e3o na resid\u00eancia de um homem de 46 anos, investigado por amea\u00e7as no contexto de viol\u00eancia dom\u00e9stica.<\/p>\n<p style=\"text-align: justify;\">A v\u00edtima, uma mulher de 40 anos, procurou a delegacia para registrar ocorr\u00eancia contra seu ex-companheiro, com quem tem dois filhos. Segundo relato, ao buscar as crian\u00e7as na casa do investigado, foi amea\u00e7ada com uma espingarda e houve um disparo em sua dire\u00e7\u00e3o.<\/p>\n<p style=\"text-align: justify;\">A mulher conseguiu fugir, mas os filhos permaneceram sob poder do autor no dia dos fatos. A v\u00edtima informou ainda que est\u00e1 separada h\u00e1 tr\u00eas anos e que o acordo sobre a guarda dos filhos \u00e9 marcado por conflitos.<\/p>\n<p style=\"text-align: justify;\">Diante dos fatos, a autoridade policial representou pelo mandado de busca e apreens\u00e3o, prontamente deferido pelo Poder Judici\u00e1rio.<\/p>\n<p>Durante o cumprimento do mandado, os policiais localizaram uma arma de fogo de fabrica\u00e7\u00e3o artesanal, tipo pistola de retrocarga, al\u00e9m de tr\u00eas muni\u00e7\u00f5es calibre .357.<\/p>\n<p style=\"text-align: justify;\">O suspeito foi preso em flagrante e autuado por porte ilegal de arma de fogo de uso restrito (Art. 16, caput, da Lei n\u00ba 10.826\/03).<\/p>\n<p style=\"text-align: justify;\">\n<strong>PCGO: investigar para proteger <span style=\"color: #000000;\">\ud83d\ude94<\/span><\/strong><\/p>\n<div id='gallery-1' class='gallery galleryid-152625 gallery-columns-3 gallery-size-thumbnail'><figure class='gallery-item'>\n\t\t\t<div class='gallery-icon landscape'>\n\t\t\t\t<a href='https:\/\/goias.gov.br\/policiacivil\/policia-civil-prende-homem-por-porte-ilegal-de-arma-apos-ameacar-ex-companheira-em-valparaiso\/policia-civil-prende-homem-por-porte-ilegal-de-arma-apos-ameacar-ex-companheira-em-valparaiso\/'><img decoding=\"async\" width=\"150\" height=\"150\" src=\"https:\/\/goias.gov.br\/policiacivil\/wp-content\/uploads\/sites\/71\/2025\/10\/Policia-Civil-prende-homem-por-porte-ilegal-de-arma-apos-ameacar-ex-companheira-em-Valparaiso-300x300.jpeg\" class=\"attachment-thumbnail size-thumbnail\" alt=\"Pol\u00edcia Civil prende homem por porte ilegal de arma ap\u00f3s amea\u00e7ar ex companheira em Valpara\u00edso\" \/><\/a>\n\t\t\t<\/div><\/figure><figure class='gallery-item'>\n\t\t\t<div class='gallery-icon portrait'>\n\t\t\t\t<a href='https:\/\/goias.gov.br\/policiacivil\/policia-civil-prende-homem-por-porte-ilegal-de-arma-apos-ameacar-ex-companheira-em-valparaiso\/policia-civil-prende-homem-por-porte-ilegal-de-arma-apos-ameacar-ex-companheira-em-valparaiso-2\/'><img decoding=\"async\" width=\"150\" height=\"150\" src=\"https:\/\/goias.gov.br\/policiacivil\/wp-content\/uploads\/sites\/71\/2025\/10\/Policia-Civil-prende-homem-por-porte-ilegal-de-arma-apos-ameacar-ex-companheira-em-Valparaiso-1-300x300.jpeg\" class=\"attachment-thumbnail size-thumbnail\" alt=\"Pol\u00edcia Civil prende homem por porte ilegal de arma ap\u00f3s amea\u00e7ar ex companheira em Valpara\u00edso\" \/><\/a>\n\t\t\t<\/div><\/figure>\n\t\t<\/div>\n\n","protected":false},"excerpt":{"rendered":"<p>A Pol\u00edcia Civil de Goi\u00e1s, por meio da Delegacia Especializada de Atendimento \u00e0 Mulher (Deam) de Valpara\u00edso \u2013 5\u00aa DRP, cumpriu na manh\u00e3 desta quarta-feira (15), um mandado de busca e apreens\u00e3o na resid\u00eancia de um homem de 46 anos, investigado por amea\u00e7as no contexto de viol\u00eancia dom\u00e9stica. A v\u00edtima, uma mulher de 40 anos, [&hellip;]<\/p>\n","protected":false},"author":52,"featured_media":152628,"comment_status":"closed","ping_status":"closed","sticky":false,"template":"","format":"standard","meta":{"footnotes":""},"categories":[3192,2538,6069,89],"tags":[1466,5797],"class_list":["post-152625","post","type-post","status-publish","format-standard","has-post-thumbnail","hentry","category-5a-regional","category-delegacias","category-noticias-da-policia-civil","category-regionais","tag-5a-drp","tag-deam-valparaiso"],"rttpg_featured_image_url":{"full":["https:\/\/goias.gov.br\/policiacivil\/wp-content\/uploads\/sites\/71\/2025\/10\/Policia-Civil-prende-homem-por-porte-ilegal-de-arma-apos-ameacar-ex-companheira-em-Valparaiso-2.jpeg",901,1200,false],"landscape":["https:\/\/goias.gov.br\/policiacivil\/wp-content\/uploads\/sites\/71\/2025\/10\/Policia-Civil-prende-homem-por-porte-ilegal-de-arma-apos-ameacar-ex-companheira-em-Valparaiso-2.jpeg",901,1200,false],"portraits":["https:\/\/goias.gov.br\/policiacivil\/wp-content\/uploads\/sites\/71\/2025\/10\/Policia-Civil-prende-homem-por-porte-ilegal-de-arma-apos-ameacar-ex-companheira-em-Valparaiso-2.jpeg",901,1200,false],"thumbnail":["https:\/\/goias.gov.br\/policiacivil\/wp-content\/uploads\/sites\/71\/2025\/10\/Policia-Civil-prende-homem-por-porte-ilegal-de-arma-apos-ameacar-ex-companheira-em-Valparaiso-2-300x300.jpeg",150,150,true],"medium":["https:\/\/goias.gov.br\/policiacivil\/wp-content\/uploads\/sites\/71\/2025\/10\/Policia-Civil-prende-homem-por-porte-ilegal-de-arma-apos-ameacar-ex-companheira-em-Valparaiso-2-375x500.jpeg",225,300,true],"large":["https:\/\/goias.gov.br\/policiacivil\/wp-content\/uploads\/sites\/71\/2025\/10\/Policia-Civil-prende-homem-por-porte-ilegal-de-arma-apos-ameacar-ex-companheira-em-Valparaiso-2-802x1068.jpeg",769,1024,true],"1536x1536":["https:\/\/goias.gov.br\/policiacivil\/wp-content\/uploads\/sites\/71\/2025\/10\/Policia-Civil-prende-homem-por-porte-ilegal-de-arma-apos-ameacar-ex-companheira-em-Valparaiso-2.jpeg",901,1200,false],"2048x2048":["https:\/\/goias.gov.br\/policiacivil\/wp-content\/uploads\/sites\/71\/2025\/10\/Policia-Civil-prende-homem-por-porte-ilegal-de-arma-apos-ameacar-ex-companheira-em-Valparaiso-2.jpeg",901,1200,false]},"rttpg_author":{"display_name":"","author_link":"https:\/\/goias.gov.br\/policiacivil\/author\/"},"rttpg_comment":0,"rttpg_category":"<a href=\"https:\/\/goias.gov.br\/policiacivil\/categoria\/drp\/5a-regional\/\" rel=\"category tag\">5\u00aa Regional<\/a> <a href=\"https:\/\/goias.gov.br\/policiacivil\/categoria\/delegacias\/\" rel=\"category tag\">Delegacias<\/a> <a href=\"https:\/\/goias.gov.br\/policiacivil\/categoria\/noticias\/noticias-da-policia-civil\/\" rel=\"category tag\">Not\u00edcias da Pol\u00edcia Civil<\/a> <a href=\"https:\/\/goias.gov.br\/policiacivil\/categoria\/delegacias\/regionais\/\" rel=\"category tag\">Regionais<\/a>","rttpg_excerpt":"A Pol\u00edcia Civil de Goi\u00e1s, por meio da Delegacia Especializada de Atendimento \u00e0 Mulher (Deam) de Valpara\u00edso \u2013 5\u00aa DRP, cumpriu na manh\u00e3 desta quarta-feira (15), um mandado de busca e apreens\u00e3o na resid\u00eancia de um homem de 46 anos, investigado por amea\u00e7as no contexto de viol\u00eancia dom\u00e9stica. A v\u00edtima, uma mulher de 40 anos,&hellip;","_links":{"self":[{"href":"https:\/\/goias.gov.br\/policiacivil\/wp-json\/wp\/v2\/posts\/152625","targetHints":{"allow":["GET"]}}],"collection":[{"href":"https:\/\/goias.gov.br\/policiacivil\/wp-json\/wp\/v2\/posts"}],"about":[{"href":"https:\/\/goias.gov.br\/policiacivil\/wp-json\/wp\/v2\/types\/post"}],"author":[{"embeddable":true,"href":"https:\/\/goias.gov.br\/policiacivil\/wp-json\/wp\/v2\/users\/52"}],"replies":[{"embeddable":true,"href":"https:\/\/goias.gov.br\/policiacivil\/wp-json\/wp\/v2\/comments?post=152625"}],"version-history":[{"count":1,"href":"https:\/\/goias.gov.br\/policiacivil\/wp-json\/wp\/v2\/posts\/152625\/revisions"}],"predecessor-version":[{"id":152629,"href":"https:\/\/goias.gov.br\/policiacivil\/wp-json\/wp\/v2\/posts\/152625\/revisions\/152629"}],"wp:featuredmedia":[{"embeddable":true,"href":"https:\/\/goias.gov.br\/policiacivil\/wp-json\/wp\/v2\/media\/152628"}],"wp:attachment":[{"href":"https:\/\/goias.gov.br\/policiacivil\/wp-json\/wp\/v2\/media?parent=152625"}],"wp:term":[{"taxonomy":"category","embeddable":true,"href":"https:\/\/goias.gov.br\/policiacivil\/wp-json\/wp\/v2\/categories?post=152625"},{"taxonomy":"post_tag","embeddable":true,"href":"https:\/\/goias.gov.br\/policiacivil\/wp-json\/wp\/v2\/tags?post=152625"}],"curies":[{"name":"wp","href":"https:\/\/api.w.org\/{rel}","templated":true}]}}