

{"id":150526,"date":"2025-09-12T11:15:08","date_gmt":"2025-09-12T14:15:08","guid":{"rendered":" https:\/\/goias.gov.br\/policiacivil\/?p=150526"},"modified":"2025-09-12T11:16:44","modified_gmt":"2025-09-12T14:16:44","slug":"policia-civil-prende-homem-que-furtou-cartao-de-vitima-embriagada-para-efetuou-compras","status":"publish","type":"post","link":"https:\/\/goias.gov.br\/policiacivil\/policia-civil-prende-homem-que-furtou-cartao-de-vitima-embriagada-para-efetuou-compras\/","title":{"rendered":"Pol\u00edcia Civil prende homem que furtou cart\u00e3o de v\u00edtima embriagada para efetuar compras"},"content":{"rendered":"<p>A Pol\u00edcia Civil de Goi\u00e1s, por meio do Grupo Especial de Investiga\u00e7\u00f5es Criminais (Geic) de Caldas Novas &#8211; 19\u00aa DRP, prendeu hoje (12) um homem de 21 anos de idade, suspeito de praticar furto qualificado.<\/p>\n<p style=\"text-align: justify;\">No dia 16 de agosto, suspeito e v\u00edtima passaram a madrugada ingerindo bebidas alco\u00f3licas em um bar em Caldas Novas. A v\u00edtima ficou embriagada e entregou seu cart\u00e3o banc\u00e1rio com a senha ao suspeito, pedindo que ele pagasse a conta. Aproveitando-se da embriaguez da v\u00edtima, o suspeito furtou sua motocicleta e seu cart\u00e3o, com o qual realizou 18 compras em distribuidoras, tabacarias, bares e lojas de roupas, totalizando cerca de R$ 600 de preju\u00edzo, al\u00e9m de outras tentativas de compras cujos pagamentos foram recusados pelo banco.<\/p>\n<p style=\"text-align: justify;\">Diante dessa conjuntura, que em tese configurou crime de furto mediante abuso de confian\u00e7a, a Pol\u00edcia Civil representou pela decreta\u00e7\u00e3o da pris\u00e3o preventiva do investigado. Com o deferimento da medida, o investigado foi preso, confessou a a\u00e7\u00e3o delitiva e foi encaminhado ao pres\u00eddio local, onde segue \u00e0 disposi\u00e7\u00e3o do Poder Judici\u00e1rio. O autor ostenta outras passagens criminais, inclusive envolvendo conflitos entre torcidas organizadas e tamb\u00e9m uma ocorr\u00eancia recente por roubo com emprego de faca.<\/p>\n<p><strong>PCGO: investigar para proteger<\/strong>\u00a0\ud83d\ude94<\/p>\n<p>&nbsp;<\/p>\n<div id='gallery-1' class='gallery galleryid-150526 gallery-columns-2 gallery-size-thumbnail'><figure class='gallery-item'>\n\t\t\t<div class='gallery-icon portrait'>\n\t\t\t\t<a href='https:\/\/goias.gov.br\/policiacivil\/wp-content\/uploads\/sites\/71\/2025\/09\/unnamed-file-44.jpeg'><img decoding=\"async\" width=\"150\" height=\"150\" src=\"https:\/\/goias.gov.br\/policiacivil\/wp-content\/uploads\/sites\/71\/2025\/09\/unnamed-file-44-300x300.jpeg\" class=\"attachment-thumbnail size-thumbnail\" alt=\".jpeg\" \/><\/a>\n\t\t\t<\/div><\/figure><figure class='gallery-item'>\n\t\t\t<div class='gallery-icon portrait'>\n\t\t\t\t<a href='https:\/\/goias.gov.br\/policiacivil\/wp-content\/uploads\/sites\/71\/2025\/09\/unnamed-file-45.jpeg'><img decoding=\"async\" width=\"150\" height=\"150\" src=\"https:\/\/goias.gov.br\/policiacivil\/wp-content\/uploads\/sites\/71\/2025\/09\/unnamed-file-45-300x300.jpeg\" class=\"attachment-thumbnail size-thumbnail\" alt=\".jpeg\" \/><\/a>\n\t\t\t<\/div><\/figure>\n\t\t<\/div>\n\n","protected":false},"excerpt":{"rendered":"<p>A Pol\u00edcia Civil de Goi\u00e1s, por meio do Grupo Especial de Investiga\u00e7\u00f5es Criminais (Geic) de Caldas Novas &#8211; 19\u00aa DRP, prendeu hoje (12) um homem de 21 anos de idade, suspeito de praticar furto qualificado. No dia 16 de agosto, suspeito e v\u00edtima passaram a madrugada ingerindo bebidas alco\u00f3licas em um bar em Caldas Novas. [&hellip;]<\/p>\n","protected":false},"author":34,"featured_media":150411,"comment_status":"closed","ping_status":"closed","sticky":false,"template":"","format":"standard","meta":{"footnotes":""},"categories":[8706,2538,89,537],"tags":[1100,1199,511],"class_list":["post-150526","post","type-post","status-publish","format-standard","has-post-thumbnail","hentry","category-19a-regional","category-delegacias","category-regionais","category-ultimo-segundo","tag-caldas-novas","tag-cartao","tag-furto"],"rttpg_featured_image_url":{"full":["https:\/\/goias.gov.br\/policiacivil\/wp-content\/uploads\/sites\/71\/2025\/09\/PCGO-prende-foragido-de-SP-por-estupro-de-vulneravel-que-estava-hospedado-em-hotel-de-Caldas-Novas.jpeg",1200,674,false],"landscape":["https:\/\/goias.gov.br\/policiacivil\/wp-content\/uploads\/sites\/71\/2025\/09\/PCGO-prende-foragido-de-SP-por-estupro-de-vulneravel-que-estava-hospedado-em-hotel-de-Caldas-Novas.jpeg",1200,674,false],"portraits":["https:\/\/goias.gov.br\/policiacivil\/wp-content\/uploads\/sites\/71\/2025\/09\/PCGO-prende-foragido-de-SP-por-estupro-de-vulneravel-que-estava-hospedado-em-hotel-de-Caldas-Novas.jpeg",1200,674,false],"thumbnail":["https:\/\/goias.gov.br\/policiacivil\/wp-content\/uploads\/sites\/71\/2025\/09\/PCGO-prende-foragido-de-SP-por-estupro-de-vulneravel-que-estava-hospedado-em-hotel-de-Caldas-Novas-300x300.jpeg",150,150,true],"medium":["https:\/\/goias.gov.br\/policiacivil\/wp-content\/uploads\/sites\/71\/2025\/09\/PCGO-prende-foragido-de-SP-por-estupro-de-vulneravel-que-estava-hospedado-em-hotel-de-Caldas-Novas-500x281.jpeg",300,169,true],"large":["https:\/\/goias.gov.br\/policiacivil\/wp-content\/uploads\/sites\/71\/2025\/09\/PCGO-prende-foragido-de-SP-por-estupro-de-vulneravel-que-estava-hospedado-em-hotel-de-Caldas-Novas-1068x600.jpeg",1024,575,true],"1536x1536":["https:\/\/goias.gov.br\/policiacivil\/wp-content\/uploads\/sites\/71\/2025\/09\/PCGO-prende-foragido-de-SP-por-estupro-de-vulneravel-que-estava-hospedado-em-hotel-de-Caldas-Novas.jpeg",1200,674,false],"2048x2048":["https:\/\/goias.gov.br\/policiacivil\/wp-content\/uploads\/sites\/71\/2025\/09\/PCGO-prende-foragido-de-SP-por-estupro-de-vulneravel-que-estava-hospedado-em-hotel-de-Caldas-Novas.jpeg",1200,674,false]},"rttpg_author":{"display_name":"celsoassis","author_link":"https:\/\/goias.gov.br\/policiacivil\/author\/celsoassis\/"},"rttpg_comment":0,"rttpg_category":"<a href=\"https:\/\/goias.gov.br\/policiacivil\/categoria\/drp\/19a-regional\/\" rel=\"category tag\">19\u00aa Regional<\/a> <a href=\"https:\/\/goias.gov.br\/policiacivil\/categoria\/delegacias\/\" rel=\"category tag\">Delegacias<\/a> <a href=\"https:\/\/goias.gov.br\/policiacivil\/categoria\/delegacias\/regionais\/\" rel=\"category tag\">Regionais<\/a> <a href=\"https:\/\/goias.gov.br\/policiacivil\/categoria\/ultimo-segundo\/\" rel=\"category tag\">\u00daltimo Segundo<\/a>","rttpg_excerpt":"A Pol\u00edcia Civil de Goi\u00e1s, por meio do Grupo Especial de Investiga\u00e7\u00f5es Criminais (Geic) de Caldas Novas &#8211; 19\u00aa DRP, prendeu hoje (12) um homem de 21 anos de idade, suspeito de praticar furto qualificado. No dia 16 de agosto, suspeito e v\u00edtima passaram a madrugada ingerindo bebidas alco\u00f3licas em um bar em Caldas Novas.&hellip;","_links":{"self":[{"href":"https:\/\/goias.gov.br\/policiacivil\/wp-json\/wp\/v2\/posts\/150526","targetHints":{"allow":["GET"]}}],"collection":[{"href":"https:\/\/goias.gov.br\/policiacivil\/wp-json\/wp\/v2\/posts"}],"about":[{"href":"https:\/\/goias.gov.br\/policiacivil\/wp-json\/wp\/v2\/types\/post"}],"author":[{"embeddable":true,"href":"https:\/\/goias.gov.br\/policiacivil\/wp-json\/wp\/v2\/users\/34"}],"replies":[{"embeddable":true,"href":"https:\/\/goias.gov.br\/policiacivil\/wp-json\/wp\/v2\/comments?post=150526"}],"version-history":[{"count":2,"href":"https:\/\/goias.gov.br\/policiacivil\/wp-json\/wp\/v2\/posts\/150526\/revisions"}],"predecessor-version":[{"id":150530,"href":"https:\/\/goias.gov.br\/policiacivil\/wp-json\/wp\/v2\/posts\/150526\/revisions\/150530"}],"wp:featuredmedia":[{"embeddable":true,"href":"https:\/\/goias.gov.br\/policiacivil\/wp-json\/wp\/v2\/media\/150411"}],"wp:attachment":[{"href":"https:\/\/goias.gov.br\/policiacivil\/wp-json\/wp\/v2\/media?parent=150526"}],"wp:term":[{"taxonomy":"category","embeddable":true,"href":"https:\/\/goias.gov.br\/policiacivil\/wp-json\/wp\/v2\/categories?post=150526"},{"taxonomy":"post_tag","embeddable":true,"href":"https:\/\/goias.gov.br\/policiacivil\/wp-json\/wp\/v2\/tags?post=150526"}],"curies":[{"name":"wp","href":"https:\/\/api.w.org\/{rel}","templated":true}]}}