

{"id":150216,"date":"2025-09-08T14:28:45","date_gmt":"2025-09-08T17:28:45","guid":{"rendered":" https:\/\/goias.gov.br\/policiacivil\/?p=150216"},"modified":"2025-09-08T14:28:52","modified_gmt":"2025-09-08T17:28:52","slug":"policia-civil-prende-homem-em-flagrante-por-agredir-esposa-cadeirante-em-luziania","status":"publish","type":"post","link":"https:\/\/goias.gov.br\/policiacivil\/policia-civil-prende-homem-em-flagrante-por-agredir-esposa-cadeirante-em-luziania\/","title":{"rendered":"PCGO prende homem em flagrante por agredir esposa cadeirante em Luzi\u00e2nia"},"content":{"rendered":"<p style=\"text-align: justify;\"><span style=\"font-weight: 400;\"><img fetchpriority=\"high\" decoding=\"async\" class=\"size-medium wp-image-150225 alignleft\" src=\" https:\/\/goias.gov.br\/policiacivil\/wp-content\/uploads\/sites\/71\/2025\/09\/Policia-Civil-prende-homem-em-flagrante-por-agredir-esposa-cadeirante-em-Luziania-286x500.jpeg\" alt=\"Pol\u00edcia Civil prende homem em flagrante por agredir esposa cadeirante em Luzi\u00e2nia\" width=\"286\" height=\"500\" srcset=\"https:\/\/goias.gov.br\/policiacivil\/wp-content\/uploads\/sites\/71\/2025\/09\/Policia-Civil-prende-homem-em-flagrante-por-agredir-esposa-cadeirante-em-Luziania-286x500.jpeg 286w, https:\/\/goias.gov.br\/policiacivil\/wp-content\/uploads\/sites\/71\/2025\/09\/Policia-Civil-prende-homem-em-flagrante-por-agredir-esposa-cadeirante-em-Luziania-611x1068.jpeg 611w, https:\/\/goias.gov.br\/policiacivil\/wp-content\/uploads\/sites\/71\/2025\/09\/Policia-Civil-prende-homem-em-flagrante-por-agredir-esposa-cadeirante-em-Luziania.jpeg 687w\" sizes=\"(max-width: 286px) 100vw, 286px\" \/>A Pol\u00edcia Civil de Goi\u00e1s, por meio da Central Geral de Flagrantes de Luzi\u00e2nia &#8211; 5\u00aa DRP, prendeu em flagrante, no \u00faltimo domingo (07), um homem suspeito de agredir sua esposa, que \u00e9 cadeirante. <\/span><span style=\"font-weight: 400;\">A v\u00edtima conseguiu pedir ajuda por meio da filha, que compareceu \u00e0 delegacia em estado de nervosismo e medo, relatando que a m\u00e3e estaria sendo violentamente agredida pelo companheiro. <\/span><\/p>\n<p style=\"text-align: justify;\"><span style=\"font-weight: 400;\">Diante da gravidade do relato, os policiais civis se deslocaram imediatamente at\u00e9 o endere\u00e7o informado e localizaram o autor, que estava alterado e resistiu \u00e0 pris\u00e3o, afirmando que \u201cqueria ver a pol\u00edcia pegar ele\u201d e que \u201cn\u00e3o iria com a pol\u00edcia pois n\u00e3o \u00e9 bandido\u201d. Ap\u00f3s ser contido e algemado, o homem foi conduzido \u00e0 delegacia.<\/span><\/p>\n<p style=\"text-align: justify;\"><span style=\"font-weight: 400;\">Na unidade policial, foi lavrado o auto de pris\u00e3o em flagrante. O investigado responder\u00e1 pelo crime de viol\u00eancia dom\u00e9stica, no contexto da Lei Maria da Penha.<\/span><\/p>\n<p><b>PCGO: investigar para proteger<\/b><span style=\"font-weight: 400;\"> \ud83d\ude94<\/span><\/p>\n","protected":false},"excerpt":{"rendered":"<p>A Pol\u00edcia Civil de Goi\u00e1s, por meio da Central Geral de Flagrantes de Luzi\u00e2nia &#8211; 5\u00aa DRP, prendeu em flagrante, no \u00faltimo domingo (07), um homem suspeito de agredir sua esposa, que \u00e9 cadeirante. A v\u00edtima conseguiu pedir ajuda por meio da filha, que compareceu \u00e0 delegacia em estado de nervosismo e medo, relatando que [&hellip;]<\/p>\n","protected":false},"author":50,"featured_media":140721,"comment_status":"closed","ping_status":"closed","sticky":false,"template":"","format":"standard","meta":{"footnotes":""},"categories":[3192,2538,89,537],"tags":[5671,950,3600],"class_list":["post-150216","post","type-post","status-publish","format-standard","has-post-thumbnail","hentry","category-5a-regional","category-delegacias","category-regionais","category-ultimo-segundo","tag-5adrp","tag-luziania","tag-violencia-domestica"],"rttpg_featured_image_url":{"full":["https:\/\/goias.gov.br\/policiacivil\/wp-content\/uploads\/sites\/71\/2025\/02\/site-pcgo-2025-02-18t084452.863.png",1200,675,false],"landscape":["https:\/\/goias.gov.br\/policiacivil\/wp-content\/uploads\/sites\/71\/2025\/02\/site-pcgo-2025-02-18t084452.863.png",1200,675,false],"portraits":["https:\/\/goias.gov.br\/policiacivil\/wp-content\/uploads\/sites\/71\/2025\/02\/site-pcgo-2025-02-18t084452.863.png",1200,675,false],"thumbnail":["https:\/\/goias.gov.br\/policiacivil\/wp-content\/uploads\/sites\/71\/2025\/02\/site-pcgo-2025-02-18t084452.863-300x300.png",150,150,true],"medium":["https:\/\/goias.gov.br\/policiacivil\/wp-content\/uploads\/sites\/71\/2025\/02\/site-pcgo-2025-02-18t084452.863.png",300,169,false],"large":["https:\/\/goias.gov.br\/policiacivil\/wp-content\/uploads\/sites\/71\/2025\/02\/site-pcgo-2025-02-18t084452.863.png",1024,576,false],"1536x1536":["https:\/\/goias.gov.br\/policiacivil\/wp-content\/uploads\/sites\/71\/2025\/02\/site-pcgo-2025-02-18t084452.863.png",1200,675,false],"2048x2048":["https:\/\/goias.gov.br\/policiacivil\/wp-content\/uploads\/sites\/71\/2025\/02\/site-pcgo-2025-02-18t084452.863.png",1200,675,false]},"rttpg_author":{"display_name":"julianacpereira","author_link":"https:\/\/goias.gov.br\/policiacivil\/author\/julianacpereira\/"},"rttpg_comment":0,"rttpg_category":"<a href=\"https:\/\/goias.gov.br\/policiacivil\/categoria\/drp\/5a-regional\/\" rel=\"category tag\">5\u00aa Regional<\/a> <a href=\"https:\/\/goias.gov.br\/policiacivil\/categoria\/delegacias\/\" rel=\"category tag\">Delegacias<\/a> <a href=\"https:\/\/goias.gov.br\/policiacivil\/categoria\/delegacias\/regionais\/\" rel=\"category tag\">Regionais<\/a> <a href=\"https:\/\/goias.gov.br\/policiacivil\/categoria\/ultimo-segundo\/\" rel=\"category tag\">\u00daltimo Segundo<\/a>","rttpg_excerpt":"A Pol\u00edcia Civil de Goi\u00e1s, por meio da Central Geral de Flagrantes de Luzi\u00e2nia &#8211; 5\u00aa DRP, prendeu em flagrante, no \u00faltimo domingo (07), um homem suspeito de agredir sua esposa, que \u00e9 cadeirante. A v\u00edtima conseguiu pedir ajuda por meio da filha, que compareceu \u00e0 delegacia em estado de nervosismo e medo, relatando que&hellip;","_links":{"self":[{"href":"https:\/\/goias.gov.br\/policiacivil\/wp-json\/wp\/v2\/posts\/150216","targetHints":{"allow":["GET"]}}],"collection":[{"href":"https:\/\/goias.gov.br\/policiacivil\/wp-json\/wp\/v2\/posts"}],"about":[{"href":"https:\/\/goias.gov.br\/policiacivil\/wp-json\/wp\/v2\/types\/post"}],"author":[{"embeddable":true,"href":"https:\/\/goias.gov.br\/policiacivil\/wp-json\/wp\/v2\/users\/50"}],"replies":[{"embeddable":true,"href":"https:\/\/goias.gov.br\/policiacivil\/wp-json\/wp\/v2\/comments?post=150216"}],"version-history":[{"count":4,"href":"https:\/\/goias.gov.br\/policiacivil\/wp-json\/wp\/v2\/posts\/150216\/revisions"}],"predecessor-version":[{"id":150227,"href":"https:\/\/goias.gov.br\/policiacivil\/wp-json\/wp\/v2\/posts\/150216\/revisions\/150227"}],"wp:featuredmedia":[{"embeddable":true,"href":"https:\/\/goias.gov.br\/policiacivil\/wp-json\/wp\/v2\/media\/140721"}],"wp:attachment":[{"href":"https:\/\/goias.gov.br\/policiacivil\/wp-json\/wp\/v2\/media?parent=150216"}],"wp:term":[{"taxonomy":"category","embeddable":true,"href":"https:\/\/goias.gov.br\/policiacivil\/wp-json\/wp\/v2\/categories?post=150216"},{"taxonomy":"post_tag","embeddable":true,"href":"https:\/\/goias.gov.br\/policiacivil\/wp-json\/wp\/v2\/tags?post=150216"}],"curies":[{"name":"wp","href":"https:\/\/api.w.org\/{rel}","templated":true}]}}