

{"id":150169,"date":"2025-09-05T15:17:42","date_gmt":"2025-09-05T18:17:42","guid":{"rendered":" https:\/\/goias.gov.br\/policiacivil\/?p=150169"},"modified":"2025-09-05T15:17:42","modified_gmt":"2025-09-05T18:17:42","slug":"policia-civil-prende-suspeito-de-homicidio-ocorrido-em-distribuidora-de-bebidas-de-planaltina","status":"publish","type":"post","link":"https:\/\/goias.gov.br\/policiacivil\/policia-civil-prende-suspeito-de-homicidio-ocorrido-em-distribuidora-de-bebidas-de-planaltina\/","title":{"rendered":"Pol\u00edcia Civil prende suspeito de homic\u00eddio ocorrido em distribuidora de bebidas de Planaltina"},"content":{"rendered":"<p style=\"text-align: justify;\"><span style=\"font-weight: 400;\">A Pol\u00edcia Civil de Goi\u00e1s, por meio do Grupo de Investiga\u00e7\u00f5es de Homic\u00eddios (GIH) de Planaltina &#8211; 11\u00aa DRP, cumpriu, nesta sexta-feira (05), um mandado de pris\u00e3o tempor\u00e1ria contra um homem de 33 anos, investigado por crime de homic\u00eddio ocorrido em julho deste ano, em uma distribuidora de bebidas situada no Setor Norte, na cidade. <\/span><span style=\"font-weight: 400;\">Conforme apurado, o investigado j\u00e1 havia trabalhado no estabelecimento da v\u00edtima, mas teria deixado o emprego em raz\u00e3o do desempenho insatisfat\u00f3rio de suas fun\u00e7\u00f5es.<\/span><\/p>\n<p style=\"text-align: justify;\"><span style=\"font-weight: 400;\">No mesmo contexto, foi cumprido tamb\u00e9m mandado de busca e apreens\u00e3o domiciliar na resid\u00eancia do investigado, com o objetivo de coletar elementos de informa\u00e7\u00e3o que possam contribuir para a elucida\u00e7\u00e3o do caso. O investigado foi recolhido \u00e0 Unidade Prisional, onde permanecer\u00e1 \u00e0 disposi\u00e7\u00e3o do Poder Judici\u00e1rio.<\/span><\/p>\n<p><b>PCGO: investigar para proteger \ud83d\ude94<\/b><\/p>\n<p>&nbsp;<\/p>\n<p><img fetchpriority=\"high\" decoding=\"async\" class=\"alignnone size-medium wp-image-150183\" src=\" https:\/\/goias.gov.br\/policiacivil\/wp-content\/uploads\/sites\/71\/2025\/09\/Policia-Civil-prende-suspeito-de-homicidio-em-Planaltina-375x500.jpeg\" alt=\"Pol\u00edcia Civil prende suspeito de homic\u00eddio em Planaltina\" width=\"375\" height=\"500\" srcset=\"https:\/\/goias.gov.br\/policiacivil\/wp-content\/uploads\/sites\/71\/2025\/09\/Policia-Civil-prende-suspeito-de-homicidio-em-Planaltina-375x500.jpeg 375w, https:\/\/goias.gov.br\/policiacivil\/wp-content\/uploads\/sites\/71\/2025\/09\/Policia-Civil-prende-suspeito-de-homicidio-em-Planaltina-801x1068.jpeg 801w, https:\/\/goias.gov.br\/policiacivil\/wp-content\/uploads\/sites\/71\/2025\/09\/Policia-Civil-prende-suspeito-de-homicidio-em-Planaltina-768x1024.jpeg 768w, https:\/\/goias.gov.br\/policiacivil\/wp-content\/uploads\/sites\/71\/2025\/09\/Policia-Civil-prende-suspeito-de-homicidio-em-Planaltina.jpeg 900w\" sizes=\"(max-width: 375px) 100vw, 375px\" \/> <img decoding=\"async\" class=\"alignnone size-medium wp-image-150184\" src=\" https:\/\/goias.gov.br\/policiacivil\/wp-content\/uploads\/sites\/71\/2025\/09\/Policia-Civil-prende-suspeito-de-homicidio-em-Planaltina-1-375x500.jpeg\" alt=\"Pol\u00edcia Civil prende suspeito de homic\u00eddio em Planaltina\" width=\"375\" height=\"500\" srcset=\"https:\/\/goias.gov.br\/policiacivil\/wp-content\/uploads\/sites\/71\/2025\/09\/Policia-Civil-prende-suspeito-de-homicidio-em-Planaltina-1-375x500.jpeg 375w, https:\/\/goias.gov.br\/policiacivil\/wp-content\/uploads\/sites\/71\/2025\/09\/Policia-Civil-prende-suspeito-de-homicidio-em-Planaltina-1-801x1068.jpeg 801w, https:\/\/goias.gov.br\/policiacivil\/wp-content\/uploads\/sites\/71\/2025\/09\/Policia-Civil-prende-suspeito-de-homicidio-em-Planaltina-1-768x1024.jpeg 768w, https:\/\/goias.gov.br\/policiacivil\/wp-content\/uploads\/sites\/71\/2025\/09\/Policia-Civil-prende-suspeito-de-homicidio-em-Planaltina-1.jpeg 900w\" sizes=\"(max-width: 375px) 100vw, 375px\" \/><\/p>\n","protected":false},"excerpt":{"rendered":"<p>A Pol\u00edcia Civil de Goi\u00e1s, por meio do Grupo de Investiga\u00e7\u00f5es de Homic\u00eddios (GIH) de Planaltina &#8211; 11\u00aa DRP, cumpriu, nesta sexta-feira (05), um mandado de pris\u00e3o tempor\u00e1ria contra um homem de 33 anos, investigado por crime de homic\u00eddio ocorrido em julho deste ano, em uma distribuidora de bebidas situada no Setor Norte, na cidade. [&hellip;]<\/p>\n","protected":false},"author":50,"featured_media":150184,"comment_status":"closed","ping_status":"closed","sticky":false,"template":"","format":"standard","meta":{"footnotes":""},"categories":[3198,2538,89,537],"tags":[23,754],"class_list":["post-150169","post","type-post","status-publish","format-standard","has-post-thumbnail","hentry","category-11a-regional","category-delegacias","category-regionais","category-ultimo-segundo","tag-homicidio","tag-planaltina"],"rttpg_featured_image_url":{"full":["https:\/\/goias.gov.br\/policiacivil\/wp-content\/uploads\/sites\/71\/2025\/09\/Policia-Civil-prende-suspeito-de-homicidio-em-Planaltina-1.jpeg",900,1200,false],"landscape":["https:\/\/goias.gov.br\/policiacivil\/wp-content\/uploads\/sites\/71\/2025\/09\/Policia-Civil-prende-suspeito-de-homicidio-em-Planaltina-1.jpeg",900,1200,false],"portraits":["https:\/\/goias.gov.br\/policiacivil\/wp-content\/uploads\/sites\/71\/2025\/09\/Policia-Civil-prende-suspeito-de-homicidio-em-Planaltina-1.jpeg",900,1200,false],"thumbnail":["https:\/\/goias.gov.br\/policiacivil\/wp-content\/uploads\/sites\/71\/2025\/09\/Policia-Civil-prende-suspeito-de-homicidio-em-Planaltina-1-300x300.jpeg",150,150,true],"medium":["https:\/\/goias.gov.br\/policiacivil\/wp-content\/uploads\/sites\/71\/2025\/09\/Policia-Civil-prende-suspeito-de-homicidio-em-Planaltina-1-375x500.jpeg",225,300,true],"large":["https:\/\/goias.gov.br\/policiacivil\/wp-content\/uploads\/sites\/71\/2025\/09\/Policia-Civil-prende-suspeito-de-homicidio-em-Planaltina-1-801x1068.jpeg",768,1024,true],"1536x1536":["https:\/\/goias.gov.br\/policiacivil\/wp-content\/uploads\/sites\/71\/2025\/09\/Policia-Civil-prende-suspeito-de-homicidio-em-Planaltina-1.jpeg",900,1200,false],"2048x2048":["https:\/\/goias.gov.br\/policiacivil\/wp-content\/uploads\/sites\/71\/2025\/09\/Policia-Civil-prende-suspeito-de-homicidio-em-Planaltina-1.jpeg",900,1200,false]},"rttpg_author":{"display_name":"julianacpereira","author_link":"https:\/\/goias.gov.br\/policiacivil\/author\/julianacpereira\/"},"rttpg_comment":0,"rttpg_category":"<a href=\"https:\/\/goias.gov.br\/policiacivil\/categoria\/drp\/11a-regional\/\" rel=\"category tag\">11\u00aa Regional<\/a> <a href=\"https:\/\/goias.gov.br\/policiacivil\/categoria\/delegacias\/\" rel=\"category tag\">Delegacias<\/a> <a href=\"https:\/\/goias.gov.br\/policiacivil\/categoria\/delegacias\/regionais\/\" rel=\"category tag\">Regionais<\/a> <a href=\"https:\/\/goias.gov.br\/policiacivil\/categoria\/ultimo-segundo\/\" rel=\"category tag\">\u00daltimo Segundo<\/a>","rttpg_excerpt":"A Pol\u00edcia Civil de Goi\u00e1s, por meio do Grupo de Investiga\u00e7\u00f5es de Homic\u00eddios (GIH) de Planaltina &#8211; 11\u00aa DRP, cumpriu, nesta sexta-feira (05), um mandado de pris\u00e3o tempor\u00e1ria contra um homem de 33 anos, investigado por crime de homic\u00eddio ocorrido em julho deste ano, em uma distribuidora de bebidas situada no Setor Norte, na cidade.&hellip;","_links":{"self":[{"href":"https:\/\/goias.gov.br\/policiacivil\/wp-json\/wp\/v2\/posts\/150169","targetHints":{"allow":["GET"]}}],"collection":[{"href":"https:\/\/goias.gov.br\/policiacivil\/wp-json\/wp\/v2\/posts"}],"about":[{"href":"https:\/\/goias.gov.br\/policiacivil\/wp-json\/wp\/v2\/types\/post"}],"author":[{"embeddable":true,"href":"https:\/\/goias.gov.br\/policiacivil\/wp-json\/wp\/v2\/users\/50"}],"replies":[{"embeddable":true,"href":"https:\/\/goias.gov.br\/policiacivil\/wp-json\/wp\/v2\/comments?post=150169"}],"version-history":[{"count":3,"href":"https:\/\/goias.gov.br\/policiacivil\/wp-json\/wp\/v2\/posts\/150169\/revisions"}],"predecessor-version":[{"id":150186,"href":"https:\/\/goias.gov.br\/policiacivil\/wp-json\/wp\/v2\/posts\/150169\/revisions\/150186"}],"wp:featuredmedia":[{"embeddable":true,"href":"https:\/\/goias.gov.br\/policiacivil\/wp-json\/wp\/v2\/media\/150184"}],"wp:attachment":[{"href":"https:\/\/goias.gov.br\/policiacivil\/wp-json\/wp\/v2\/media?parent=150169"}],"wp:term":[{"taxonomy":"category","embeddable":true,"href":"https:\/\/goias.gov.br\/policiacivil\/wp-json\/wp\/v2\/categories?post=150169"},{"taxonomy":"post_tag","embeddable":true,"href":"https:\/\/goias.gov.br\/policiacivil\/wp-json\/wp\/v2\/tags?post=150169"}],"curies":[{"name":"wp","href":"https:\/\/api.w.org\/{rel}","templated":true}]}}