

{"id":149930,"date":"2025-09-03T08:32:39","date_gmt":"2025-09-03T11:32:39","guid":{"rendered":" https:\/\/goias.gov.br\/policiacivil\/?p=149930"},"modified":"2025-09-03T10:07:18","modified_gmt":"2025-09-03T13:07:18","slug":"pcgo-prende-investigado-em-operacao-bola-da-vez-por-emboscadas-e-ataques-violentos-a-torcedores-rivais","status":"publish","type":"post","link":"https:\/\/goias.gov.br\/policiacivil\/pcgo-prende-investigado-em-operacao-bola-da-vez-por-emboscadas-e-ataques-violentos-a-torcedores-rivais\/","title":{"rendered":"PCGO prende investigado em opera\u00e7\u00e3o \u201cBola da Vez\u201d por emboscadas e ataques violentos a torcedores rivais"},"content":{"rendered":"<p style=\"text-align: justify;\">A Pol\u00edcia Civil de Goi\u00e1s, por meio da Delegacia Estadual de Investiga\u00e7\u00f5es Criminais, via Grupo Especial de Prote\u00e7\u00e3o ao Torcedor (Deic\/Geprot), deflagrou na tarde desta ter\u00e7a-feira (2), no Setor Santa Helena, em Goi\u00e2nia\/GO, a Opera\u00e7\u00e3o \u201cBola da Vez\u201d, destinada ao combate a crimes praticados por integrantes da torcida organizada Esquadr\u00e3o Vilanovense, em especial do grupo autointitulado \u201c13\u00ba Comando\u201d.<\/p>\n<p style=\"text-align: justify;\">Ap\u00f3s a troca de informa\u00e7\u00f5es entre o Batalh\u00e3o Especializado de Policiamento em Eventos (Bepe) e o Geprot, as investiga\u00e7\u00f5es identificaram como principais alvos Jorge Luis Oliveira Pinto, vulgo \u201cCara de Cavalo\u201d, preso na a\u00e7\u00e3o, e Anderson Matheus Batista, vulgo \u201cMucilon\u201d, que encontra-se foragido. Ambos s\u00e3o apontados como l\u00edderes na pr\u00e1tica de emboscadas e ataques violentos contra torcedores rivais.<\/p>\n<p style=\"text-align: justify;\">Um dos epis\u00f3dios mais graves atribu\u00eddos ao grupo ocorreu em 19 de julho de 2025, na Pra\u00e7a Jeriv\u00e1, Setor Santa Helena, quando, portando arma de fogo, os criminosos atacaram membros da torcida For\u00e7a Jovem e torcedores do Goi\u00e1s Esporte Clube que retornavam de uma partida pela S\u00e9rie B do Campeonato Brasileiro. Na ocasi\u00e3o, o grupo danificou ve\u00edculo automotor e efetuou disparos de arma de fogo, com o claro prop\u00f3sito de intimidar e aterrorizar os torcedores advers\u00e1rios.<\/p>\n<p style=\"text-align: justify;\">Na opera\u00e7\u00e3o foram cumpridos mandados de pris\u00e3o e busca e apreens\u00e3o, que resultaram na captura de Jorge Luis Oliveira Pinto. Nos locais vistoriados, foram apreendidas expressiva quantidade de maconha, muni\u00e7\u00f5es de calibre .38, aparelhos celulares e materiais ligados \u00e0 torcida organizada.<\/p>\n<p style=\"text-align: justify;\">O investigado Anderson Matheus Batista, tamb\u00e9m alvo da opera\u00e7\u00e3o, n\u00e3o foi localizado e permanece foragido.<\/p>\n<p style=\"text-align: justify;\">A divulga\u00e7\u00e3o das imagens e da identifica\u00e7\u00e3o dos presos ocorreu em conformidade com a Lei n.\u00ba 13.869\/2019, com a Portaria n.\u00ba 547\/2021\/DGPC e mediante despacho da autoridade policial respons\u00e1vel, fundamentado na possibilidade concreta de identifica\u00e7\u00e3o de novas v\u00edtimas.<\/p>\n<div id='gallery-1' class='gallery galleryid-149930 gallery-columns-3 gallery-size-thumbnail'><figure class='gallery-item'>\n\t\t\t<div class='gallery-icon landscape'>\n\t\t\t\t<a href='https:\/\/goias.gov.br\/policiacivil\/pcgo-prende-investigado-em-operacao-bola-da-vez-por-emboscadas-e-ataques-violentos-a-torcedores-rivais\/pcgo-prende-investigado-em-operacao-bola-da-vez-por-emboscadas-e-ataques-violentos-a-torcedores-rivais-4\/'><img decoding=\"async\" width=\"150\" height=\"150\" src=\"https:\/\/goias.gov.br\/policiacivil\/wp-content\/uploads\/sites\/71\/2025\/09\/PCGO-prende-investigado-em-operacao-Bola-da-Vez-por-emboscadas-e-ataques-violentos-a-torcedores-rivais-3-300x300.jpeg\" class=\"attachment-thumbnail size-thumbnail\" alt=\"PCGO prende investigado em opera\u00e7\u00e3o \u201cBola da Vez\u201d por emboscadas e ataques violentos a torcedores rivais\" \/><\/a>\n\t\t\t<\/div><\/figure><figure class='gallery-item'>\n\t\t\t<div class='gallery-icon landscape'>\n\t\t\t\t<a href='https:\/\/goias.gov.br\/policiacivil\/pcgo-prende-investigado-em-operacao-bola-da-vez-por-emboscadas-e-ataques-violentos-a-torcedores-rivais\/pcgo-prende-investigado-em-operacao-bola-da-vez-por-emboscadas-e-ataques-violentos-a-torcedores-rivais-3\/'><img decoding=\"async\" width=\"150\" height=\"150\" src=\"https:\/\/goias.gov.br\/policiacivil\/wp-content\/uploads\/sites\/71\/2025\/09\/PCGO-prende-investigado-em-operacao-Bola-da-Vez-por-emboscadas-e-ataques-violentos-a-torcedores-rivais-2-300x300.jpeg\" class=\"attachment-thumbnail size-thumbnail\" alt=\"PCGO prende investigado em opera\u00e7\u00e3o \u201cBola da Vez\u201d por emboscadas e ataques violentos a torcedores rivais\" \/><\/a>\n\t\t\t<\/div><\/figure><figure class='gallery-item'>\n\t\t\t<div class='gallery-icon portrait'>\n\t\t\t\t<a href='https:\/\/goias.gov.br\/policiacivil\/pcgo-prende-investigado-em-operacao-bola-da-vez-por-emboscadas-e-ataques-violentos-a-torcedores-rivais\/pcgo-prende-investigado-em-operacao-bola-da-vez-por-emboscadas-e-ataques-violentos-a-torcedores-rivais-2\/'><img decoding=\"async\" width=\"150\" height=\"150\" src=\"https:\/\/goias.gov.br\/policiacivil\/wp-content\/uploads\/sites\/71\/2025\/09\/PCGO-prende-investigado-em-operacao-Bola-da-Vez-por-emboscadas-e-ataques-violentos-a-torcedores-rivais-1-300x300.jpeg\" class=\"attachment-thumbnail size-thumbnail\" alt=\"PCGO prende investigado em opera\u00e7\u00e3o \u201cBola da Vez\u201d por emboscadas e ataques violentos a torcedores rivais\" \/><\/a>\n\t\t\t<\/div><\/figure><figure class='gallery-item'>\n\t\t\t<div class='gallery-icon portrait'>\n\t\t\t\t<a href='https:\/\/goias.gov.br\/policiacivil\/pcgo-prende-investigado-em-operacao-bola-da-vez-por-emboscadas-e-ataques-violentos-a-torcedores-rivais\/pcgo-prende-investigado-em-operacao-bola-da-vez-por-emboscadas-e-ataques-violentos-a-torcedores-rivais\/'><img loading=\"lazy\" decoding=\"async\" width=\"150\" height=\"150\" src=\"https:\/\/goias.gov.br\/policiacivil\/wp-content\/uploads\/sites\/71\/2025\/09\/PCGO-prende-investigado-em-operacao-Bola-da-Vez-por-emboscadas-e-ataques-violentos-a-torcedores-rivais-300x300.jpeg\" class=\"attachment-thumbnail size-thumbnail\" alt=\"PCGO prende investigado em opera\u00e7\u00e3o \u201cBola da Vez\u201d por emboscadas e ataques violentos a torcedores rivais\" \/><\/a>\n\t\t\t<\/div><\/figure>\n\t\t<\/div>\n\n","protected":false},"excerpt":{"rendered":"<p>A Pol\u00edcia Civil de Goi\u00e1s, por meio da Delegacia Estadual de Investiga\u00e7\u00f5es Criminais, via Grupo Especial de Prote\u00e7\u00e3o ao Torcedor (Deic\/Geprot), deflagrou na tarde desta ter\u00e7a-feira (2), no Setor Santa Helena, em Goi\u00e2nia\/GO, a Opera\u00e7\u00e3o \u201cBola da Vez\u201d, destinada ao combate a crimes praticados por integrantes da torcida organizada Esquadr\u00e3o Vilanovense, em especial do grupo [&hellip;]<\/p>\n","protected":false},"author":42,"featured_media":149935,"comment_status":"closed","ping_status":"closed","sticky":false,"template":"","format":"standard","meta":{"footnotes":""},"categories":[2538,92,6069],"tags":[],"class_list":["post-149930","post","type-post","status-publish","format-standard","has-post-thumbnail","hentry","category-delegacias","category-especializadas","category-noticias-da-policia-civil"],"rttpg_featured_image_url":{"full":["https:\/\/goias.gov.br\/policiacivil\/wp-content\/uploads\/sites\/71\/2025\/09\/PCGO-prende-investigado-em-operacao-Bola-da-Vez-por-emboscadas-e-ataques-violentos-a-torcedores-rivais.png",1200,675,false],"landscape":["https:\/\/goias.gov.br\/policiacivil\/wp-content\/uploads\/sites\/71\/2025\/09\/PCGO-prende-investigado-em-operacao-Bola-da-Vez-por-emboscadas-e-ataques-violentos-a-torcedores-rivais.png",1200,675,false],"portraits":["https:\/\/goias.gov.br\/policiacivil\/wp-content\/uploads\/sites\/71\/2025\/09\/PCGO-prende-investigado-em-operacao-Bola-da-Vez-por-emboscadas-e-ataques-violentos-a-torcedores-rivais.png",1200,675,false],"thumbnail":["https:\/\/goias.gov.br\/policiacivil\/wp-content\/uploads\/sites\/71\/2025\/09\/PCGO-prende-investigado-em-operacao-Bola-da-Vez-por-emboscadas-e-ataques-violentos-a-torcedores-rivais-300x300.png",150,150,true],"medium":["https:\/\/goias.gov.br\/policiacivil\/wp-content\/uploads\/sites\/71\/2025\/09\/PCGO-prende-investigado-em-operacao-Bola-da-Vez-por-emboscadas-e-ataques-violentos-a-torcedores-rivais-500x281.png",300,169,true],"large":["https:\/\/goias.gov.br\/policiacivil\/wp-content\/uploads\/sites\/71\/2025\/09\/PCGO-prende-investigado-em-operacao-Bola-da-Vez-por-emboscadas-e-ataques-violentos-a-torcedores-rivais-1068x601.png",1024,576,true],"1536x1536":["https:\/\/goias.gov.br\/policiacivil\/wp-content\/uploads\/sites\/71\/2025\/09\/PCGO-prende-investigado-em-operacao-Bola-da-Vez-por-emboscadas-e-ataques-violentos-a-torcedores-rivais.png",1200,675,false],"2048x2048":["https:\/\/goias.gov.br\/policiacivil\/wp-content\/uploads\/sites\/71\/2025\/09\/PCGO-prende-investigado-em-operacao-Bola-da-Vez-por-emboscadas-e-ataques-violentos-a-torcedores-rivais.png",1200,675,false]},"rttpg_author":{"display_name":"carolinalima","author_link":"https:\/\/goias.gov.br\/policiacivil\/author\/carolinalima\/"},"rttpg_comment":0,"rttpg_category":"<a href=\"https:\/\/goias.gov.br\/policiacivil\/categoria\/delegacias\/\" rel=\"category tag\">Delegacias<\/a> <a href=\"https:\/\/goias.gov.br\/policiacivil\/categoria\/delegacias\/especializadas\/\" rel=\"category tag\">Especializadas<\/a> <a href=\"https:\/\/goias.gov.br\/policiacivil\/categoria\/noticias\/noticias-da-policia-civil\/\" rel=\"category tag\">Not\u00edcias da Pol\u00edcia Civil<\/a>","rttpg_excerpt":"A Pol\u00edcia Civil de Goi\u00e1s, por meio da Delegacia Estadual de Investiga\u00e7\u00f5es Criminais, via Grupo Especial de Prote\u00e7\u00e3o ao Torcedor (Deic\/Geprot), deflagrou na tarde desta ter\u00e7a-feira (2), no Setor Santa Helena, em Goi\u00e2nia\/GO, a Opera\u00e7\u00e3o \u201cBola da Vez\u201d, destinada ao combate a crimes praticados por integrantes da torcida organizada Esquadr\u00e3o Vilanovense, em especial do grupo&hellip;","_links":{"self":[{"href":"https:\/\/goias.gov.br\/policiacivil\/wp-json\/wp\/v2\/posts\/149930","targetHints":{"allow":["GET"]}}],"collection":[{"href":"https:\/\/goias.gov.br\/policiacivil\/wp-json\/wp\/v2\/posts"}],"about":[{"href":"https:\/\/goias.gov.br\/policiacivil\/wp-json\/wp\/v2\/types\/post"}],"author":[{"embeddable":true,"href":"https:\/\/goias.gov.br\/policiacivil\/wp-json\/wp\/v2\/users\/42"}],"replies":[{"embeddable":true,"href":"https:\/\/goias.gov.br\/policiacivil\/wp-json\/wp\/v2\/comments?post=149930"}],"version-history":[{"count":2,"href":"https:\/\/goias.gov.br\/policiacivil\/wp-json\/wp\/v2\/posts\/149930\/revisions"}],"predecessor-version":[{"id":149940,"href":"https:\/\/goias.gov.br\/policiacivil\/wp-json\/wp\/v2\/posts\/149930\/revisions\/149940"}],"wp:featuredmedia":[{"embeddable":true,"href":"https:\/\/goias.gov.br\/policiacivil\/wp-json\/wp\/v2\/media\/149935"}],"wp:attachment":[{"href":"https:\/\/goias.gov.br\/policiacivil\/wp-json\/wp\/v2\/media?parent=149930"}],"wp:term":[{"taxonomy":"category","embeddable":true,"href":"https:\/\/goias.gov.br\/policiacivil\/wp-json\/wp\/v2\/categories?post=149930"},{"taxonomy":"post_tag","embeddable":true,"href":"https:\/\/goias.gov.br\/policiacivil\/wp-json\/wp\/v2\/tags?post=149930"}],"curies":[{"name":"wp","href":"https:\/\/api.w.org\/{rel}","templated":true}]}}