

{"id":149670,"date":"2025-08-28T14:53:29","date_gmt":"2025-08-28T17:53:29","guid":{"rendered":" https:\/\/goias.gov.br\/policiacivil\/?p=149670"},"modified":"2025-08-28T15:17:26","modified_gmt":"2025-08-28T18:17:26","slug":"pcgo-prende-homem-por-tentativa-de-homicidio-qualificado-em-senador-canedo","status":"publish","type":"post","link":"https:\/\/goias.gov.br\/policiacivil\/pcgo-prende-homem-por-tentativa-de-homicidio-qualificado-em-senador-canedo\/","title":{"rendered":"PCGO prende homem por tentativa de homic\u00eddio qualificado em Senador Canedo"},"content":{"rendered":"<p style=\"text-align: justify;\"><span style=\"font-weight: 400;\">A Pol\u00edcia Civil de Goi\u00e1s, por meio do Grupo Especial de Investiga\u00e7\u00e3o de Homic\u00eddios (GIH) de Senador Canedo &#8211; 2\u00aaDRP, cumpriu, na manh\u00e3 desta quinta-feira (28), um mandado de pris\u00e3o preventiva contra um autor de tentativa de homic\u00eddio duplamente qualificado contra um homem de 37 anos. <\/span><span style=\"font-weight: 400;\">O crime aconteceu no dia 17 de agosto de 2025, em frente a um pesque-pague localizado pr\u00f3ximo \u00e0 resid\u00eancia da fam\u00edlia da v\u00edtima, em Senador Canedo. Segundo as investiga\u00e7\u00f5es, o autor desferiu dois golpes de faca pelas costas contra seu primo em primeiro grau, sendo que o segundo golpe perfurou o pulm\u00e3o da v\u00edtima, causando les\u00f5es graves com risco de morte.\u00a0<\/span><\/p>\n<p style=\"text-align: justify;\"><span style=\"font-weight: 400;\">As investiga\u00e7\u00f5es revelaram que o crime foi motivado por acusa\u00e7\u00f5es infundadas sobre o furto do aparelho celular da m\u00e3e do autor. Nos dias que antecederam o ataque, o suspeito havia enviado amea\u00e7as via WhatsApp contra a v\u00edtima, afirmando ser ele o autor do furto do celular. <\/span><span style=\"font-weight: 400;\">Testemunhas relataram que, no dia do crime, o autor passou o dia consumindo bebidas alco\u00f3licas no local e, quando a v\u00edtima se dirigiu pacificamente para esclarecer que n\u00e3o havia cometido o furto mencionado, foi agredida de forma covarde e sorrateira. Os golpes de faca foram desferidos pelas costas, em momentos em que a v\u00edtima estava vulner\u00e1vel e impossibilitada de se defender.<\/span><\/p>\n<p style=\"text-align: justify;\"><span style=\"font-weight: 400;\">A gravidade das les\u00f5es \u00e9 comprovada pelos relat\u00f3rios m\u00e9dicos que atestam perfura\u00e7\u00e3o pulmonar, no hemot\u00f3rax direito, com necessidade de drenagem tor\u00e1cica e estado grave com risco de morte. <\/span><span style=\"font-weight: 400;\">Ap\u00f3s o crime, o investigado fugiu do local, mas retornou posteriormente acompanhado de outros homens, proferindo amea\u00e7as de morte contra a v\u00edtima e seus familiares. Durante a madrugada seguinte, foram cortados os fios das c\u00e2meras de vigil\u00e2ncia da resid\u00eancia da fam\u00edlia, em clara tentativa de destruir provas.<\/span><\/p>\n<p style=\"text-align: justify;\"><span style=\"font-weight: 400;\">O suspeito foi identificado por m\u00faltiplas testemunhas que presenciaram o crime, inclusive com registro parcial em v\u00eddeo. A autoridade policial representou pela decreta\u00e7\u00e3o da pris\u00e3o preventiva com base na gravidade do delito, nas qualificadoras de motivo f\u00fatil e meio que dificultou a defesa, bem como na necessidade de garantir a ordem p\u00fablica e a instru\u00e7\u00e3o criminal diante das amea\u00e7as continuadas e tentativa de destrui\u00e7\u00e3o de provas. <\/span><span style=\"font-weight: 400;\">O preso foi encaminhado \u00e0 Unidade Prisional de Senador Canedo, onde permanecer\u00e1 \u00e0 disposi\u00e7\u00e3o do Poder Judici\u00e1rio para os procedimentos legais cab\u00edveis.<\/span><\/p>\n<p><span style=\"font-weight: 400;\">PCGO: investigar para proteger \ud83d\ude94<\/span><\/p>\n<p>&nbsp;<\/p>\n<p><img fetchpriority=\"high\" decoding=\"async\" class=\"alignnone size-medium wp-image-149689\" src=\" https:\/\/goias.gov.br\/policiacivil\/wp-content\/uploads\/sites\/71\/2025\/08\/PCGO-prende-homem-por-tentativa-de-homicidio-qualificado-em-Senador-Canedo-400x500.jpg\" alt=\"PCGO prende homem por tentativa de homic\u00eddio qualificado em Senador Canedo\" width=\"400\" height=\"500\" srcset=\"https:\/\/goias.gov.br\/policiacivil\/wp-content\/uploads\/sites\/71\/2025\/08\/PCGO-prende-homem-por-tentativa-de-homicidio-qualificado-em-Senador-Canedo-400x500.jpg 400w, https:\/\/goias.gov.br\/policiacivil\/wp-content\/uploads\/sites\/71\/2025\/08\/PCGO-prende-homem-por-tentativa-de-homicidio-qualificado-em-Senador-Canedo-854x1068.jpg 854w, https:\/\/goias.gov.br\/policiacivil\/wp-content\/uploads\/sites\/71\/2025\/08\/PCGO-prende-homem-por-tentativa-de-homicidio-qualificado-em-Senador-Canedo-768x960.jpg 768w, https:\/\/goias.gov.br\/policiacivil\/wp-content\/uploads\/sites\/71\/2025\/08\/PCGO-prende-homem-por-tentativa-de-homicidio-qualificado-em-Senador-Canedo.jpg 960w\" sizes=\"(max-width: 400px) 100vw, 400px\" \/><\/p>\n","protected":false},"excerpt":{"rendered":"<p>A Pol\u00edcia Civil de Goi\u00e1s, por meio do Grupo Especial de Investiga\u00e7\u00e3o de Homic\u00eddios (GIH) de Senador Canedo &#8211; 2\u00aaDRP, cumpriu, na manh\u00e3 desta quinta-feira (28), um mandado de pris\u00e3o preventiva contra um autor de tentativa de homic\u00eddio duplamente qualificado contra um homem de 37 anos. O crime aconteceu no dia 17 de agosto de [&hellip;]<\/p>\n","protected":false},"author":50,"featured_media":140656,"comment_status":"closed","ping_status":"closed","sticky":false,"template":"","format":"standard","meta":{"footnotes":""},"categories":[3189,2538,89,537],"tags":[2561,1241,11216],"class_list":["post-149670","post","type-post","status-publish","format-standard","has-post-thumbnail","hentry","category-2a-regional","category-delegacias","category-regionais","category-ultimo-segundo","tag-2adrp","tag-senador-canedo","tag-tentativa-de-homicidio-duplamente-qualificado"],"rttpg_featured_image_url":{"full":["https:\/\/goias.gov.br\/policiacivil\/wp-content\/uploads\/sites\/71\/2025\/02\/site-pcgo-2025-02-13t124734.867.png",1200,675,false],"landscape":["https:\/\/goias.gov.br\/policiacivil\/wp-content\/uploads\/sites\/71\/2025\/02\/site-pcgo-2025-02-13t124734.867.png",1200,675,false],"portraits":["https:\/\/goias.gov.br\/policiacivil\/wp-content\/uploads\/sites\/71\/2025\/02\/site-pcgo-2025-02-13t124734.867.png",1200,675,false],"thumbnail":["https:\/\/goias.gov.br\/policiacivil\/wp-content\/uploads\/sites\/71\/2025\/02\/site-pcgo-2025-02-13t124734.867-300x300.png",150,150,true],"medium":["https:\/\/goias.gov.br\/policiacivil\/wp-content\/uploads\/sites\/71\/2025\/02\/site-pcgo-2025-02-13t124734.867.png",300,169,false],"large":["https:\/\/goias.gov.br\/policiacivil\/wp-content\/uploads\/sites\/71\/2025\/02\/site-pcgo-2025-02-13t124734.867.png",1024,576,false],"1536x1536":["https:\/\/goias.gov.br\/policiacivil\/wp-content\/uploads\/sites\/71\/2025\/02\/site-pcgo-2025-02-13t124734.867.png",1200,675,false],"2048x2048":["https:\/\/goias.gov.br\/policiacivil\/wp-content\/uploads\/sites\/71\/2025\/02\/site-pcgo-2025-02-13t124734.867.png",1200,675,false]},"rttpg_author":{"display_name":"julianacpereira","author_link":"https:\/\/goias.gov.br\/policiacivil\/author\/julianacpereira\/"},"rttpg_comment":0,"rttpg_category":"<a href=\"https:\/\/goias.gov.br\/policiacivil\/categoria\/drp\/2a-regional\/\" rel=\"category tag\">2\u00aa Regional<\/a> <a href=\"https:\/\/goias.gov.br\/policiacivil\/categoria\/delegacias\/\" rel=\"category tag\">Delegacias<\/a> <a href=\"https:\/\/goias.gov.br\/policiacivil\/categoria\/delegacias\/regionais\/\" rel=\"category tag\">Regionais<\/a> <a href=\"https:\/\/goias.gov.br\/policiacivil\/categoria\/ultimo-segundo\/\" rel=\"category tag\">\u00daltimo Segundo<\/a>","rttpg_excerpt":"A Pol\u00edcia Civil de Goi\u00e1s, por meio do Grupo Especial de Investiga\u00e7\u00e3o de Homic\u00eddios (GIH) de Senador Canedo &#8211; 2\u00aaDRP, cumpriu, na manh\u00e3 desta quinta-feira (28), um mandado de pris\u00e3o preventiva contra um autor de tentativa de homic\u00eddio duplamente qualificado contra um homem de 37 anos. O crime aconteceu no dia 17 de agosto de&hellip;","_links":{"self":[{"href":"https:\/\/goias.gov.br\/policiacivil\/wp-json\/wp\/v2\/posts\/149670","targetHints":{"allow":["GET"]}}],"collection":[{"href":"https:\/\/goias.gov.br\/policiacivil\/wp-json\/wp\/v2\/posts"}],"about":[{"href":"https:\/\/goias.gov.br\/policiacivil\/wp-json\/wp\/v2\/types\/post"}],"author":[{"embeddable":true,"href":"https:\/\/goias.gov.br\/policiacivil\/wp-json\/wp\/v2\/users\/50"}],"replies":[{"embeddable":true,"href":"https:\/\/goias.gov.br\/policiacivil\/wp-json\/wp\/v2\/comments?post=149670"}],"version-history":[{"count":4,"href":"https:\/\/goias.gov.br\/policiacivil\/wp-json\/wp\/v2\/posts\/149670\/revisions"}],"predecessor-version":[{"id":149690,"href":"https:\/\/goias.gov.br\/policiacivil\/wp-json\/wp\/v2\/posts\/149670\/revisions\/149690"}],"wp:featuredmedia":[{"embeddable":true,"href":"https:\/\/goias.gov.br\/policiacivil\/wp-json\/wp\/v2\/media\/140656"}],"wp:attachment":[{"href":"https:\/\/goias.gov.br\/policiacivil\/wp-json\/wp\/v2\/media?parent=149670"}],"wp:term":[{"taxonomy":"category","embeddable":true,"href":"https:\/\/goias.gov.br\/policiacivil\/wp-json\/wp\/v2\/categories?post=149670"},{"taxonomy":"post_tag","embeddable":true,"href":"https:\/\/goias.gov.br\/policiacivil\/wp-json\/wp\/v2\/tags?post=149670"}],"curies":[{"name":"wp","href":"https:\/\/api.w.org\/{rel}","templated":true}]}}