

{"id":149401,"date":"2025-08-25T11:01:03","date_gmt":"2025-08-25T14:01:03","guid":{"rendered":" https:\/\/goias.gov.br\/policiacivil\/?p=149401"},"modified":"2025-08-25T11:01:03","modified_gmt":"2025-08-25T14:01:03","slug":"policia-civil-prende-motorista-em-flagrante-por-dirigir-embriagado-e-colidir-com-caminhao-em-jatai","status":"publish","type":"post","link":"https:\/\/goias.gov.br\/policiacivil\/policia-civil-prende-motorista-em-flagrante-por-dirigir-embriagado-e-colidir-com-caminhao-em-jatai\/","title":{"rendered":"Pol\u00edcia Civil prende motorista em flagrante por dirigir embriagado e colidir com caminh\u00e3o, em Jata\u00ed"},"content":{"rendered":"<p style=\"text-align: justify;\">A Pol\u00edcia Civil de Goi\u00e1s, por meio da equipe de plant\u00e3o de Jata\u00ed &#8211; 14\u00aa DRP, foi acionada na madrugada deste domingo (24) e se deslocou at\u00e9 o Setor Central, para atender a uma ocorr\u00eancia de acidente de tr\u00e2nsito.<\/p>\n<p>No local, foi constatado que um ve\u00edculo Fiat P\u00e1lio havia colidido lateralmente contra um caminh\u00e3o estacionado. Durante a verifica\u00e7\u00e3o, os policiais identificaram que o condutor apresentava sinais vis\u00edveis de embriaguez, al\u00e9m de haver uma lata de cerveja no interior do autom\u00f3vel.<\/p>\n<p>Submetido ao teste de alcoolemia, o resultado foi positivo para ingest\u00e3o de bebida alco\u00f3lica. Diante dos fatos, o motorista foi preso em flagrante por conduzir ve\u00edculo com a capacidade psicomotora alterada em raz\u00e3o da influ\u00eancia de \u00e1lcool.<\/p>\n<p>A Pol\u00edcia Civil refor\u00e7a que dirigir sob efeito de \u00e1lcool ou drogas coloca vidas em risco e \u00e9 crime!<\/p>\n<p>&nbsp;<\/p>\n<div id='gallery-1' class='gallery galleryid-149401 gallery-columns-3 gallery-size-thumbnail'><figure class='gallery-item'>\n\t\t\t<div class='gallery-icon portrait'>\n\t\t\t\t<a href='https:\/\/goias.gov.br\/policiacivil\/wp-content\/uploads\/sites\/71\/2025\/08\/Policia-Civil-prende-motorista-em-flagrante-por-dirigir-embriagado-e-colidir-com-caminhao-em-Jatai.jpg'><img decoding=\"async\" width=\"150\" height=\"150\" src=\"https:\/\/goias.gov.br\/policiacivil\/wp-content\/uploads\/sites\/71\/2025\/08\/Policia-Civil-prende-motorista-em-flagrante-por-dirigir-embriagado-e-colidir-com-caminhao-em-Jatai-300x300.jpg\" class=\"attachment-thumbnail size-thumbnail\" alt=\"Pol\u00edcia Civil prende motorista em flagrante por dirigir embriagado e colidir com caminh\u00e3o, em Jata\u00ed\" \/><\/a>\n\t\t\t<\/div><\/figure><figure class='gallery-item'>\n\t\t\t<div class='gallery-icon portrait'>\n\t\t\t\t<a href='https:\/\/goias.gov.br\/policiacivil\/wp-content\/uploads\/sites\/71\/2025\/08\/Policia-Civil-prende-motorista-em-flagrante-por-dirigir-embriagado-e-colidir-com-caminhao-em-Jatai.jpeg'><img decoding=\"async\" width=\"150\" height=\"150\" src=\"https:\/\/goias.gov.br\/policiacivil\/wp-content\/uploads\/sites\/71\/2025\/08\/Policia-Civil-prende-motorista-em-flagrante-por-dirigir-embriagado-e-colidir-com-caminhao-em-Jatai-300x300.jpeg\" class=\"attachment-thumbnail size-thumbnail\" alt=\"Pol\u00edcia Civil prende motorista em flagrante por dirigir embriagado e colidir com caminh\u00e3o, em Jata\u00ed\" \/><\/a>\n\t\t\t<\/div><\/figure><figure class='gallery-item'>\n\t\t\t<div class='gallery-icon portrait'>\n\t\t\t\t<a href='https:\/\/goias.gov.br\/policiacivil\/wp-content\/uploads\/sites\/71\/2025\/08\/Policia-Civil-prende-motorista-em-flagrante-por-dirigir-embriagado-e-colidir-com-caminhao-em-Jatai-1.jpeg'><img decoding=\"async\" width=\"150\" height=\"150\" src=\"https:\/\/goias.gov.br\/policiacivil\/wp-content\/uploads\/sites\/71\/2025\/08\/Policia-Civil-prende-motorista-em-flagrante-por-dirigir-embriagado-e-colidir-com-caminhao-em-Jatai-1-300x300.jpeg\" class=\"attachment-thumbnail size-thumbnail\" alt=\"Pol\u00edcia Civil prende motorista em flagrante por dirigir embriagado e colidir com caminh\u00e3o, em Jata\u00ed\" \/><\/a>\n\t\t\t<\/div><\/figure>\n\t\t<\/div>\n\n","protected":false},"excerpt":{"rendered":"<p>A Pol\u00edcia Civil de Goi\u00e1s, por meio da equipe de plant\u00e3o de Jata\u00ed &#8211; 14\u00aa DRP, foi acionada na madrugada deste domingo (24) e se deslocou at\u00e9 o Setor Central, para atender a uma ocorr\u00eancia de acidente de tr\u00e2nsito. No local, foi constatado que um ve\u00edculo Fiat P\u00e1lio havia colidido lateralmente contra um caminh\u00e3o estacionado. [&hellip;]<\/p>\n","protected":false},"author":34,"featured_media":149402,"comment_status":"closed","ping_status":"closed","sticky":false,"template":"","format":"standard","meta":{"footnotes":""},"categories":[3201,2538,89,537],"tags":[1862,382],"class_list":["post-149401","post","type-post","status-publish","format-standard","has-post-thumbnail","hentry","category-14a-regional","category-delegacias","category-regionais","category-ultimo-segundo","tag-acidente","tag-jatai"],"rttpg_featured_image_url":{"full":["https:\/\/goias.gov.br\/policiacivil\/wp-content\/uploads\/sites\/71\/2025\/08\/Policia-Civil-prende-motorista-em-flagrante-por-dirigir-embriagado-e-colidir-com-caminhao-em-Jatai.jpg",960,1200,false],"landscape":["https:\/\/goias.gov.br\/policiacivil\/wp-content\/uploads\/sites\/71\/2025\/08\/Policia-Civil-prende-motorista-em-flagrante-por-dirigir-embriagado-e-colidir-com-caminhao-em-Jatai.jpg",960,1200,false],"portraits":["https:\/\/goias.gov.br\/policiacivil\/wp-content\/uploads\/sites\/71\/2025\/08\/Policia-Civil-prende-motorista-em-flagrante-por-dirigir-embriagado-e-colidir-com-caminhao-em-Jatai.jpg",960,1200,false],"thumbnail":["https:\/\/goias.gov.br\/policiacivil\/wp-content\/uploads\/sites\/71\/2025\/08\/Policia-Civil-prende-motorista-em-flagrante-por-dirigir-embriagado-e-colidir-com-caminhao-em-Jatai-300x300.jpg",150,150,true],"medium":["https:\/\/goias.gov.br\/policiacivil\/wp-content\/uploads\/sites\/71\/2025\/08\/Policia-Civil-prende-motorista-em-flagrante-por-dirigir-embriagado-e-colidir-com-caminhao-em-Jatai-400x500.jpg",240,300,true],"large":["https:\/\/goias.gov.br\/policiacivil\/wp-content\/uploads\/sites\/71\/2025\/08\/Policia-Civil-prende-motorista-em-flagrante-por-dirigir-embriagado-e-colidir-com-caminhao-em-Jatai-854x1068.jpg",819,1024,true],"1536x1536":["https:\/\/goias.gov.br\/policiacivil\/wp-content\/uploads\/sites\/71\/2025\/08\/Policia-Civil-prende-motorista-em-flagrante-por-dirigir-embriagado-e-colidir-com-caminhao-em-Jatai.jpg",960,1200,false],"2048x2048":["https:\/\/goias.gov.br\/policiacivil\/wp-content\/uploads\/sites\/71\/2025\/08\/Policia-Civil-prende-motorista-em-flagrante-por-dirigir-embriagado-e-colidir-com-caminhao-em-Jatai.jpg",960,1200,false]},"rttpg_author":{"display_name":"celsoassis","author_link":"https:\/\/goias.gov.br\/policiacivil\/author\/celsoassis\/"},"rttpg_comment":0,"rttpg_category":"<a href=\"https:\/\/goias.gov.br\/policiacivil\/categoria\/drp\/14a-regional\/\" rel=\"category tag\">14\u00aa Regional<\/a> <a href=\"https:\/\/goias.gov.br\/policiacivil\/categoria\/delegacias\/\" rel=\"category tag\">Delegacias<\/a> <a href=\"https:\/\/goias.gov.br\/policiacivil\/categoria\/delegacias\/regionais\/\" rel=\"category tag\">Regionais<\/a> <a href=\"https:\/\/goias.gov.br\/policiacivil\/categoria\/ultimo-segundo\/\" rel=\"category tag\">\u00daltimo Segundo<\/a>","rttpg_excerpt":"A Pol\u00edcia Civil de Goi\u00e1s, por meio da equipe de plant\u00e3o de Jata\u00ed &#8211; 14\u00aa DRP, foi acionada na madrugada deste domingo (24) e se deslocou at\u00e9 o Setor Central, para atender a uma ocorr\u00eancia de acidente de tr\u00e2nsito. No local, foi constatado que um ve\u00edculo Fiat P\u00e1lio havia colidido lateralmente contra um caminh\u00e3o estacionado.&hellip;","_links":{"self":[{"href":"https:\/\/goias.gov.br\/policiacivil\/wp-json\/wp\/v2\/posts\/149401","targetHints":{"allow":["GET"]}}],"collection":[{"href":"https:\/\/goias.gov.br\/policiacivil\/wp-json\/wp\/v2\/posts"}],"about":[{"href":"https:\/\/goias.gov.br\/policiacivil\/wp-json\/wp\/v2\/types\/post"}],"author":[{"embeddable":true,"href":"https:\/\/goias.gov.br\/policiacivil\/wp-json\/wp\/v2\/users\/34"}],"replies":[{"embeddable":true,"href":"https:\/\/goias.gov.br\/policiacivil\/wp-json\/wp\/v2\/comments?post=149401"}],"version-history":[{"count":1,"href":"https:\/\/goias.gov.br\/policiacivil\/wp-json\/wp\/v2\/posts\/149401\/revisions"}],"predecessor-version":[{"id":149405,"href":"https:\/\/goias.gov.br\/policiacivil\/wp-json\/wp\/v2\/posts\/149401\/revisions\/149405"}],"wp:featuredmedia":[{"embeddable":true,"href":"https:\/\/goias.gov.br\/policiacivil\/wp-json\/wp\/v2\/media\/149402"}],"wp:attachment":[{"href":"https:\/\/goias.gov.br\/policiacivil\/wp-json\/wp\/v2\/media?parent=149401"}],"wp:term":[{"taxonomy":"category","embeddable":true,"href":"https:\/\/goias.gov.br\/policiacivil\/wp-json\/wp\/v2\/categories?post=149401"},{"taxonomy":"post_tag","embeddable":true,"href":"https:\/\/goias.gov.br\/policiacivil\/wp-json\/wp\/v2\/tags?post=149401"}],"curies":[{"name":"wp","href":"https:\/\/api.w.org\/{rel}","templated":true}]}}