

{"id":148498,"date":"2025-08-07T16:02:47","date_gmt":"2025-08-07T19:02:47","guid":{"rendered":" https:\/\/goias.gov.br\/policiacivil\/?p=148498"},"modified":"2025-08-07T16:02:47","modified_gmt":"2025-08-07T19:02:47","slug":"pcgo-cumpre-mandado-de-prisao-preventiva-contra-investigado-por-violencia-domestica-e-trafico-em-formosa","status":"publish","type":"post","link":"https:\/\/goias.gov.br\/policiacivil\/pcgo-cumpre-mandado-de-prisao-preventiva-contra-investigado-por-violencia-domestica-e-trafico-em-formosa\/","title":{"rendered":"PCGO cumpre mandado de pris\u00e3o preventiva contra investigado por viol\u00eancia dom\u00e9stica e tr\u00e1fico em Formosa"},"content":{"rendered":"<p style=\"text-align: justify;\"><span style=\"font-weight: 400;\">A Pol\u00edcia Civil de Goi\u00e1s, por meio da 1\u00aa Delegacia Distrital de Pol\u00edcia de Formosa &#8211; 11\u00aa DRP, com o apoio da Pol\u00edcia Penal, deu cumprimento, na manh\u00e3 de hoje (07), a um mandado de pris\u00e3o preventiva e um mandado de busca e apreens\u00e3o domiciliar em desfavor de um investigado pelos crimes de les\u00e3o corporal e amea\u00e7a, no contexto de viol\u00eancia dom\u00e9stica, bem como tamb\u00e9m pelo tipo penal do Estatuto da Crian\u00e7a e do Adolescente.<\/span><\/p>\n<p style=\"text-align: justify;\"><span style=\"font-weight: 400;\">Segundo a v\u00edtima, ela havia terminado um relacionamento de tr\u00eas anos com o investigado tendo em vista reiteradas agress\u00f5es verbais e f\u00edsicas praticadas por ele. Alguns dias ap\u00f3s o t\u00e9rmino do relacionamento, a v\u00edtima foi at\u00e9 a resid\u00eancia do investigado, o qual encontra-se sob monitoramento eletr\u00f4nico, acompanhada da filha, com o objetivo de retirar alguns pertences dela e da crian\u00e7a. <\/span><span style=\"font-weight: 400;\">Na ocasi\u00e3o, o indiv\u00edduo trancou a porta, impedindo a sa\u00edda da v\u00edtima, oportunidade em que passou a agredi-la fisicamente com socos, chutes e murros, tentando asfixi\u00e1-la em seguida, tudo na presen\u00e7a da filha menor.\u00a0<\/span><\/p>\n<p style=\"text-align: justify;\"><span style=\"font-weight: 400;\">Ademais, a v\u00edtima informou que o investigado seria traficante de drogas e a coagia, sob amea\u00e7as de morte, a guardar e transportar drogas, motivo que levou o mesmo a ser monitorado eletronicamente. Ap\u00f3s os procedimentos de praxe, o indiv\u00edduo foi recolhido \u00e0 Unidade Prisional local, onde permanece \u00e0 disposi\u00e7\u00e3o do Poder Judici\u00e1rio.<\/span><\/p>\n<p>&nbsp;<\/p>\n<p><img fetchpriority=\"high\" decoding=\"async\" class=\"alignnone size-medium wp-image-148504\" src=\" https:\/\/goias.gov.br\/policiacivil\/wp-content\/uploads\/sites\/71\/2025\/08\/PCGO-cumpre-mandado-de-prisao-preventiva-contra-investigado-por-violencia-domestica-e-trafico-em-Formosa-400x500.jpg\" alt=\"PCGO cumpre mandado de pris\u00e3o preventiva contra investigado por viol\u00eancia dom\u00e9stica e tr\u00e1fico em Formosa\" width=\"400\" height=\"500\" srcset=\"https:\/\/goias.gov.br\/policiacivil\/wp-content\/uploads\/sites\/71\/2025\/08\/PCGO-cumpre-mandado-de-prisao-preventiva-contra-investigado-por-violencia-domestica-e-trafico-em-Formosa-400x500.jpg 400w, https:\/\/goias.gov.br\/policiacivil\/wp-content\/uploads\/sites\/71\/2025\/08\/PCGO-cumpre-mandado-de-prisao-preventiva-contra-investigado-por-violencia-domestica-e-trafico-em-Formosa-854x1068.jpg 854w, https:\/\/goias.gov.br\/policiacivil\/wp-content\/uploads\/sites\/71\/2025\/08\/PCGO-cumpre-mandado-de-prisao-preventiva-contra-investigado-por-violencia-domestica-e-trafico-em-Formosa-768x960.jpg 768w, https:\/\/goias.gov.br\/policiacivil\/wp-content\/uploads\/sites\/71\/2025\/08\/PCGO-cumpre-mandado-de-prisao-preventiva-contra-investigado-por-violencia-domestica-e-trafico-em-Formosa.jpg 960w\" sizes=\"(max-width: 400px) 100vw, 400px\" \/><\/p>\n","protected":false},"excerpt":{"rendered":"<p>A Pol\u00edcia Civil de Goi\u00e1s, por meio da 1\u00aa Delegacia Distrital de Pol\u00edcia de Formosa &#8211; 11\u00aa DRP, com o apoio da Pol\u00edcia Penal, deu cumprimento, na manh\u00e3 de hoje (07), a um mandado de pris\u00e3o preventiva e um mandado de busca e apreens\u00e3o domiciliar em desfavor de um investigado pelos crimes de les\u00e3o corporal [&hellip;]<\/p>\n","protected":false},"author":50,"featured_media":147957,"comment_status":"closed","ping_status":"closed","sticky":false,"template":"","format":"standard","meta":{"footnotes":""},"categories":[3198,2538,89,537],"tags":[2366,98,3600],"class_list":["post-148498","post","type-post","status-publish","format-standard","has-post-thumbnail","hentry","category-11a-regional","category-delegacias","category-regionais","category-ultimo-segundo","tag-11a-drp","tag-formosa","tag-violencia-domestica"],"rttpg_featured_image_url":{"full":["https:\/\/goias.gov.br\/policiacivil\/wp-content\/uploads\/sites\/71\/2025\/07\/Operacao-da-PCGO-e-PMGO-conjunta-leva-a-prisao-investigado-por-trafico-de-drogas-em-Jatai.jpeg",675,1200,false],"landscape":["https:\/\/goias.gov.br\/policiacivil\/wp-content\/uploads\/sites\/71\/2025\/07\/Operacao-da-PCGO-e-PMGO-conjunta-leva-a-prisao-investigado-por-trafico-de-drogas-em-Jatai.jpeg",675,1200,false],"portraits":["https:\/\/goias.gov.br\/policiacivil\/wp-content\/uploads\/sites\/71\/2025\/07\/Operacao-da-PCGO-e-PMGO-conjunta-leva-a-prisao-investigado-por-trafico-de-drogas-em-Jatai.jpeg",675,1200,false],"thumbnail":["https:\/\/goias.gov.br\/policiacivil\/wp-content\/uploads\/sites\/71\/2025\/07\/Operacao-da-PCGO-e-PMGO-conjunta-leva-a-prisao-investigado-por-trafico-de-drogas-em-Jatai-300x300.jpeg",150,150,true],"medium":["https:\/\/goias.gov.br\/policiacivil\/wp-content\/uploads\/sites\/71\/2025\/07\/Operacao-da-PCGO-e-PMGO-conjunta-leva-a-prisao-investigado-por-trafico-de-drogas-em-Jatai-281x500.jpeg",169,300,true],"large":["https:\/\/goias.gov.br\/policiacivil\/wp-content\/uploads\/sites\/71\/2025\/07\/Operacao-da-PCGO-e-PMGO-conjunta-leva-a-prisao-investigado-por-trafico-de-drogas-em-Jatai-601x1068.jpeg",576,1024,true],"1536x1536":["https:\/\/goias.gov.br\/policiacivil\/wp-content\/uploads\/sites\/71\/2025\/07\/Operacao-da-PCGO-e-PMGO-conjunta-leva-a-prisao-investigado-por-trafico-de-drogas-em-Jatai.jpeg",675,1200,false],"2048x2048":["https:\/\/goias.gov.br\/policiacivil\/wp-content\/uploads\/sites\/71\/2025\/07\/Operacao-da-PCGO-e-PMGO-conjunta-leva-a-prisao-investigado-por-trafico-de-drogas-em-Jatai.jpeg",675,1200,false]},"rttpg_author":{"display_name":"julianacpereira","author_link":"https:\/\/goias.gov.br\/policiacivil\/author\/julianacpereira\/"},"rttpg_comment":0,"rttpg_category":"<a href=\"https:\/\/goias.gov.br\/policiacivil\/categoria\/drp\/11a-regional\/\" rel=\"category tag\">11\u00aa Regional<\/a> <a href=\"https:\/\/goias.gov.br\/policiacivil\/categoria\/delegacias\/\" rel=\"category tag\">Delegacias<\/a> <a href=\"https:\/\/goias.gov.br\/policiacivil\/categoria\/delegacias\/regionais\/\" rel=\"category tag\">Regionais<\/a> <a href=\"https:\/\/goias.gov.br\/policiacivil\/categoria\/ultimo-segundo\/\" rel=\"category tag\">\u00daltimo Segundo<\/a>","rttpg_excerpt":"A Pol\u00edcia Civil de Goi\u00e1s, por meio da 1\u00aa Delegacia Distrital de Pol\u00edcia de Formosa &#8211; 11\u00aa DRP, com o apoio da Pol\u00edcia Penal, deu cumprimento, na manh\u00e3 de hoje (07), a um mandado de pris\u00e3o preventiva e um mandado de busca e apreens\u00e3o domiciliar em desfavor de um investigado pelos crimes de les\u00e3o corporal&hellip;","_links":{"self":[{"href":"https:\/\/goias.gov.br\/policiacivil\/wp-json\/wp\/v2\/posts\/148498","targetHints":{"allow":["GET"]}}],"collection":[{"href":"https:\/\/goias.gov.br\/policiacivil\/wp-json\/wp\/v2\/posts"}],"about":[{"href":"https:\/\/goias.gov.br\/policiacivil\/wp-json\/wp\/v2\/types\/post"}],"author":[{"embeddable":true,"href":"https:\/\/goias.gov.br\/policiacivil\/wp-json\/wp\/v2\/users\/50"}],"replies":[{"embeddable":true,"href":"https:\/\/goias.gov.br\/policiacivil\/wp-json\/wp\/v2\/comments?post=148498"}],"version-history":[{"count":3,"href":"https:\/\/goias.gov.br\/policiacivil\/wp-json\/wp\/v2\/posts\/148498\/revisions"}],"predecessor-version":[{"id":148505,"href":"https:\/\/goias.gov.br\/policiacivil\/wp-json\/wp\/v2\/posts\/148498\/revisions\/148505"}],"wp:featuredmedia":[{"embeddable":true,"href":"https:\/\/goias.gov.br\/policiacivil\/wp-json\/wp\/v2\/media\/147957"}],"wp:attachment":[{"href":"https:\/\/goias.gov.br\/policiacivil\/wp-json\/wp\/v2\/media?parent=148498"}],"wp:term":[{"taxonomy":"category","embeddable":true,"href":"https:\/\/goias.gov.br\/policiacivil\/wp-json\/wp\/v2\/categories?post=148498"},{"taxonomy":"post_tag","embeddable":true,"href":"https:\/\/goias.gov.br\/policiacivil\/wp-json\/wp\/v2\/tags?post=148498"}],"curies":[{"name":"wp","href":"https:\/\/api.w.org\/{rel}","templated":true}]}}