

{"id":146001,"date":"2025-06-09T17:50:58","date_gmt":"2025-06-09T20:50:58","guid":{"rendered":" https:\/\/goias.gov.br\/policiacivil\/?p=146001"},"modified":"2025-06-09T17:50:58","modified_gmt":"2025-06-09T20:50:58","slug":"policia-civil-conclui-atendimento-aos-cidadaos-goianienses-durante-o-arraia-do-bem","status":"publish","type":"post","link":"https:\/\/goias.gov.br\/policiacivil\/policia-civil-conclui-atendimento-aos-cidadaos-goianienses-durante-o-arraia-do-bem\/","title":{"rendered":"Pol\u00edcia Civil conclui atendimento aos cidad\u00e3os goianienses durante o &#8220;Arrai\u00e1 do Bem&#8221;"},"content":{"rendered":"<p style=\"text-align: justify;\">A Pol\u00edcia Civil de Goi\u00e1s, por meio da 1\u00aa Delegacia Regional de Goi\u00e2nia, esteve presente no evento &#8220;Arrai\u00e1 do Bem&#8221;, promovido pelo Governo do Estado de Goi\u00e1s\/Goi\u00e1s Social.\u00a0Durante a festividade, foram oferecidos \u00e0 popula\u00e7\u00e3o atendimentos para registro de ocorr\u00eancias policiais, bem como orienta\u00e7\u00f5es e suporte aos cidad\u00e3os.\u00a0Equipes de policiais civis foram escaladas e contribu\u00edram significativamente para o sucesso do evento, que registrou, durante os tr\u00eas dias, apenas 12 ocorr\u00eancias de furto de celular e outros objetos.\u00a0A Pol\u00edcia Civil de Goi\u00e1s reafirma, com esta a\u00e7\u00e3o, seu compromisso com a sociedade, pautando-se na proximidade com a comunidade e na promo\u00e7\u00e3o da seguran\u00e7a p\u00fablica. Al\u00e9m de promover um efetivo combate \u00e0 criminalidade em grandes eventos.<\/p>\n<p>&nbsp;<\/p>\n<div id='gallery-1' class='gallery galleryid-146001 gallery-columns-2 gallery-size-thumbnail'><figure class='gallery-item'>\n\t\t\t<div class='gallery-icon portrait'>\n\t\t\t\t<a href='https:\/\/goias.gov.br\/policiacivil\/wp-content\/uploads\/sites\/71\/2025\/06\/unnamed-file.jpeg'><img decoding=\"async\" width=\"150\" height=\"150\" src=\"https:\/\/goias.gov.br\/policiacivil\/wp-content\/uploads\/sites\/71\/2025\/06\/unnamed-file-300x300.jpeg\" class=\"attachment-thumbnail size-thumbnail\" alt=\".jpeg\" \/><\/a>\n\t\t\t<\/div><\/figure><figure class='gallery-item'>\n\t\t\t<div class='gallery-icon portrait'>\n\t\t\t\t<a href='https:\/\/goias.gov.br\/policiacivil\/wp-content\/uploads\/sites\/71\/2025\/06\/unnamed-file-1.jpeg'><img decoding=\"async\" width=\"150\" height=\"150\" src=\"https:\/\/goias.gov.br\/policiacivil\/wp-content\/uploads\/sites\/71\/2025\/06\/unnamed-file-1-300x300.jpeg\" class=\"attachment-thumbnail size-thumbnail\" alt=\".jpeg\" \/><\/a>\n\t\t\t<\/div><\/figure>\n\t\t<\/div>\n\n","protected":false},"excerpt":{"rendered":"<p>A Pol\u00edcia Civil de Goi\u00e1s, por meio da 1\u00aa Delegacia Regional de Goi\u00e2nia, esteve presente no evento &#8220;Arrai\u00e1 do Bem&#8221;, promovido pelo Governo do Estado de Goi\u00e1s\/Goi\u00e1s Social.\u00a0Durante a festividade, foram oferecidos \u00e0 popula\u00e7\u00e3o atendimentos para registro de ocorr\u00eancias policiais, bem como orienta\u00e7\u00f5es e suporte aos cidad\u00e3os.\u00a0Equipes de policiais civis foram escaladas e contribu\u00edram significativamente [&hellip;]<\/p>\n","protected":false},"author":34,"featured_media":146003,"comment_status":"closed","ping_status":"closed","sticky":false,"template":"","format":"standard","meta":{"footnotes":""},"categories":[3188,2538,6069,89],"tags":[11128],"class_list":["post-146001","post","type-post","status-publish","format-standard","has-post-thumbnail","hentry","category-1a-regional","category-delegacias","category-noticias-da-policia-civil","category-regionais","tag-arraia-do-bem"],"rttpg_featured_image_url":{"full":["https:\/\/goias.gov.br\/policiacivil\/wp-content\/uploads\/sites\/71\/2025\/06\/unnamed-file-1.jpeg",900,1200,false],"landscape":["https:\/\/goias.gov.br\/policiacivil\/wp-content\/uploads\/sites\/71\/2025\/06\/unnamed-file-1.jpeg",900,1200,false],"portraits":["https:\/\/goias.gov.br\/policiacivil\/wp-content\/uploads\/sites\/71\/2025\/06\/unnamed-file-1.jpeg",900,1200,false],"thumbnail":["https:\/\/goias.gov.br\/policiacivil\/wp-content\/uploads\/sites\/71\/2025\/06\/unnamed-file-1-300x300.jpeg",150,150,true],"medium":["https:\/\/goias.gov.br\/policiacivil\/wp-content\/uploads\/sites\/71\/2025\/06\/unnamed-file-1-375x500.jpeg",225,300,true],"large":["https:\/\/goias.gov.br\/policiacivil\/wp-content\/uploads\/sites\/71\/2025\/06\/unnamed-file-1-801x1068.jpeg",768,1024,true],"1536x1536":["https:\/\/goias.gov.br\/policiacivil\/wp-content\/uploads\/sites\/71\/2025\/06\/unnamed-file-1.jpeg",900,1200,false],"2048x2048":["https:\/\/goias.gov.br\/policiacivil\/wp-content\/uploads\/sites\/71\/2025\/06\/unnamed-file-1.jpeg",900,1200,false]},"rttpg_author":{"display_name":"celsoassis","author_link":"https:\/\/goias.gov.br\/policiacivil\/author\/celsoassis\/"},"rttpg_comment":0,"rttpg_category":"<a href=\"https:\/\/goias.gov.br\/policiacivil\/categoria\/drp\/1a-regional\/\" rel=\"category tag\">1\u00aa Regional<\/a> <a href=\"https:\/\/goias.gov.br\/policiacivil\/categoria\/delegacias\/\" rel=\"category tag\">Delegacias<\/a> <a href=\"https:\/\/goias.gov.br\/policiacivil\/categoria\/noticias\/noticias-da-policia-civil\/\" rel=\"category tag\">Not\u00edcias da Pol\u00edcia Civil<\/a> <a href=\"https:\/\/goias.gov.br\/policiacivil\/categoria\/delegacias\/regionais\/\" rel=\"category tag\">Regionais<\/a>","rttpg_excerpt":"A Pol\u00edcia Civil de Goi\u00e1s, por meio da 1\u00aa Delegacia Regional de Goi\u00e2nia, esteve presente no evento &#8220;Arrai\u00e1 do Bem&#8221;, promovido pelo Governo do Estado de Goi\u00e1s\/Goi\u00e1s Social.\u00a0Durante a festividade, foram oferecidos \u00e0 popula\u00e7\u00e3o atendimentos para registro de ocorr\u00eancias policiais, bem como orienta\u00e7\u00f5es e suporte aos cidad\u00e3os.\u00a0Equipes de policiais civis foram escaladas e contribu\u00edram significativamente&hellip;","_links":{"self":[{"href":"https:\/\/goias.gov.br\/policiacivil\/wp-json\/wp\/v2\/posts\/146001","targetHints":{"allow":["GET"]}}],"collection":[{"href":"https:\/\/goias.gov.br\/policiacivil\/wp-json\/wp\/v2\/posts"}],"about":[{"href":"https:\/\/goias.gov.br\/policiacivil\/wp-json\/wp\/v2\/types\/post"}],"author":[{"embeddable":true,"href":"https:\/\/goias.gov.br\/policiacivil\/wp-json\/wp\/v2\/users\/34"}],"replies":[{"embeddable":true,"href":"https:\/\/goias.gov.br\/policiacivil\/wp-json\/wp\/v2\/comments?post=146001"}],"version-history":[{"count":1,"href":"https:\/\/goias.gov.br\/policiacivil\/wp-json\/wp\/v2\/posts\/146001\/revisions"}],"predecessor-version":[{"id":146004,"href":"https:\/\/goias.gov.br\/policiacivil\/wp-json\/wp\/v2\/posts\/146001\/revisions\/146004"}],"wp:featuredmedia":[{"embeddable":true,"href":"https:\/\/goias.gov.br\/policiacivil\/wp-json\/wp\/v2\/media\/146003"}],"wp:attachment":[{"href":"https:\/\/goias.gov.br\/policiacivil\/wp-json\/wp\/v2\/media?parent=146001"}],"wp:term":[{"taxonomy":"category","embeddable":true,"href":"https:\/\/goias.gov.br\/policiacivil\/wp-json\/wp\/v2\/categories?post=146001"},{"taxonomy":"post_tag","embeddable":true,"href":"https:\/\/goias.gov.br\/policiacivil\/wp-json\/wp\/v2\/tags?post=146001"}],"curies":[{"name":"wp","href":"https:\/\/api.w.org\/{rel}","templated":true}]}}