{"id":144835,"date":"2025-05-13T10:57:31","date_gmt":"2025-05-13T13:57:31","guid":{"rendered":" https:\/\/goias.gov.br\/policiacivil\/?p=144835"},"modified":"2025-05-13T10:57:31","modified_gmt":"2025-05-13T13:57:31","slug":"pcgo-prende-segundo-suspeito-de-serie-de-assaltos-contra-mulheres-em-goiania","status":"publish","type":"post","link":"https:\/\/goias.gov.br\/policiacivil\/pcgo-prende-segundo-suspeito-de-serie-de-assaltos-contra-mulheres-em-goiania\/","title":{"rendered":"PCGO prende segundo suspeito de s\u00e9rie de assaltos contra mulheres em Goi\u00e2nia"},"content":{"rendered":"<p class=\"\" style=\"text-align: justify;\" data-start=\"68\" data-end=\"350\"><img fetchpriority=\"high\" decoding=\"async\" class=\"size-medium wp-image-144844 alignleft\" src=\" https:\/\/goias.gov.br\/policiacivil\/wp-content\/uploads\/sites\/71\/2025\/05\/PCGO-prende-segundo-suspeito-de-serie-de-assaltos-contra-mulheres-em-Goiania-400x500.jpg\" alt=\"PCGO prende segundo suspeito de s\u00e9rie de assaltos contra mulheres em Goi\u00e2nia\" width=\"400\" height=\"500\" srcset=\"https:\/\/goias.gov.br\/policiacivil\/wp-content\/uploads\/sites\/71\/2025\/05\/PCGO-prende-segundo-suspeito-de-serie-de-assaltos-contra-mulheres-em-Goiania-400x500.jpg 400w, https:\/\/goias.gov.br\/policiacivil\/wp-content\/uploads\/sites\/71\/2025\/05\/PCGO-prende-segundo-suspeito-de-serie-de-assaltos-contra-mulheres-em-Goiania-854x1068.jpg 854w, https:\/\/goias.gov.br\/policiacivil\/wp-content\/uploads\/sites\/71\/2025\/05\/PCGO-prende-segundo-suspeito-de-serie-de-assaltos-contra-mulheres-em-Goiania-768x960.jpg 768w, https:\/\/goias.gov.br\/policiacivil\/wp-content\/uploads\/sites\/71\/2025\/05\/PCGO-prende-segundo-suspeito-de-serie-de-assaltos-contra-mulheres-em-Goiania.jpg 960w\" sizes=\"(max-width: 400px) 100vw, 400px\" \/>A Pol\u00edcia Civil de Goi\u00e1s, por meio da Delegacia de Furtos e Roubos de Ve\u00edculos (DERFRVA) e do Grupo Especial de Investiga\u00e7\u00e3o Criminal de Catal\u00e3o (GEIC\/9\u00aa DRP), prendeu, nesta segunda-feira (12), em Catal\u00e3o, um homem de 36 anos investigado por roubo qualificado na cidade de Goi\u00e2nia.<\/p>\n<p class=\"\" style=\"text-align: justify;\" data-start=\"352\" data-end=\"779\">A DERFRVA apura uma s\u00e9rie de cinco assaltos ocorridos na capital no segundo semestre de 2024. Todos os crimes foram praticados \u00e0 m\u00e3o armada e tinham como v\u00edtimas mulheres em situa\u00e7\u00e3o de vulnerabilidade, seja pelo local ou pelo hor\u00e1rio em que se encontravam. Os assaltos foram cometidos por dois indiv\u00edduos, ambos j\u00e1 identificados pela unidade especializada. Um deles, de 21 anos, foi preso anteriormente pela equipe da DERFRVA.<\/p>\n<p class=\"\" style=\"text-align: justify;\" data-start=\"781\" data-end=\"1141\">Com o avan\u00e7o das investiga\u00e7\u00f5es, o comparsa de 36 anos tamb\u00e9m foi identificado, mas fugiu. Desde ent\u00e3o, diversas dilig\u00eancias foram realizadas para localiz\u00e1-lo. Nesta segunda-feira (12), ap\u00f3s troca de informa\u00e7\u00f5es entre as equipes, o suspeito foi capturado em Catal\u00e3o pelo GEIC. Na ocasi\u00e3o, foram cumpridos dois mandados de pris\u00e3o preventiva expedidos contra ele.<\/p>\n","protected":false},"excerpt":{"rendered":"<p>A Pol\u00edcia Civil de Goi\u00e1s, por meio da Delegacia de Furtos e Roubos de Ve\u00edculos (DERFRVA) e do Grupo Especial de Investiga\u00e7\u00e3o Criminal de Catal\u00e3o (GEIC\/9\u00aa DRP), prendeu, nesta segunda-feira (12), em Catal\u00e3o, um homem de 36 anos investigado por roubo qualificado na cidade de Goi\u00e2nia. A DERFRVA apura uma s\u00e9rie de cinco assaltos ocorridos [&hellip;]<\/p>\n","protected":false},"author":50,"featured_media":144845,"comment_status":"closed","ping_status":"closed","sticky":false,"template":"","format":"standard","meta":{"footnotes":""},"categories":[2538,92,537],"tags":[710],"class_list":["post-144835","post","type-post","status-publish","format-standard","has-post-thumbnail","hentry","category-delegacias","category-especializadas","category-ultimo-segundo","tag-derfrva"],"rttpg_featured_image_url":{"full":["https:\/\/goias.gov.br\/policiacivil\/wp-content\/uploads\/sites\/71\/2025\/05\/PCGO-prende-segundo-suspeito-de-serie-de-assaltos-contra-mulheres-em-Goiania.png",1200,675,false],"landscape":["https:\/\/goias.gov.br\/policiacivil\/wp-content\/uploads\/sites\/71\/2025\/05\/PCGO-prende-segundo-suspeito-de-serie-de-assaltos-contra-mulheres-em-Goiania.png",1200,675,false],"portraits":["https:\/\/goias.gov.br\/policiacivil\/wp-content\/uploads\/sites\/71\/2025\/05\/PCGO-prende-segundo-suspeito-de-serie-de-assaltos-contra-mulheres-em-Goiania.png",1200,675,false],"thumbnail":["https:\/\/goias.gov.br\/policiacivil\/wp-content\/uploads\/sites\/71\/2025\/05\/PCGO-prende-segundo-suspeito-de-serie-de-assaltos-contra-mulheres-em-Goiania-300x300.png",150,150,true],"medium":["https:\/\/goias.gov.br\/policiacivil\/wp-content\/uploads\/sites\/71\/2025\/05\/PCGO-prende-segundo-suspeito-de-serie-de-assaltos-contra-mulheres-em-Goiania-500x281.png",300,169,true],"large":["https:\/\/goias.gov.br\/policiacivil\/wp-content\/uploads\/sites\/71\/2025\/05\/PCGO-prende-segundo-suspeito-de-serie-de-assaltos-contra-mulheres-em-Goiania-1068x601.png",1024,576,true],"1536x1536":["https:\/\/goias.gov.br\/policiacivil\/wp-content\/uploads\/sites\/71\/2025\/05\/PCGO-prende-segundo-suspeito-de-serie-de-assaltos-contra-mulheres-em-Goiania.png",1200,675,false],"2048x2048":["https:\/\/goias.gov.br\/policiacivil\/wp-content\/uploads\/sites\/71\/2025\/05\/PCGO-prende-segundo-suspeito-de-serie-de-assaltos-contra-mulheres-em-Goiania.png",1200,675,false]},"rttpg_author":{"display_name":"julianacpereira","author_link":"https:\/\/goias.gov.br\/policiacivil\/author\/julianacpereira\/"},"rttpg_comment":0,"rttpg_category":"<a href=\"https:\/\/goias.gov.br\/policiacivil\/categoria\/delegacias\/\" rel=\"category tag\">Delegacias<\/a> <a href=\"https:\/\/goias.gov.br\/policiacivil\/categoria\/delegacias\/especializadas\/\" rel=\"category tag\">Especializadas<\/a> <a href=\"https:\/\/goias.gov.br\/policiacivil\/categoria\/ultimo-segundo\/\" rel=\"category tag\">\u00daltimo Segundo<\/a>","rttpg_excerpt":"A Pol\u00edcia Civil de Goi\u00e1s, por meio da Delegacia de Furtos e Roubos de Ve\u00edculos (DERFRVA) e do Grupo Especial de Investiga\u00e7\u00e3o Criminal de Catal\u00e3o (GEIC\/9\u00aa DRP), prendeu, nesta segunda-feira (12), em Catal\u00e3o, um homem de 36 anos investigado por roubo qualificado na cidade de Goi\u00e2nia. A DERFRVA apura uma s\u00e9rie de cinco assaltos ocorridos&hellip;","_links":{"self":[{"href":"https:\/\/goias.gov.br\/policiacivil\/wp-json\/wp\/v2\/posts\/144835","targetHints":{"allow":["GET"]}}],"collection":[{"href":"https:\/\/goias.gov.br\/policiacivil\/wp-json\/wp\/v2\/posts"}],"about":[{"href":"https:\/\/goias.gov.br\/policiacivil\/wp-json\/wp\/v2\/types\/post"}],"author":[{"embeddable":true,"href":"https:\/\/goias.gov.br\/policiacivil\/wp-json\/wp\/v2\/users\/50"}],"replies":[{"embeddable":true,"href":"https:\/\/goias.gov.br\/policiacivil\/wp-json\/wp\/v2\/comments?post=144835"}],"version-history":[{"count":3,"href":"https:\/\/goias.gov.br\/policiacivil\/wp-json\/wp\/v2\/posts\/144835\/revisions"}],"predecessor-version":[{"id":144846,"href":"https:\/\/goias.gov.br\/policiacivil\/wp-json\/wp\/v2\/posts\/144835\/revisions\/144846"}],"wp:featuredmedia":[{"embeddable":true,"href":"https:\/\/goias.gov.br\/policiacivil\/wp-json\/wp\/v2\/media\/144845"}],"wp:attachment":[{"href":"https:\/\/goias.gov.br\/policiacivil\/wp-json\/wp\/v2\/media?parent=144835"}],"wp:term":[{"taxonomy":"category","embeddable":true,"href":"https:\/\/goias.gov.br\/policiacivil\/wp-json\/wp\/v2\/categories?post=144835"},{"taxonomy":"post_tag","embeddable":true,"href":"https:\/\/goias.gov.br\/policiacivil\/wp-json\/wp\/v2\/tags?post=144835"}],"curies":[{"name":"wp","href":"https:\/\/api.w.org\/{rel}","templated":true}]}}